{"id":14428,"date":"2017-09-26T10:29:17","date_gmt":"2017-09-26T10:29:17","guid":{"rendered":"http:\/\/granadacostanacional.es\/?p=14428"},"modified":"2017-09-26T10:29:17","modified_gmt":"2017-09-26T10:29:17","slug":"homenaje-a-la-faraona-de-granada-costa","status":"publish","type":"post","link":"https:\/\/granadacostaglobal.es\/?p=14428","title":{"rendered":"Homenaje a LA FARAONA de Granada Costa"},"content":{"rendered":"<h3 style=\"text-align: justify;\">El pasado d\u00eda 23 de septiembre de 2017 en el restaurante El Trasmayo de Salobre\u00f1a, se dieron cita 42 personas de diferentes localidades de Espa\u00f1a (Mallorca, Barcelona, M\u00e1laga, Ja\u00e9n, Madrid y Granada) para homenajear a la que consideraron LA FARAONA del Proyecto Nacional de Cultura Granada Costa. El homenaje consisti\u00f3 en la edici\u00f3n de un libro, con las medidas de 17 x 24 cm y 356 p\u00e1ginas a color, que recoge la huella que ha dejado dentro del Proyecto Nacional de Cultura Granada Costa.<\/h3>\n<p style=\"text-align: justify;\">El lugar elegido fue la villa de Salobre\u00f1a, en el restaurante El Trasmayo en un comedor coqueto y agradable con un servicio que tuvimos inmejorable, y una comida de alta calidad.<\/p>\n<p style=\"text-align: justify;\">La Doctora To\u00f1y Castillo, directora adjunta para Catalu\u00f1a del <strong>Proyecto Nacional de Cultura Granada Costa<\/strong> fue la encargada de la presentaci\u00f3n, con la colaboraci\u00f3n especial de Abd\u00f3n y Carlos \u00c1lvaro, con un montaje a lo grande, ya que se instal\u00f3 una pantalla de grandes dimensiones, equipo de sonido, conexi\u00f3n a internet, etc\u2026<\/p>\n<p style=\"text-align: justify;\"><a href=\"http:\/\/granadacostanacional.es\/wp-content\/uploads\/2017\/09\/IMG_3885.jpg\"><img decoding=\"async\" loading=\"lazy\" class=\"alignnone wp-image-14430\" src=\"http:\/\/granadacostanacional.es\/wp-content\/uploads\/2017\/09\/IMG_3885-300x200.jpg\" alt=\"IMG_3885\" width=\"282\" height=\"188\" \/><\/a>\u00a0\u00a0<a href=\"http:\/\/granadacostanacional.es\/wp-content\/uploads\/2017\/09\/IMG_3917.jpg\"><img decoding=\"async\" loading=\"lazy\" class=\"alignnone wp-image-14431\" src=\"http:\/\/granadacostanacional.es\/wp-content\/uploads\/2017\/09\/IMG_3917-300x200.jpg\" alt=\"IMG_3917\" width=\"281\" height=\"187\" \/><\/a><\/p>\n<p style=\"text-align: justify;\"><em>\u00a0 \u00a0 \u00a0 \u00a0 \u00a0 \u00a0 \u00a0 \u00a0 \u00a0 \u00a0 \u00a0 \u00a0 Momentos de la presentaci\u00f3n del libro por To\u00f1y Castillo<\/em><\/p>\n<p style=\"text-align: justify;\">Mientras que To\u00f1y iba desgranando paso a paso las p\u00e1ginas del libro \u201c<strong>Broche de Oro a una carrera art\u00edstica Inmaculada Rej\u00f3n<\/strong>\u201d de fondo se escuchaba la dulzura de la voz de Inmaculada.<\/p>\n<figure id=\"attachment_14448\" aria-describedby=\"caption-attachment-14448\" style=\"width: 398px\" class=\"wp-caption alignnone\"><a href=\"http:\/\/granadacostanacional.es\/wp-content\/uploads\/2017\/09\/IMG_3906.jpg\"><img decoding=\"async\" loading=\"lazy\" class=\"wp-image-14448\" src=\"http:\/\/granadacostanacional.es\/wp-content\/uploads\/2017\/09\/IMG_3906-300x168.jpg\" alt=\"IMG_3906\" width=\"398\" height=\"223\" \/><\/a><figcaption id=\"caption-attachment-14448\" class=\"wp-caption-text\"><em>Abd\u00f3n y Carlos Alvaro<\/em><\/figcaption><\/figure>\n<p style=\"text-align: justify;\">Tras la maravillosa presentaci\u00f3n de To\u00f1y le dio la palabra a Jos\u00e9 Segura que aparte de algunas bromas sobre el amor plat\u00f3nico de Inmaculada, en la persona de D. Juli\u00e1n D\u00edaz Robledo tras la cual Don Juli\u00e1n contest\u00f3 \u201c<em>\u00a1Hab\u00e9rmelo dicho, yo no sab\u00eda nada<\/em>!\u201d, desgran\u00f3 paso a paso como conoci\u00f3 a Inmaculada hasta el d\u00eda de hoy.<\/p>\n<figure id=\"attachment_14436\" aria-describedby=\"caption-attachment-14436\" style=\"width: 497px\" class=\"wp-caption alignnone\"><a href=\"http:\/\/granadacostanacional.es\/wp-content\/uploads\/2017\/09\/IMG_3920.jpg\"><img decoding=\"async\" loading=\"lazy\" class=\"wp-image-14436\" src=\"http:\/\/granadacostanacional.es\/wp-content\/uploads\/2017\/09\/IMG_3920-300x167.jpg\" alt=\"IMG_3920\" width=\"497\" height=\"277\" \/><\/a><figcaption id=\"caption-attachment-14436\" class=\"wp-caption-text\"><em>Jos\u00e9 Segura durante su intervenci\u00f3n<\/em><\/figcaption><\/figure>\n<p style=\"text-align: justify;\"><strong>BROCHE DE ORO A UNA CARRERA ART\u00cdSTICA INMACULADA REJ\u00d3N<\/strong><\/p>\n<p style=\"text-align: justify;\">Conoc\u00ed en 2002, de la mano del escritor V\u00edctor Corcoba, a Inmaculada Rej\u00f3n, una mujer con semblante serio y preocupado, pero al mismo tiempo con ganas de vivir y hacer aquello para lo que hab\u00eda nacido: Cantar. En esos d\u00edas estaba preparando la entrega de los galardones Granada Costa, que se iban a celebrar en el auditorio Manuel de Falla. Nada m\u00e1s terminar el caf\u00e9 y la peque\u00f1a conversaci\u00f3n que hab\u00edamos mantenido entre V\u00edctor, Inma y yo, les sorprend\u00ed a los dos diciendo que ella ser\u00eda la artista invitada en la entrega de los premios Granada Costa en el Manuel de Falla. Sus ojos y su mirada cantaban la felicidad que en aquel momento corr\u00edan entre sus venas, pues ser\u00eda el primer y m\u00e1s grande de los espect\u00e1culos que ella hab\u00eda pensado para darse a conocer en su faceta art\u00edstica.<\/p>\n<p style=\"text-align: justify;\">Inmaculada Rej\u00f3n nace en C\u00e1jar en el seno de una familia humilde, muy trabajadora y tiene una ni\u00f1ez compartida entre un 50 % de felicidad y otro 50 % que era parte de lo que le ocurr\u00eda a los ni\u00f1os de aquella \u00e9poca, cuando est\u00e1bamos acabando de salir de un pa\u00eds en la miseria.<\/p>\n<p style=\"text-align: justify;\">A una edad temprana, Inmaculada emprende una nueva vida en la que tambi\u00e9n podemos decir que tiene un 50 % de felicidad y otro 50 % de desdicha. Del primer cincuenta por ciento, podemos destacar el nacimiento de sus cuatro hijos, dos chicos y dos chicas. Del otro cincuenta por ciento podemos destacar un verdadero fracaso y divorcio.<\/p>\n<p style=\"text-align: justify;\">Tambi\u00e9n podemos resaltar, despu\u00e9s de su separaci\u00f3n, dos facetas muy importantes de su vida como es la mujer luchadora que saca a su familia adelante, sin contar para nada con la colaboraci\u00f3n de su expareja. En ese momento recobra la felicidad pues es una mujer que trabaja cosiendo, planchando, asistiendo en los restaurantes, sobre todo en las bodas y bautizos que era donde m\u00e1s reclamo hab\u00eda. Ella aprovechaba esos momentos para, con el animador de las fiestas, interpretar alguno de sus cantes basados mayormente en la copla y algo de flamenco.<\/p>\n<p style=\"text-align: justify;\">Por esas fechas volvi\u00f3 a enamorarse. Si en la primera ocasi\u00f3n, su pareja era quince a\u00f1os mayor que ella, ahora la situaci\u00f3n era en parte al rev\u00e9s, pero lo que durante un tiempo fue una locura de amor, se termin\u00f3 igual que empez\u00f3.<\/p>\n<p style=\"text-align: justify;\">Inmaculada siempre tiene sus hijos y su trabajo por bandera y ha logrado con sus esfuerzos una buena educaci\u00f3n y un hogar estable tanto para ella como para sus hijos.<\/p>\n<p style=\"text-align: justify;\">Granada Costa, a\u00f1o 2002. Fue tal el \u00e9xito de su presentaci\u00f3n en el Manuel de Falla, donde actu\u00f3 ella acompa\u00f1ada de las chicas de la Escuela de Baile Marich\u00fa, que se ilusion\u00f3 tanto que a partir de esa fecha podemos decir que ha sido parte fundamental para el desarrollo cultural del Proyecto Nacional de Cultura Granada Costa en toda la geograf\u00eda espa\u00f1ola, y sobre todo en la gran mayor\u00eda de pueblos de la provincia de Granada que este Proyecto ha visitado en estos \u00faltimos 15 a\u00f1os, acompa\u00f1ado en un 90 % de las ocasiones por la persona y la voz inigualables de Inmaculada Rej\u00f3n.<\/p>\n<p style=\"text-align: justify;\">Inma ha cantado en iglesias, en exposiciones de pintura, en grandes teatros, en presentaciones de libros, en recitales po\u00e9ticos, como las p\u00e1ginas de este libro Broche de Oro a una carrera art\u00edstica lo van describiendo p\u00e1gina por p\u00e1gina.<\/p>\n<p style=\"text-align: justify;\">Ha editado en estos a\u00f1os los discos Del sue\u00f1o a la realidad, El Color del Alma, Pasodobles, Del sentimiento a la Voz y el libro-disco Entre Pueblos y Cantares. Est\u00e1 incluida en el circuito de Diputaci\u00f3n para cantantes, con lo cual durante al a\u00f1o tiene diversos contratos para actuar en pueblos de la provincia. Es requerida por parte de los artistas de Granada Costa para que les acompa\u00f1e en sus actuaciones, como ha sido en la sala Luz de Gas en Barcelona con el Grupo Inquietudes o en diferentes teatros de Mallorca con el rapsoda Antonio Bonet San Cler.<\/p>\n<p style=\"text-align: justify;\">Siendo el papel m\u00e1s importante dentro de Granada Costa en los Circuitos Culturales, pues sin ella no se entender\u00eda la labor de estos circuitos. Para m\u00ed, considerada como mi hermana, en este libro le pretendo rendir el mayor de los Homenajes y agradecimiento que se le puede tener a una persona tan entra\u00f1able como es nuestra ni\u00f1a traviesa Inmaculada Rej\u00f3n.<\/p>\n<p style=\"text-align: right;\">Jos\u00e9 Segura Haro<\/p>\n<p style=\"text-align: right;\">Presidente Del Proyecto Nacional de Cultura Granada Costa<\/p>\n<p style=\"text-align: justify;\">Finalizada la intervenci\u00f3n de Jos\u00e9 Segura, le entreg\u00f3 una distinci\u00f3n a inmaculada para que recordase este d\u00eda a trav\u00e9s de un diploma y un regalo que hab\u00eda llegado desde Valencia de Do\u00f1a Carmen Carrasco Ramos que al abrir el paquete se encontr\u00f3 un abanico de fabricaci\u00f3n artesanal con su nombre grabado en el centro.<\/p>\n<p style=\"text-align: justify;\"><a href=\"http:\/\/granadacostanacional.es\/wp-content\/uploads\/2017\/09\/IMG_3926.jpg\"><img decoding=\"async\" loading=\"lazy\" class=\"alignnone wp-image-14437\" src=\"http:\/\/granadacostanacional.es\/wp-content\/uploads\/2017\/09\/IMG_3926-300x177.jpg\" alt=\"IMG_3926\" width=\"355\" height=\"210\" \/><\/a>\u00a0<a href=\"http:\/\/granadacostanacional.es\/wp-content\/uploads\/2017\/09\/IMG_3948.jpg\"><img decoding=\"async\" loading=\"lazy\" class=\"alignnone wp-image-14438\" src=\"http:\/\/granadacostanacional.es\/wp-content\/uploads\/2017\/09\/IMG_3948-209x300.jpg\" alt=\"IMG_3948\" width=\"239\" height=\"343\" \/><\/a><\/p>\n<p style=\"text-align: justify;\"><em>Jos\u00e9 Segura entregando a Inmaculada Rej\u00f3n el diploma y el regalo de Carmen Carrasco Ramos<\/em><\/p>\n<p style=\"text-align: justify;\">Inmaculada muy euf\u00f3rica ley\u00f3 la carta y el poema que acompa\u00f1aba el paquete:<\/p>\n<p style=\"text-align: justify;\"><strong>DEL SUE\u00d1O A LA REALIDAD<\/strong><\/p>\n<p style=\"text-align: justify;\">\u00a0\u00a0\u00a0\u00a0\u00a0\u00a0\u00a0\u00a0\u00a0 \u00c9rase que se era, hace alg\u00fan tiempo, un pueblecito peque\u00f1o, tan peque\u00f1o que no hab\u00eda otro como \u00e9l en el bello reino de Granada. Peque\u00f1o, s\u00ed, pero situado en un lugar privilegiado alto, muy alto, al pie de Sierra Nevada, para poder as\u00ed divisar los bellos paisajes que a su alrededor se extend\u00edan y, de paso, sentirse importante. \u00a1Faltaba m\u00e1s!<\/p>\n<p style=\"text-align: justify;\">\u00a0\u00a0\u00a0\u00a0\u00a0\u00a0\u00a0\u00a0\u00a0 Este pueblecito se llamaba C\u00e1jar y sus habitantes viv\u00edan felices trabajando laboriosos sus campos, celebrando alegres las fiestas de su patr\u00f3n San Francisco y amparados por el manto generoso de la Virgen de los Dolores.<\/p>\n<p style=\"text-align: justify;\">\u00a0\u00a0\u00a0\u00a0\u00a0\u00a0\u00a0\u00a0\u00a0 Y all\u00ed, en una de sus casitas viv\u00eda una hermosa ni\u00f1a de ojos claros y so\u00f1adores que, amante de su familia, ayudaba a su querida madre en cuanto pod\u00eda, cuidaba de su hermanito peque\u00f1o, mientras o\u00eda atenta los cuentos que le contaba su abuelita Mamach\u00f3n\u2026 y cantaba. Cantaba como un ruise\u00f1or a todas horas pues era muy feliz y Dios la hab\u00eda dotado con una voz privilegiada para entonar bellas canciones que hac\u00edan las delicias de quienes la escuchaban.<\/p>\n<p style=\"text-align: justify;\">\u00a0\u00a0\u00a0\u00a0\u00a0\u00a0\u00a0\u00a0\u00a0 Todas las noches se asomaba a la ventana y mirando al cielo le ped\u00eda a su estrella le concediera el deseo que secretamente guardaba en su coraz\u00f3n: Ser una cantante famosa. Que su voz, aquella garganta con cuerdas de guitarra, se escuchara m\u00e1s y m\u00e1s all\u00e1 de aquel rinconcito donde hab\u00eda nacido. Luego, una vez hecho este ruego, se desped\u00eda de su estrella y se dorm\u00eda pl\u00e1cidamente esperando que su sue\u00f1o se hiciera realidad alg\u00fan d\u00eda. Mientras, la estrella sonre\u00eda desde el cielo y velaba su sue\u00f1o.<\/p>\n<p style=\"text-align: justify;\">\u00a0\u00a0\u00a0\u00a0\u00a0\u00a0\u00a0\u00a0\u00a0 Pasaron los a\u00f1os y aquella ni\u00f1a so\u00f1adora segu\u00eda cantando, ahora ya con una c\u00e1lida y potente voz. Creci\u00f3 y se convirti\u00f3 en una hermosa muchacha quien, en la primavera de su vida, creyendo encontrar a su pr\u00edncipe azul, ese hombre ideal esperado por todas las j\u00f3venes casaderas, le entreg\u00f3 su coraz\u00f3n y se cas\u00f3 con \u00e9l, prometi\u00e9ndose los dos amor eterno y esperando ser muy felices para siempre.<\/p>\n<p style=\"text-align: justify;\">\u00a0\u00a0\u00a0\u00a0\u00a0\u00a0\u00a0\u00a0\u00a0 Pero, \u00a1ay!, nada ocurre como en los cuentos y aquel amor tan s\u00f3lo fue un espejismo que, al transcurrir de los tiempos, se deshizo como una pompa de jab\u00f3n. Y nuestra protagonista, apagada su voz en el silencio, volc\u00f3 su cari\u00f1o y cuidados en aquellos cuatro soles habidos de su frustrada ilusi\u00f3n, cuyos rayos iluminaban su vida y eran su orgullo de madre. Lejos quedaron aquellos sue\u00f1os de ni\u00f1a, pues pens\u00f3 que su estrella ya la hab\u00eda olvidado. Sin embargo, ella, sin perder la esperanza, segu\u00eda so\u00f1ando pues, como cantaba Cenicienta, so\u00f1ar es desear la dicha de nuestro porvenir; lo que el coraz\u00f3n anhela se sue\u00f1a y se suele vivir.<\/p>\n<p style=\"text-align: justify;\">\u00a0\u00a0\u00a0\u00a0\u00a0\u00a0\u00a0\u00a0\u00a0 Y un buen d\u00eda, como todo sucede en la vida, aquella estrella confidente de sus ilusiones, que no la hab\u00eda olvidado y s\u00f3lo esperaba el momento oportuno, acudi\u00f3 en su ayuda y con su poder c\u00f3smico le concedi\u00f3 aquel deseo de triunfar. Y de nuevo, \u00a1libre!, volvi\u00f3 a cantar y sus trinos se oyeron por todas partes, pueblos, ciudades, teatros, incluso allende los mares llegaron sus sones. Lejos, muy lejos, vol\u00f3 como una calandria llevando sus canciones, su voz de \u201ccristal y menta\u201d, como la llamaban. Y aclamada por todos, pase\u00f3 su voz, su arte y su majeza por doquiera que iba. Recibi\u00f3 aplausos, ol\u00e9s, homenajes. Luci\u00f3 bellos trajes y acompa\u00f1ada de famosos guitarristas y bailaoras, sus espect\u00e1culos causaban admiraci\u00f3n. Entonaba su voz, alzaba sus brazos y el p\u00fablico se rend\u00eda ante ella. \u00a1Hab\u00eda nacido una nueva estrella de la canci\u00f3n!<\/p>\n<p style=\"text-align: justify;\">\u00a0\u00a0\u00a0\u00a0\u00a0\u00a0\u00a0\u00a0\u00a0 Una vez en el pin\u00e1culo de la fama, tambi\u00e9n grab\u00f3 buenos discos, conteniendo una gran variedad de temas pues su arte lo abarcaba todo: boleros, coplas, flamenco, pasodobles, cantes de ida y vuelta\u2026 era polifac\u00e9tica.<\/p>\n<p style=\"text-align: justify;\">\u00a0\u00a0\u00a0\u00a0\u00a0\u00a0\u00a0\u00a0 Y desde entonces fue feliz. Hab\u00eda triunfado y su sue\u00f1o se hab\u00eda hecho realidad.<\/p>\n<p style=\"text-align: justify;\">\u00a0\u00a0\u00a0\u00a0\u00a0\u00a0\u00a0\u00a0\u00a0 \u00a1Ah! Creo que no he dicho qui\u00e9n era aquella ni\u00f1a so\u00f1adora que, en tiempos no muy lejanos, mirando al cielo, le ped\u00eda a su estrella un deseo. Aquella ni\u00f1a, nacida en C\u00e1jar, un pueblecito del reino de Granada, ahora es, nada m\u00e1s ni nada menos que Inmaculada Rej\u00f3n \u2026<\/p>\n<p style=\"text-align: right;\">Carmen Carrasco Ramos<\/p>\n<p style=\"text-align: justify;\">Inmaculada Rej\u00f3n aparte de agradecer a todo el p\u00fablico, mencionando a todos y cada uno de los asistentes por su agradable compa\u00f1\u00eda en un d\u00eda tan especial para ella.<\/p>\n<figure id=\"attachment_14439\" aria-describedby=\"caption-attachment-14439\" style=\"width: 432px\" class=\"wp-caption alignnone\"><a href=\"http:\/\/granadacostanacional.es\/wp-content\/uploads\/2017\/09\/IMG_3940.jpg\"><img decoding=\"async\" loading=\"lazy\" class=\"wp-image-14439\" src=\"http:\/\/granadacostanacional.es\/wp-content\/uploads\/2017\/09\/IMG_3940-300x143.jpg\" alt=\"IMG_3940\" width=\"432\" height=\"206\" \/><\/a><figcaption id=\"caption-attachment-14439\" class=\"wp-caption-text\"><em>Inmaculada Rej\u00f3n Agradeciendo la asistencia de todos y cada uno de los all\u00ed presentes.<\/em><\/figcaption><\/figure>\n<p style=\"text-align: justify;\">Termin\u00f3 con algunos cantes de su autor\u00eda y a continuaci\u00f3n se le dio la palabra a todas las personas que quisieron dedicarle unas palabras a Inmaculada Rej\u00f3n.<\/p>\n<p style=\"text-align: justify;\"><a href=\"http:\/\/granadacostanacional.es\/wp-content\/uploads\/2017\/09\/IMG_3929.jpg\"><img decoding=\"async\" loading=\"lazy\" class=\"alignnone wp-image-14440\" src=\"http:\/\/granadacostanacional.es\/wp-content\/uploads\/2017\/09\/IMG_3929-300x221.jpg\" alt=\"IMG_3929\" width=\"261\" height=\"192\" \/><\/a>\u00a0<a href=\"http:\/\/granadacostanacional.es\/wp-content\/uploads\/2017\/09\/IMG_3938.jpg\"><img decoding=\"async\" loading=\"lazy\" class=\"alignnone wp-image-14441\" src=\"http:\/\/granadacostanacional.es\/wp-content\/uploads\/2017\/09\/IMG_3938-300x219.jpg\" alt=\"IMG_3938\" width=\"266\" height=\"194\" \/><\/a><\/p>\n<p style=\"text-align: justify;\">\u00a0 \u00a0<em> \u00a0Inma L\u00f3pez Cobos \u00a0 \u00a0 \u00a0 \u00a0 \u00a0 \u00a0 \u00a0 \u00a0 \u00a0 \u00a0Francisco Jim\u00e9nez Rodr\u00edguez<\/em><\/p>\n<p style=\"text-align: justify;\"><a href=\"http:\/\/granadacostanacional.es\/wp-content\/uploads\/2017\/09\/IMG_3937.jpg\"><img decoding=\"async\" loading=\"lazy\" class=\"alignnone wp-image-14444\" src=\"http:\/\/granadacostanacional.es\/wp-content\/uploads\/2017\/09\/IMG_3937-300x285.jpg\" alt=\"IMG_3937\" width=\"259\" height=\"246\" \/><\/a>\u00a0\u00a0<a href=\"http:\/\/granadacostanacional.es\/wp-content\/uploads\/2017\/09\/IMG_3959.jpg\"><img decoding=\"async\" loading=\"lazy\" class=\"alignnone wp-image-14445\" src=\"http:\/\/granadacostanacional.es\/wp-content\/uploads\/2017\/09\/IMG_3959-300x199.jpg\" alt=\"IMG_3959\" width=\"268\" height=\"178\" \/><\/a><\/p>\n<p style=\"text-align: justify;\"><em>Fali \u00a0 \u00a0 \u00a0 \u00a0 \u00a0 \u00a0 \u00a0 \u00a0El Rapsoda Antonio bonet San Cler le dedic\u00f3 una breve intervenci\u00f3n a Inmaculada<\/em><\/p>\n<figure id=\"attachment_14468\" aria-describedby=\"caption-attachment-14468\" style=\"width: 531px\" class=\"wp-caption alignnone\"><a href=\"http:\/\/granadacostanacional.es\/wp-content\/uploads\/2017\/09\/IMG_3951.jpg\"><img decoding=\"async\" loading=\"lazy\" class=\"wp-image-14468\" src=\"http:\/\/granadacostanacional.es\/wp-content\/uploads\/2017\/09\/IMG_3951-300x126.jpg\" alt=\"IMG_3951\" width=\"531\" height=\"223\" \/><\/a><figcaption id=\"caption-attachment-14468\" class=\"wp-caption-text\"><em>Marisi Moureau junto a Inmaculada Rej\u00f3n<\/em><\/figcaption><\/figure>\n<figure id=\"attachment_14446\" aria-describedby=\"caption-attachment-14446\" style=\"width: 542px\" class=\"wp-caption alignnone\"><a href=\"http:\/\/granadacostanacional.es\/wp-content\/uploads\/2017\/09\/IMG_3930.jpg\"><img decoding=\"async\" loading=\"lazy\" class=\"wp-image-14446\" src=\"http:\/\/granadacostanacional.es\/wp-content\/uploads\/2017\/09\/IMG_3930-300x140.jpg\" alt=\"IMG_3930\" width=\"542\" height=\"253\" \/><\/a><figcaption id=\"caption-attachment-14446\" class=\"wp-caption-text\"><em>Maria Teresa G\u00f3mez Reino, dedicandole unas palabras a Inmaculada Rej\u00f3n<\/em><\/figcaption><\/figure>\n<p style=\"text-align: justify;\"><a href=\"http:\/\/granadacostanacional.es\/wp-content\/uploads\/2017\/09\/IMG_3934.jpg\"><img decoding=\"async\" loading=\"lazy\" class=\"alignnone wp-image-14447\" src=\"http:\/\/granadacostanacional.es\/wp-content\/uploads\/2017\/09\/IMG_3934-300x149.jpg\" alt=\"IMG_3934\" width=\"542\" height=\"269\" \/><\/a><\/p>\n<p><em>Ratifico todo lo que ha dicho Pepe Segura sobre Inmaculada Rej\u00f3n, no ha exagerado en nada; y lo s\u00e9 porque estoy en Granada Costa desde el a\u00f1o 2000.<\/em><\/p>\n<p><em>Ese poeta de sensibilidad especial, Khalil Gibran, que comenz\u00f3 su andadura de escritor bajo las sombras de los cedros sagrados del L\u00edbano, y que ha sido llamado \u201cel religioso, el m\u00edstico, el fil\u00f3sofo, el intemporal, e incluso el hereje\u201d, dice en su libro el Profeta: \u201ces bueno dar cuando te piden; pero es mejor dar cuando no te piden.\u201d<\/em><\/p>\n<p><em>Pues eso es lo que ha venido haciendo Inmaculada desde que entr\u00f3 en Granada Costa. No solo ha dado cuando se le ha pedido, sino que siempre se ha ofrecido para darlo todo de forma incondicional.<\/em><\/p>\n<p><em>Adem\u00e1s, hay que resaltar un matiz: que siempre lo hace todo con alegr\u00eda y simpat\u00eda, algo poco habitual.<\/em><\/p>\n<p><em>Por eso, siempre que me encuentro con Inma me acuerdo de aquella oraci\u00f3n del padre Mart\u00edn Descalzo: \u201cSe\u00f1or, que los malos sean buenos y los buenos simp\u00e1ticos\u201d.<\/em><\/p>\n<p><em>Inma es buena, tiene un alma generosa y adem\u00e1s es simp\u00e1tica. Por eso estamos aqu\u00ed todos ofreci\u00e9ndole un merecido homenaje.<\/em><\/p>\n<p style=\"text-align: right;\"><em>Rogelio Bustos Almendros<\/em><\/p>\n<p>&nbsp;<\/p>\n<p>&nbsp;<\/p>\n<p style=\"text-align: justify;\">El acto lo cerr\u00f3 la Doctora To\u00f1y Castillo con el pr\u00f3logo del libro:<\/p>\n<figure id=\"attachment_14451\" aria-describedby=\"caption-attachment-14451\" style=\"width: 387px\" class=\"wp-caption alignnone\"><a href=\"http:\/\/granadacostanacional.es\/wp-content\/uploads\/2017\/09\/IMG_3883.jpg\"><img decoding=\"async\" loading=\"lazy\" class=\"wp-image-14451\" src=\"http:\/\/granadacostanacional.es\/wp-content\/uploads\/2017\/09\/IMG_3883-300x200.jpg\" alt=\"IMG_3883\" width=\"387\" height=\"258\" \/><\/a><figcaption id=\"caption-attachment-14451\" class=\"wp-caption-text\"><em>To\u00f1y Castillo<\/em><\/figcaption><\/figure>\n<p style=\"text-align: justify;\"><strong>UN BROCHE DE ORO QUE BRILLA CON VOZ PROPIA<\/strong><\/p>\n<p style=\"text-align: justify;\">P\u00e1gina a p\u00e1gina, en el libro que se presenta a continuaci\u00f3n, se ha ido componiendo una nueva melod\u00eda, en ella destacan los acordes armoniosos\u00a0\u00a0 de un bello paisaje, una historia, una mujer.<\/p>\n<p style=\"text-align: justify;\">\u2026 Se muestra un lugar en el que ritmos de pasados y presentes dan tonos a una vida\u2026<\/p>\n<p style=\"text-align: justify;\">Hoja a hoja, hablan de una gran voz, con timbres de esfuerzo y repliques de entusiasmo, donde el cansancio se aliaba con el tes\u00f3n para lanzar canciones con la siempre sonrisa de su alma.<\/p>\n<p style=\"text-align: justify;\">\u2026Alma imparable, inquieta, siempre so\u00f1ando mientras constru\u00eda sus sue\u00f1os\u2026<\/p>\n<p style=\"text-align: justify;\">L\u00ednea a l\u00ednea se habla de ella, pentagramas enhebrados del sabio saber de qui\u00e9n sabe lo importante del vivir y convivir, de quien aprendi\u00f3 que el respeto y la dignidad son m\u00e1s que notas musicales.<\/p>\n<p style=\"text-align: justify;\">\u2026Y lo hizo, simplemente paseando su gran clase por los caminos de sus huellas&#8230;<\/p>\n<p style=\"text-align: justify;\">Mucho se podr\u00eda decir de Inmaculada Rej\u00f3n\u2026<\/p>\n<p style=\"text-align: justify;\">De hecho, no en vano ni de manera gratuita, estas p\u00e1ginas nos muestran a una artista que llena con su voz el silencio\u2026 de las noches, de las tardes, de los d\u00edas o ma\u00f1anas improvisadas, ya que ella, como solo sabe hacer ella, al narrar con su garganta toda oscuridad se convierte en focos deslumbrantes en escenarios de pasi\u00f3n.<\/p>\n<p style=\"text-align: justify;\">Mucho se dice de la artista, dotada de una voz prodigiosa que naci\u00f3 para recordar que el cantar \u201ces compartir sentimientos propios y hacer lo propio con el ajeno\u201d.<\/p>\n<p style=\"text-align: justify;\">Pero mucho m\u00e1s se dice de su recorrido personal\u2026<\/p>\n<p style=\"text-align: justify;\">Inmaculada Rej\u00f3n naci\u00f3 para embellecer con sus gestas un mundo necesitado del arte de ser persona\u2026 al ser humana, sincera, carism\u00e1tica, elegante sin necesidad de maquillajes que tapen imperfecciones. Porque Inmaculada, conoce la grandeza que solo la humildad de los actos, que solo la sencillez de la no prepotencia\u2026 distinguen a una persona con el don y el se\u00f1or\u00edo.<\/p>\n<p style=\"text-align: justify;\">Persona, mujer, artista y amiga.<\/p>\n<p style=\"text-align: justify;\">Es un honor para m\u00ed poder hacer este pr\u00f3logo, donde mis palabras aportan la admiraci\u00f3n por una artista, donde las luces de bambalinas son el brillo de sus ojos. Donde ser mujer ha sido ejemplo de lucha, donde su lucha se convirti\u00f3 en aliada de una madre, de una amiga y de esta maravillosa persona a la cual va dedicado este broche que cualquiera desear\u00eda llevar sobre la solapa.<\/p>\n<p style=\"text-align: justify;\">Un broche justo, merecido que brilla en el cari\u00f1o de cuantos te respetamos y queremos Inma.<\/p>\n<p style=\"text-align: right;\">To\u00f1y Castillo Mel\u00e9ndez<\/p>\n<p style=\"text-align: right;\">Directora Adjunta para el Proyecto Nacional de Cultura Granada Costa<\/p>\n<p style=\"text-align: justify;\">Diferentes momentos del acto:<\/p>\n<p style=\"text-align: justify;\"><a href=\"http:\/\/granadacostanacional.es\/wp-content\/uploads\/2017\/09\/IMG_3910.jpg\"><img decoding=\"async\" loading=\"lazy\" class=\"alignnone wp-image-14478\" src=\"http:\/\/granadacostanacional.es\/wp-content\/uploads\/2017\/09\/IMG_3910-300x289.jpg\" alt=\"IMG_3910\" width=\"225\" height=\"217\" \/><\/a> <a href=\"http:\/\/granadacostanacional.es\/wp-content\/uploads\/2017\/09\/IMG_3907.jpg\"><img decoding=\"async\" loading=\"lazy\" class=\"alignnone wp-image-14479\" src=\"http:\/\/granadacostanacional.es\/wp-content\/uploads\/2017\/09\/IMG_3907-300x187.jpg\" alt=\"IMG_3907\" width=\"271\" height=\"169\" \/><\/a><\/p>\n<p style=\"text-align: justify;\">Rafael Lamelas e Inmaculada \u00a0 \u00a0 \u00a0Inmaculada junto a To\u00f1y Castillo<\/p>\n<figure id=\"attachment_14477\" aria-describedby=\"caption-attachment-14477\" style=\"width: 431px\" class=\"wp-caption alignnone\"><a href=\"http:\/\/granadacostanacional.es\/wp-content\/uploads\/2017\/09\/IMG_3903.jpg\"><img decoding=\"async\" loading=\"lazy\" class=\"wp-image-14477\" src=\"http:\/\/granadacostanacional.es\/wp-content\/uploads\/2017\/09\/IMG_3903-300x154.jpg\" alt=\"IMG_3903\" width=\"431\" height=\"221\" \/><\/a><figcaption id=\"caption-attachment-14477\" class=\"wp-caption-text\"><em>Amigos Jienenses de Inmaculada Rej\u00f3n<\/em><\/figcaption><\/figure>\n<p style=\"text-align: justify;\"><a href=\"http:\/\/granadacostanacional.es\/wp-content\/uploads\/2017\/09\/IMG_3905.jpg\"><img decoding=\"async\" loading=\"lazy\" class=\"alignnone wp-image-14474\" src=\"http:\/\/granadacostanacional.es\/wp-content\/uploads\/2017\/09\/IMG_3905-300x164.jpg\" alt=\"IMG_3905\" width=\"258\" height=\"141\" \/><\/a> <a href=\"http:\/\/granadacostanacional.es\/wp-content\/uploads\/2017\/09\/IMG_3904.jpg\"><img decoding=\"async\" loading=\"lazy\" class=\"alignnone wp-image-14475\" src=\"http:\/\/granadacostanacional.es\/wp-content\/uploads\/2017\/09\/IMG_3904-300x220.jpg\" alt=\"IMG_3904\" width=\"275\" height=\"202\" \/><\/a><\/p>\n<p style=\"text-align: justify;\"><em>Jos\u00e9 Mesa y Marisi Moureau \u00a0 \u00a0 \u00a0 \u00a0 \u00a0 \u00a0 \u00a0 \u00a0 Loli Molina junto a Carlos Ben\u00edtez<\/em><\/p>\n<p style=\"text-align: justify;\"><a href=\"http:\/\/granadacostanacional.es\/wp-content\/uploads\/2017\/09\/IMG_3899.jpg\"><img decoding=\"async\" loading=\"lazy\" class=\"alignnone wp-image-14472\" src=\"http:\/\/granadacostanacional.es\/wp-content\/uploads\/2017\/09\/IMG_3899-300x226.jpg\" alt=\"IMG_3899\" width=\"234\" height=\"176\" \/><\/a> <a href=\"http:\/\/granadacostanacional.es\/wp-content\/uploads\/2017\/09\/IMG_3895.jpg\"><img decoding=\"async\" loading=\"lazy\" class=\"alignnone size-medium wp-image-14473\" src=\"http:\/\/granadacostanacional.es\/wp-content\/uploads\/2017\/09\/IMG_3895-300x170.jpg\" alt=\"IMG_3895\" width=\"300\" height=\"170\" \/><\/a><\/p>\n<p style=\"text-align: justify;\"><em>Antonio Gonz\u00e1lez Vald\u00e9s junto a su pareja \u00a0 \u00a0 \u00a0 \u00a0Fali junto a su mujer<\/em><\/p>\n<figure id=\"attachment_14470\" aria-describedby=\"caption-attachment-14470\" style=\"width: 437px\" class=\"wp-caption alignnone\"><a href=\"http:\/\/granadacostanacional.es\/wp-content\/uploads\/2017\/09\/IMG_3973.jpg\"><img decoding=\"async\" loading=\"lazy\" class=\"wp-image-14470\" src=\"http:\/\/granadacostanacional.es\/wp-content\/uploads\/2017\/09\/IMG_3973-300x200.jpg\" alt=\"IMG_3973\" width=\"437\" height=\"291\" \/><\/a><figcaption id=\"caption-attachment-14470\" class=\"wp-caption-text\"><em>Inmaculada Rej\u00f3n junto a su nieta y amigos de Granada Costa<\/em><\/figcaption><\/figure>\n<p style=\"text-align: justify;\"><a href=\"http:\/\/granadacostanacional.es\/wp-content\/uploads\/2017\/09\/IMG_3965-1.jpg\"><img decoding=\"async\" loading=\"lazy\" class=\"alignnone size-medium wp-image-14480\" src=\"http:\/\/granadacostanacional.es\/wp-content\/uploads\/2017\/09\/IMG_3965-1-300x174.jpg\" alt=\"IMG_3965\" width=\"300\" height=\"174\" \/><\/a> <a href=\"http:\/\/granadacostanacional.es\/wp-content\/uploads\/2017\/09\/IMG_3962.jpg\"><img decoding=\"async\" loading=\"lazy\" class=\"alignnone wp-image-14481\" src=\"http:\/\/granadacostanacional.es\/wp-content\/uploads\/2017\/09\/IMG_3962-300x233.jpg\" alt=\"IMG_3962\" width=\"248\" height=\"193\" \/><\/a><\/p>\n<p style=\"text-align: justify;\"><em>Momentos de la firma del libro<\/em><\/p>\n<p style=\"text-align: justify;\"><a href=\"http:\/\/granadacostanacional.es\/wp-content\/uploads\/2017\/09\/IMG_3871.jpg\"><img decoding=\"async\" loading=\"lazy\" class=\"alignnone wp-image-14452\" src=\"http:\/\/granadacostanacional.es\/wp-content\/uploads\/2017\/09\/IMG_3871-300x200.jpg\" alt=\"IMG_3871\" width=\"273\" height=\"182\" \/><\/a>\u00a0<a href=\"http:\/\/granadacostanacional.es\/wp-content\/uploads\/2017\/09\/IMG_3886.jpg\"><img decoding=\"async\" loading=\"lazy\" class=\"alignnone wp-image-14453\" src=\"http:\/\/granadacostanacional.es\/wp-content\/uploads\/2017\/09\/IMG_3886-300x190.jpg\" alt=\"IMG_3886\" width=\"281\" height=\"178\" \/><\/a><\/p>\n<p style=\"text-align: justify;\"><a href=\"http:\/\/granadacostanacional.es\/wp-content\/uploads\/2017\/09\/IMG_3888.jpg\"><img decoding=\"async\" loading=\"lazy\" class=\"alignnone wp-image-14462\" src=\"http:\/\/granadacostanacional.es\/wp-content\/uploads\/2017\/09\/IMG_3888-300x200.jpg\" alt=\"IMG_3888\" width=\"276\" height=\"184\" \/><\/a>\u00a0<a href=\"http:\/\/granadacostanacional.es\/wp-content\/uploads\/2017\/09\/IMG_3890.jpg\"><img decoding=\"async\" loading=\"lazy\" class=\"alignnone wp-image-14463\" src=\"http:\/\/granadacostanacional.es\/wp-content\/uploads\/2017\/09\/IMG_3890-300x194.jpg\" alt=\"IMG_3890\" width=\"281\" height=\"182\" \/><\/a><\/p>\n<p style=\"text-align: justify;\"><a href=\"http:\/\/granadacostanacional.es\/wp-content\/uploads\/2017\/09\/IMG_3898.jpg\"><img decoding=\"async\" loading=\"lazy\" class=\"alignnone wp-image-14464\" src=\"http:\/\/granadacostanacional.es\/wp-content\/uploads\/2017\/09\/IMG_3898-300x205.jpg\" alt=\"IMG_3898\" width=\"277\" height=\"189\" \/><\/a> <a href=\"http:\/\/granadacostanacional.es\/wp-content\/uploads\/2017\/09\/IMG_3893.jpg\"><img decoding=\"async\" loading=\"lazy\" class=\"alignnone wp-image-14465\" src=\"http:\/\/granadacostanacional.es\/wp-content\/uploads\/2017\/09\/IMG_3893-300x192.jpg\" alt=\"IMG_3893\" width=\"275\" height=\"176\" \/><\/a><\/p>\n<p style=\"text-align: justify;\"><a href=\"http:\/\/granadacostanacional.es\/wp-content\/uploads\/2017\/09\/IMG_3915.jpg\"><img decoding=\"async\" loading=\"lazy\" class=\"alignnone wp-image-14466\" src=\"http:\/\/granadacostanacional.es\/wp-content\/uploads\/2017\/09\/IMG_3915-300x200.jpg\" alt=\"IMG_3915\" width=\"272\" height=\"181\" \/><\/a> <a href=\"http:\/\/granadacostanacional.es\/wp-content\/uploads\/2017\/09\/IMG_3913.jpg\"><img decoding=\"async\" loading=\"lazy\" class=\"alignnone wp-image-14467\" src=\"http:\/\/granadacostanacional.es\/wp-content\/uploads\/2017\/09\/IMG_3913-300x181.jpg\" alt=\"IMG_3913\" width=\"278\" height=\"168\" \/><\/a><\/p>\n<p style=\"text-align: justify;\"><a href=\"http:\/\/granadacostanacional.es\/wp-content\/uploads\/2017\/09\/IMG_3922.jpg\"><img decoding=\"async\" loading=\"lazy\" class=\"alignnone wp-image-14469\" src=\"http:\/\/granadacostanacional.es\/wp-content\/uploads\/2017\/09\/IMG_3922-300x131.jpg\" alt=\"IMG_3922\" width=\"561\" height=\"245\" \/><\/a><\/p>\n<p style=\"text-align: justify;\"><strong><em>\u00a0<\/em><\/strong><\/p>\n<p style=\"text-align: right;\"><strong><em>Redacci\u00f3n Granada Costa<\/em><\/strong><\/p>\n<p style=\"text-align: justify;\">P.D.: para las personas interesadas, podr\u00e1s visualizar el libro al completo en la p\u00e1gina web <a href=\"http:\/\/www.granadacostanacional.es\">www.granadacostanacional.es<\/a>, en el apartado libros de homenaje o atrav\u00e9s del siguiente enlace: <strong><span style=\"color: #0000ff;\"><a style=\"color: #0000ff;\" href=\"http:\/\/granadacostanacional.es\/downloads\/Libro%20Broche%20de%20oro%20Inma%20Rej%C3%B3n%20web.pdf\">BROCHE DE ORO A UNA CARRERA ART\u00cdSTICA. INMACULADA REJ\u00d3N<\/a><\/span><\/strong><\/p>\n","protected":false},"excerpt":{"rendered":"<p>El pasado d\u00eda 23 de septiembre de 2017 en el restaurante El Trasmayo de Salobre\u00f1a, se dieron cita 42 personas&hellip;<\/p>\n","protected":false},"author":2,"featured_media":14471,"comment_status":"open","ping_status":"open","sticky":false,"template":"","format":"standard","meta":{"om_disable_all_campaigns":false,"_mi_skip_tracking":false,"_monsterinsights_sitenote_active":false,"_monsterinsights_sitenote_note":"","_monsterinsights_sitenote_category":0,"footnotes":""},"categories":[21,22],"tags":[],"aioseo_notices":[],"_links":{"self":[{"href":"https:\/\/granadacostaglobal.es\/index.php?rest_route=\/wp\/v2\/posts\/14428"}],"collection":[{"href":"https:\/\/granadacostaglobal.es\/index.php?rest_route=\/wp\/v2\/posts"}],"about":[{"href":"https:\/\/granadacostaglobal.es\/index.php?rest_route=\/wp\/v2\/types\/post"}],"author":[{"embeddable":true,"href":"https:\/\/granadacostaglobal.es\/index.php?rest_route=\/wp\/v2\/users\/2"}],"replies":[{"embeddable":true,"href":"https:\/\/granadacostaglobal.es\/index.php?rest_route=%2Fwp%2Fv2%2Fcomments&post=14428"}],"version-history":[{"count":0,"href":"https:\/\/granadacostaglobal.es\/index.php?rest_route=\/wp\/v2\/posts\/14428\/revisions"}],"wp:featuredmedia":[{"embeddable":true,"href":"https:\/\/granadacostaglobal.es\/index.php?rest_route=\/"}],"wp:attachment":[{"href":"https:\/\/granadacostaglobal.es\/index.php?rest_route=%2Fwp%2Fv2%2Fmedia&parent=14428"}],"wp:term":[{"taxonomy":"category","embeddable":true,"href":"https:\/\/granadacostaglobal.es\/index.php?rest_route=%2Fwp%2Fv2%2Fcategories&post=14428"},{"taxonomy":"post_tag","embeddable":true,"href":"https:\/\/granadacostaglobal.es\/index.php?rest_route=%2Fwp%2Fv2%2Ftags&post=14428"}],"curies":[{"name":"wp","href":"https:\/\/api.w.org\/{rel}","templated":true}]}}