{"id":14406,"date":"2017-09-25T11:41:08","date_gmt":"2017-09-25T11:41:08","guid":{"rendered":"http:\/\/granadacostanacional.es\/?p=14406"},"modified":"2017-09-25T11:41:08","modified_gmt":"2017-09-25T11:41:08","slug":"la-junta-amplia-los-alcornocales-para-blindar-un-importante-corredor-verde-que-une-masas-forestales-con-el-mediterraneo","status":"publish","type":"post","link":"https:\/\/granadacostaglobal.es\/?p=14406","title":{"rendered":"La Junta ampl\u00eda Los Alcornocales para blindar un importante corredor verde que une masas forestales con el Mediterr\u00e1neo"},"content":{"rendered":"<p style=\"text-align: justify;\">El consejero de Medio Ambiente y Ordenaci\u00f3n del Territorio presenta en San Roque el aumento de la protecci\u00f3n del parque natural en 5.852 hect\u00e1reas<\/p>\n<p style=\"text-align: justify;\">\u00a0\u00a0\u00a0\u00a0\u00a0\u00a0\u00a0\u00a0\u00a0\u00a0\u00a0 El consejero de Medio Ambiente y Ordenaci\u00f3n del Territorio, Jos\u00e9 Fiscal, ha presentado hoy en San Roque la ampliaci\u00f3n del parque natural de Los Alcornocales que aprob\u00f3 el pasado martes el Consejo de Gobierno. Jos\u00e9 Fiscal ha explicado que con el aumento de la protecci\u00f3n se blinda un importante corredor verde que une masas forestales con el mar Mediterr\u00e1neo.<\/p>\n<p style=\"text-align: justify;\">\u00a0\u00a0\u00a0\u00a0\u00a0\u00a0\u00a0\u00a0\u00a0\u00a0\u00a0 Fiscal ha se\u00f1alado que la ampliaci\u00f3n se realiza a trav\u00e9s de la integraci\u00f3n 5.852 hect\u00e1reas de terrenos de gran valor ecol\u00f3gico localizados en nueve fincas p\u00fablicas y privadas de los t\u00e9rminos municipales gaditanos de Algeciras, Castellar de la Frontera y San Roque. La superficie protegida se incrementa en un 3,5%, hasta alcanzar las 173.619 hect\u00e1reas.<\/p>\n<p style=\"text-align: justify;\">\u00a0\u00a0\u00a0\u00a0\u00a0\u00a0\u00a0\u00a0\u00a0\u00a0\u00a0 Con la ampliaci\u00f3n del Parque Natural Los Alcornocales la Junta de Andaluc\u00eda le otorga un valor a\u00f1adido tanto a los territorios que se integran en \u00e9l, como a las iniciativas empresariales o de otra \u00edndole que se puedan desarrollar.<\/p>\n<p style=\"text-align: justify;\">\u00a0\u00a0\u00a0\u00a0\u00a0\u00a0\u00a0\u00a0\u00a0\u00a0\u00a0\u00a0\u00a0\u00a0\u00a0\u00a0\u00a0 En este sentido, el titular de Medio Ambiente ha recalcado que \u201cse est\u00e1 aportando valor\u00a0 a estos territorios con una iniciativa que queda muy lejos de convertir este espacio en un santuario inaccesible, ya que esta protecci\u00f3n est\u00e1 ligada al desarrollo sostenible de toda la zona\u201d.<\/p>\n<p style=\"text-align: justify;\">El consejero ha valorado la inclusi\u00f3n de la finca La Almoraima en los terrenos de nueva protecci\u00f3n, ya que desde la Junta se ha apostado por una gesti\u00f3n p\u00fablica y sostenible de este espacio al tiempo que siempre se ha opuesto a que esos terrenos, de enorme valor natural, acabasen convirti\u00e9ndose en un complejo especulativo.<\/p>\n<p style=\"text-align: justify;\">\u00a0\u00a0\u00a0\u00a0\u00a0\u00a0\u00a0\u00a0\u00a0\u00a0\u00a0\u00a0\u00a0\u00a0\u00a0\u00a0\u00a0 La ampliaci\u00f3n surge de la necesidad de proteger un importante corredor ecol\u00f3gico que une las masas forestales del Parque Natural Los Alcornocales con el litoral mediterr\u00e1neo, sum\u00e1ndose a la red de espacios naturales protegidos que ya existen en la zona como el Paraje Natural Estuario del R\u00edo Guadiaro o el Lugar de Inter\u00e9s Comunitario Estrecho Oriental, entre otros.<\/p>\n<p style=\"text-align: justify;\">\u00a0\u00a0\u00a0\u00a0\u00a0\u00a0\u00a0\u00a0\u00a0\u00a0\u00a0 Las actividades tradicionales agr\u00edcolas, ganaderas, cineg\u00e9ticas y forestales se van a poder seguir desarrollando con total normalidad. La normativa forestal y cineg\u00e9tica en el Parque Natural o en los terrenos situados fuera del Parque Natural es pr\u00e1cticamente id\u00e9ntica.<\/p>\n<p style=\"text-align: justify;\">\u00a0\u00a0\u00a0\u00a0\u00a0\u00a0\u00a0\u00a0\u00a0\u00a0\u00a0 La ampliaci\u00f3n responde a la estrategia de potenciar la marca Parque Natural, ya que lleva a Los Alcornocales hasta la orilla del Mediterr\u00e1neo.<\/p>\n","protected":false},"excerpt":{"rendered":"<p>El consejero de Medio Ambiente y Ordenaci\u00f3n del Territorio presenta en San Roque el aumento de la protecci\u00f3n del parque&hellip;<\/p>\n","protected":false},"author":2,"featured_media":14407,"comment_status":"open","ping_status":"open","sticky":false,"template":"","format":"standard","meta":{"om_disable_all_campaigns":false,"_mi_skip_tracking":false,"_monsterinsights_sitenote_active":false,"_monsterinsights_sitenote_note":"","_monsterinsights_sitenote_category":0,"footnotes":""},"categories":[22],"tags":[],"aioseo_notices":[],"_links":{"self":[{"href":"https:\/\/granadacostaglobal.es\/index.php?rest_route=\/wp\/v2\/posts\/14406"}],"collection":[{"href":"https:\/\/granadacostaglobal.es\/index.php?rest_route=\/wp\/v2\/posts"}],"about":[{"href":"https:\/\/granadacostaglobal.es\/index.php?rest_route=\/wp\/v2\/types\/post"}],"author":[{"embeddable":true,"href":"https:\/\/granadacostaglobal.es\/index.php?rest_route=\/wp\/v2\/users\/2"}],"replies":[{"embeddable":true,"href":"https:\/\/granadacostaglobal.es\/index.php?rest_route=%2Fwp%2Fv2%2Fcomments&post=14406"}],"version-history":[{"count":0,"href":"https:\/\/granadacostaglobal.es\/index.php?rest_route=\/wp\/v2\/posts\/14406\/revisions"}],"wp:featuredmedia":[{"embeddable":true,"href":"https:\/\/granadacostaglobal.es\/index.php?rest_route=\/"}],"wp:attachment":[{"href":"https:\/\/granadacostaglobal.es\/index.php?rest_route=%2Fwp%2Fv2%2Fmedia&parent=14406"}],"wp:term":[{"taxonomy":"category","embeddable":true,"href":"https:\/\/granadacostaglobal.es\/index.php?rest_route=%2Fwp%2Fv2%2Fcategories&post=14406"},{"taxonomy":"post_tag","embeddable":true,"href":"https:\/\/granadacostaglobal.es\/index.php?rest_route=%2Fwp%2Fv2%2Ftags&post=14406"}],"curies":[{"name":"wp","href":"https:\/\/api.w.org\/{rel}","templated":true}]}}