{"id":14401,"date":"2017-09-25T06:46:16","date_gmt":"2017-09-25T06:46:16","guid":{"rendered":"http:\/\/granadacostanacional.es\/?p=14401"},"modified":"2017-09-25T06:46:16","modified_gmt":"2017-09-25T06:46:16","slug":"tesis-doctoral","status":"publish","type":"post","link":"https:\/\/granadacostaglobal.es\/?p=14401","title":{"rendered":"Tesis Doctoral"},"content":{"rendered":"<p style=\"text-align: justify;\">\u00a0\u00a0\u00a0\u00a0\u00a0\u00a0\u00a0\u00a0\u00a0\u00a0\u00a0\u00a0 Una de las caracter\u00edsticas espec\u00edficas \u2013 y tambi\u00e9n\u00a0 distintivas \u2013 del peri\u00f3dico GRANADA\u00a0 COSTA es su car\u00e1cter eminentemente cultural. Le cabe el\u00a0 honor a este peri\u00f3dico, de informaci\u00f3n\u00a0 nacional, de tener entre sus colaboradores una amplia n\u00f3mina de hombres\u00a0 bien preparados en el orden cultural\u00a0 y art\u00edstico. Pues\u00a0 bien, ha llegado a esta redacci\u00f3n la noticia de que uno de nuestros\u00a0 m\u00e1s veteranos,don Alfredo Arrebola, Doctor\u00a0 en Filosof\u00eda y Letras y Premio\u00a0 Nacional de Flamenco\u00a0 y Flamencolog\u00eda, ha sido requerido por la Universidad de Murcia para formar parte del Jurado\u00a0 Calificador de Tesis Doctorales.<\/p>\n<p style=\"text-align: justify;\">\u00a0 La \u201cdoctoranda\u201d, D\u00aa\u00a0 Victoria Cava Guirao, especialista en \u201cM\u00fasica, Periodismo y, adem\u00e1s, Cantaora\u201d, present\u00f3\u00a0 en el \u201cSal\u00f3n de Grados\u201d la extraordinaria, magn\u00edfica, sublime e inaudita Tesis \u201cLas Coplas Flamencas como Transmisoras Universales de Sentimientos\u00a0 y Herramienta Did\u00e1ctica: Un Caso Aplicado Sorprendente\u201d, que guiada por la sabia\u00a0 mano del Profesor, Periodista, Fil\u00f3sofo, Poeta y Flamenc\u00f3logo Dr. Antonio\u00a0 Parra\u00a0 Pujante, fue\u00a0 defendida en la Facultad de Educaci\u00f3n de la Universidad de\u00a0 Murcia, el d\u00eda 19 de\u00a0 septiembre de 2017. El Jurado estaba formado por la Doctora D\u00aa Rosa Mar\u00eda\u00a0 Herv\u00e1s Avil\u00e9s, como Presidenta; la Doctora\u00a0 D\u00aa Eva Aladro Vico, Profesora de Periodismo en la Universidad Complutense de Madrid, como Secretaria y el Profesor Dr. D. Alfredo Arrebola.<\/p>\n<p style=\"text-align: justify;\">\u00a0\u00a0\u00a0\u00a0\u00a0\u00a0\u00a0\u00a0\u00a0\u00a0 La Tesis doctoral conten\u00eda dos partes diferentes pero muy bien enlazadas\u00a0 y conectadas\u00a0 entre s\u00ed: Las\u00a0 coplas flamencas como instrumento de comprensi\u00f3n de los valores culturales, sociales, religiosos, art\u00edsticos y psicoantropol\u00f3gicos. La exposici\u00f3n siempre iba acompa\u00f1ada de argumentos hist\u00f3ricos, literarios y musicales. Sin embargo, la grandeza y \u201clo inesperado\u201d de este dif\u00edcil y laborioso trabajo estaba centrado en hacer del flamenco un instrumento terap\u00e9utico, con alumnos discapacitados en grado sumo, comprendidos entre los 3\u00a0 y 22 a\u00f1os.<\/p>\n<p style=\"text-align: justify;\">\u00a0Ante la contemplaci\u00f3n de aquellos videos, tan bien trabajados, no s\u00f3lo el Jurado, que permiti\u00f3 a la doctoranda emplear una hora y media en la exposici\u00f3n, sino a cuantos tuvieron la suerte de asistir a tan\u00a0 elevado acto cultural, pedag\u00f3gico, metodol\u00f3gico y, sobre todo, tan inaudito. Jam\u00e1s se hab\u00eda hablado del flamenco \u2013 ortodoxo y educativo &#8211; como lo realiz\u00f3\u00a0 la ya DOCTORA Victoria Cava Guirao, natural y vecina de Ceheg\u00edn\u00a0 (Murcia). El acto tuvo un final maravilloso: El Profesor-Cantaor Alfredo Arrebola expres\u00f3 su agradecimiento y alegr\u00eda cantando , acompa\u00f1ado de la guitarra de Victoria Cava, por\u00a0 Ton\u00e1 y\u00a0 Martinete. Un \u201cSOBRESALIENTE cum\u00a0 laude\u201d fue la cosecha recogida por Victoria Cava.<\/p>\n<p style=\"text-align: justify;\"><a href=\"http:\/\/granadacostanacional.es\/wp-content\/uploads\/2017\/09\/IMG-20170919-WA0057.jpg\"><img decoding=\"async\" loading=\"lazy\" class=\"alignnone  wp-image-14403\" src=\"http:\/\/granadacostanacional.es\/wp-content\/uploads\/2017\/09\/IMG-20170919-WA0057-264x300.jpg\" alt=\"IMG-20170919-WA0057\" width=\"372\" height=\"423\" \/><\/a><\/p>\n<p style=\"text-align: justify;\">\u00a0\u00a0\u00a0\u00a0\u00a0 La Tesis de Victoria Cava Guirao deber\u00eda\u00a0 llegar hasta las m\u00e1s altas esferas del Ministerio de Educaci\u00f3n y -\u00a1c\u00f3mo no! &#8211; de la Consejer\u00eda de Educaci\u00f3n de la Junta de Andaluc\u00eda, a ver si de una vez se dan cuenta de lo que realmente significa el\u00a0 Arte Flamenco en su trilo\u01f5\u00eda de Cante, Baile y Toque.<\/p>\n<p style=\"text-align: justify;\">Asistieron, adem\u00e1s de sus familiares, gentes de toda \u00edndole\u00a0 cultural. Enhorabuena a la\u00a0 Universidad de Murcia \u2013 \u00a1que tambi\u00e9n es\u00a0 tierra\u00a0 muy\u00a0 flamenca! &#8211; y &#8230;\u00a1 que corra\u00a0 el ejemplo!.<\/p>\n<p>&nbsp;<\/p>\n","protected":false},"excerpt":{"rendered":"<p>\u00a0\u00a0\u00a0\u00a0\u00a0\u00a0\u00a0\u00a0\u00a0\u00a0\u00a0\u00a0 Una de las caracter\u00edsticas espec\u00edficas \u2013 y tambi\u00e9n\u00a0 distintivas \u2013 del peri\u00f3dico GRANADA\u00a0 COSTA es su car\u00e1cter eminentemente cultural.&hellip;<\/p>\n","protected":false},"author":2,"featured_media":14402,"comment_status":"open","ping_status":"open","sticky":false,"template":"","format":"standard","meta":{"om_disable_all_campaigns":false,"_mi_skip_tracking":false,"_monsterinsights_sitenote_active":false,"_monsterinsights_sitenote_note":"","_monsterinsights_sitenote_category":0,"footnotes":""},"categories":[22],"tags":[],"aioseo_notices":[],"_links":{"self":[{"href":"https:\/\/granadacostaglobal.es\/index.php?rest_route=\/wp\/v2\/posts\/14401"}],"collection":[{"href":"https:\/\/granadacostaglobal.es\/index.php?rest_route=\/wp\/v2\/posts"}],"about":[{"href":"https:\/\/granadacostaglobal.es\/index.php?rest_route=\/wp\/v2\/types\/post"}],"author":[{"embeddable":true,"href":"https:\/\/granadacostaglobal.es\/index.php?rest_route=\/wp\/v2\/users\/2"}],"replies":[{"embeddable":true,"href":"https:\/\/granadacostaglobal.es\/index.php?rest_route=%2Fwp%2Fv2%2Fcomments&post=14401"}],"version-history":[{"count":0,"href":"https:\/\/granadacostaglobal.es\/index.php?rest_route=\/wp\/v2\/posts\/14401\/revisions"}],"wp:featuredmedia":[{"embeddable":true,"href":"https:\/\/granadacostaglobal.es\/index.php?rest_route=\/"}],"wp:attachment":[{"href":"https:\/\/granadacostaglobal.es\/index.php?rest_route=%2Fwp%2Fv2%2Fmedia&parent=14401"}],"wp:term":[{"taxonomy":"category","embeddable":true,"href":"https:\/\/granadacostaglobal.es\/index.php?rest_route=%2Fwp%2Fv2%2Fcategories&post=14401"},{"taxonomy":"post_tag","embeddable":true,"href":"https:\/\/granadacostaglobal.es\/index.php?rest_route=%2Fwp%2Fv2%2Ftags&post=14401"}],"curies":[{"name":"wp","href":"https:\/\/api.w.org\/{rel}","templated":true}]}}