{"id":14391,"date":"2017-09-25T06:24:05","date_gmt":"2017-09-25T06:24:05","guid":{"rendered":"http:\/\/granadacostanacional.es\/?p=14391"},"modified":"2017-09-25T06:24:05","modified_gmt":"2017-09-25T06:24:05","slug":"ibercaza-aumenta-a-88-sus-expositores-y-se-convierte-en-la-referencia-andaluza-de-una-actividad-que-genera-50-mil-jornales-directos-al-ano","status":"publish","type":"post","link":"https:\/\/granadacostaglobal.es\/?p=14391","title":{"rendered":"Ibercaza aumenta a 88 sus expositores y se convierte en la referencia andaluza de una actividad que genera 50 mil jornales directos al a\u00f1o"},"content":{"rendered":"<p style=\"text-align: justify;\"><strong>Los consejeros de Medio Ambiente y Ordenaci\u00f3n del Territorio y Agricultura, Pesca y Desarrollo Rural inauguran la \u00faltima edici\u00f3n de la feria de la caza y la pesca<\/strong><\/p>\n<p style=\"text-align: justify;\">El consejero de Medio Ambiente y Ordenaci\u00f3n del Territorio, Jos\u00e9 Fiscal, ha inaugurado hoy junto al consejero de Agricultura, Pesca de Desarrollo Rural, Rodrigo S\u00e1nchez, y al presidente de la diputaci\u00f3n de Ja\u00e9n, Francisco Reyes, Ibercaza, la feria de la caza y la pesca de Ja\u00e9n, que alcanza este a\u00f1o su d\u00e9cima edici\u00f3n.<\/p>\n<p style=\"text-align: justify;\">Ibercaza, que permanecer\u00e1 abierta hasta el pr\u00f3ximo domingo 24 de septiembre, ha incrementado este a\u00f1o un 10% el n\u00famero de expositores que muestran sus ofertas en la feria, por lo que los visitantes tendr\u00e1n a su disposici\u00f3n a 88 empresas y entidades relacionadas con la caza y la pesca.<\/p>\n<p style=\"text-align: justify;\">Durante el acto, el consejero de Medio Ambiente ha resaltado que la caza en Andaluc\u00eda se convierte en un importante motor econ\u00f3mico de las zonas rurales, evita el \u00e9xodo y permite\u00a0 la fijaci\u00f3n al territorio de la poblaci\u00f3n. Todo ello, a trav\u00e9s de la generaci\u00f3n de casi 50 mil jornales directos anuales y un movimiento econ\u00f3mico entorno a los 71 millones de beneficios directos.<\/p>\n<p style=\"text-align: justify;\">Jos\u00e9 Fiscal ha indicado que el mundo de la caza y la pesca, a trav\u00e9s\u00a0 de\u00a0 los servicios asociados indirectos como son la hosteler\u00eda, restauraci\u00f3n, viajes, equipamientos y todos los sectores que pueden verse y visitarse en los expositores de Ibercaza, generan y movilizan bastantes recursos que permiten incluso\u00a0 hablar de la caza como uno de los\u00a0 grandes aportadores al Producto Interior Bruto\u00a0 de la comunidad aut\u00f3noma andaluza.<\/p>\n<p style=\"text-align: justify;\">Este a\u00f1o la temporada de caza se ha estrenado en Andaluc\u00eda con la aprobaci\u00f3n del nuevo Decreto por el que se regula esta actividad en nuestra comunidad aut\u00f3noma. El nuevo reglamento de caza ha contado con la participaci\u00f3n amplia de todos los sectores implicados en ella y recoge el 85 % de sus necesidades y peticiones.<\/p>\n<p style=\"text-align: justify;\">El nuevo reglamento de caza aporta como novedades m\u00e1s importantes la reducci\u00f3n, simplificaci\u00f3n y agilizaci\u00f3n de determinados tr\u00e1mites administrativos, la incorporaci\u00f3n de la declaraci\u00f3n responsable como un elemento dinamizador y de co-responsabilidad de los cazadores en el ejercicio y en la ordenaci\u00f3n de su actividad, un incremento en la transparencia de la gesti\u00f3n de este recurso y una reducci\u00f3n en la intervenci\u00f3n de la administraci\u00f3n en todos estos procedimientos y tr\u00e1mites.<\/p>\n","protected":false},"excerpt":{"rendered":"<p>Los consejeros de Medio Ambiente y Ordenaci\u00f3n del Territorio y Agricultura, Pesca y Desarrollo Rural inauguran la \u00faltima edici\u00f3n de&hellip;<\/p>\n","protected":false},"author":2,"featured_media":14392,"comment_status":"open","ping_status":"open","sticky":false,"template":"","format":"standard","meta":{"om_disable_all_campaigns":false,"_mi_skip_tracking":false,"_monsterinsights_sitenote_active":false,"_monsterinsights_sitenote_note":"","_monsterinsights_sitenote_category":0,"footnotes":""},"categories":[22],"tags":[],"aioseo_notices":[],"_links":{"self":[{"href":"https:\/\/granadacostaglobal.es\/index.php?rest_route=\/wp\/v2\/posts\/14391"}],"collection":[{"href":"https:\/\/granadacostaglobal.es\/index.php?rest_route=\/wp\/v2\/posts"}],"about":[{"href":"https:\/\/granadacostaglobal.es\/index.php?rest_route=\/wp\/v2\/types\/post"}],"author":[{"embeddable":true,"href":"https:\/\/granadacostaglobal.es\/index.php?rest_route=\/wp\/v2\/users\/2"}],"replies":[{"embeddable":true,"href":"https:\/\/granadacostaglobal.es\/index.php?rest_route=%2Fwp%2Fv2%2Fcomments&post=14391"}],"version-history":[{"count":0,"href":"https:\/\/granadacostaglobal.es\/index.php?rest_route=\/wp\/v2\/posts\/14391\/revisions"}],"wp:featuredmedia":[{"embeddable":true,"href":"https:\/\/granadacostaglobal.es\/index.php?rest_route=\/"}],"wp:attachment":[{"href":"https:\/\/granadacostaglobal.es\/index.php?rest_route=%2Fwp%2Fv2%2Fmedia&parent=14391"}],"wp:term":[{"taxonomy":"category","embeddable":true,"href":"https:\/\/granadacostaglobal.es\/index.php?rest_route=%2Fwp%2Fv2%2Fcategories&post=14391"},{"taxonomy":"post_tag","embeddable":true,"href":"https:\/\/granadacostaglobal.es\/index.php?rest_route=%2Fwp%2Fv2%2Ftags&post=14391"}],"curies":[{"name":"wp","href":"https:\/\/api.w.org\/{rel}","templated":true}]}}