{"id":14388,"date":"2017-09-25T06:19:43","date_gmt":"2017-09-25T06:19:43","guid":{"rendered":"http:\/\/granadacostanacional.es\/?p=14388"},"modified":"2017-09-25T06:19:43","modified_gmt":"2017-09-25T06:19:43","slug":"seis-nuevos-centros-educativos-andaluces-son-reconocidos-por-el-estado-frances-por-difundir-la-lengua-y-cultura-galas","status":"publish","type":"post","link":"https:\/\/granadacostaglobal.es\/?p=14388","title":{"rendered":"Seis nuevos centros educativos andaluces son reconocidos por el Estado franc\u00e9s por difundir la lengua y cultura galas"},"content":{"rendered":"<p style=\"text-align: justify;\"><strong>El Label FrancEducation 2017 ha sido concedido a institutos y colegios de las provincias de Almer\u00eda, C\u00e1diz, C\u00f3rdoba, Granada\u00a0 y Huelva.<\/strong><\/p>\n<p style=\"text-align: justify;\">\u00a0\u00a0\u00a0\u00a0\u00a0\u00a0\u00a0\u00a0\u00a0\u00a0\u00a0 El Ministerio de Asuntos Exteriores y Desarrollo Internacional de Francia ha concedido el sello de calidad educativa Label FrancEducation 2017 a los Institutos de Ense\u00f1anza Secundaria &#8216;Jos\u00e9 Luis Tejada Peluffo&#8217; de El Puerto de Santa Mar\u00eda (C\u00e1diz), &#8216;Ulia Fidentia&#8217; de Montemayor (C\u00f3rdoba), &#8216;Aricel&#8217; de Albolote (Granada) y &#8216;Alto Conquero&#8217; de Huelva. Tambi\u00e9n han sido galardonados los colegios de Infantil y Primaria &#8216;Madre de la Luz&#8217; de Almer\u00eda y &#8216;Garc\u00eda Lorca&#8217; de Huelva. Esta distinci\u00f3n es un reconocimiento a aquellos centros educativos que contribuyen a la difusi\u00f3n de la lengua y la cultura francesas.<\/p>\n<p style=\"text-align: justify;\">Estos seis centros se suman a los otros cinco centros andaluces, el IES &#8216;Drago&#8217; de C\u00e1diz y\u00a0 IES &#8216;Triana&#8217; de Sevilla, que ya obtuvieron el Label FrancEdcuationen 2014 y\u00a0 2015, respectivamente y los institutos &#8216;Albor\u00e1n&#8217; de Almar\u00eda, &#8216;Virgen del Carmen&#8217; de Ja\u00e9n y el colegio de Infantil y Primaria &#8216;Reyes Cat\u00f3licos&#8217; de Cadiz, que lo obtuvieron en 2016. Este sello reconoce el trabajo de los centros educativos que ofrecen a su alumnado una ense\u00f1anza reforzada en franc\u00e9s y que permiten a los estudiantes descubrir otras materias en este idioma.<\/p>\n<p style=\"text-align: justify;\">Los centros con este sello de calidad pasan a integrar una red educativa internacional que cuenta con 209 centros escolares de 44 pa\u00edses, a lo que se les valora la ense\u00f1anza biling\u00fce franc\u00f3fona de excelencia impartida. En Espa\u00f1a existen 25 centros con esta distinci\u00f3n, de los cuales once son andaluces. Adem\u00e1s, los \u00fanicos colegios de Primaria con este galard\u00f3n en el pa\u00eds son de Andaluc\u00eda<\/p>\n<p style=\"text-align: justify;\">\u00a0\u00a0\u00a0\u00a0\u00a0\u00a0\u00a0\u00a0\u00a0\u00a0\u00a0 La Consejer\u00eda de Educaci\u00f3n ha incrementado este curso en 84 la red de centros con ense\u00f1anzas biling\u00fces, hasta llegar a los 1.455, de los que 1.417 est\u00e1n sostenidos con fondos p\u00fablicos. De esta oferta, 1.079 son de titularidad auton\u00f3mica, 63 de nueva incorporaci\u00f3n (41 colegios de Infantil y Primaria y 22 institutos de Secundaria). En total ser\u00e1n 460.975 los alumnos escolarizados en centros sostenidos con fondos p\u00fablicos los que recibir\u00e1n formaci\u00f3n en un segundo idioma.<\/p>\n<p>&nbsp;<\/p>\n<p>&nbsp;<\/p>\n","protected":false},"excerpt":{"rendered":"<p>El Label FrancEducation 2017 ha sido concedido a institutos y colegios de las provincias de Almer\u00eda, C\u00e1diz, C\u00f3rdoba, Granada\u00a0 y&hellip;<\/p>\n","protected":false},"author":2,"featured_media":14389,"comment_status":"open","ping_status":"open","sticky":false,"template":"","format":"standard","meta":{"om_disable_all_campaigns":false,"_mi_skip_tracking":false,"_monsterinsights_sitenote_active":false,"_monsterinsights_sitenote_note":"","_monsterinsights_sitenote_category":0,"footnotes":""},"categories":[22],"tags":[],"aioseo_notices":[],"_links":{"self":[{"href":"https:\/\/granadacostaglobal.es\/index.php?rest_route=\/wp\/v2\/posts\/14388"}],"collection":[{"href":"https:\/\/granadacostaglobal.es\/index.php?rest_route=\/wp\/v2\/posts"}],"about":[{"href":"https:\/\/granadacostaglobal.es\/index.php?rest_route=\/wp\/v2\/types\/post"}],"author":[{"embeddable":true,"href":"https:\/\/granadacostaglobal.es\/index.php?rest_route=\/wp\/v2\/users\/2"}],"replies":[{"embeddable":true,"href":"https:\/\/granadacostaglobal.es\/index.php?rest_route=%2Fwp%2Fv2%2Fcomments&post=14388"}],"version-history":[{"count":0,"href":"https:\/\/granadacostaglobal.es\/index.php?rest_route=\/wp\/v2\/posts\/14388\/revisions"}],"wp:featuredmedia":[{"embeddable":true,"href":"https:\/\/granadacostaglobal.es\/index.php?rest_route=\/"}],"wp:attachment":[{"href":"https:\/\/granadacostaglobal.es\/index.php?rest_route=%2Fwp%2Fv2%2Fmedia&parent=14388"}],"wp:term":[{"taxonomy":"category","embeddable":true,"href":"https:\/\/granadacostaglobal.es\/index.php?rest_route=%2Fwp%2Fv2%2Fcategories&post=14388"},{"taxonomy":"post_tag","embeddable":true,"href":"https:\/\/granadacostaglobal.es\/index.php?rest_route=%2Fwp%2Fv2%2Ftags&post=14388"}],"curies":[{"name":"wp","href":"https:\/\/api.w.org\/{rel}","templated":true}]}}