{"id":14361,"date":"2017-09-20T06:43:59","date_gmt":"2017-09-20T06:43:59","guid":{"rendered":"http:\/\/granadacostanacional.es\/?p=14361"},"modified":"2017-09-20T06:43:59","modified_gmt":"2017-09-20T06:43:59","slug":"fiscal-afirma-que-la-revision-del-plan-de-ordenacion-de-vias-pecuarias-mejorara-las-funciones-de-estos-caminos-tradicionales","status":"publish","type":"post","link":"https:\/\/granadacostaglobal.es\/?p=14361","title":{"rendered":"Fiscal afirma que la revisi\u00f3n del Plan de Ordenaci\u00f3n de V\u00edas  Pecuarias mejorar\u00e1 las funciones de estos caminos tradicionales"},"content":{"rendered":"<h3 style=\"text-align: justify;\">El consejero destaca el trabajo de la Junta para recuperar y revalorizar unas\u00a0 infraestructuras claves para la dinamizaci\u00f3n econ\u00f3mica de los n\u00facleos rurales<\/h3>\n<p style=\"text-align: justify;\">El consejero de Medio Ambiente y Ordenaci\u00f3n del Territorio, Jos\u00e9 Fiscal, ha asegurado en el Parlamento andaluz que la revisi\u00f3n del Plan de Ordenaci\u00f3n y Recuperaci\u00f3n de la Red andaluza de V\u00edas Pecuarias permitir\u00e1 actualizar sus objetivos y mejorar las funciones\u00a0 de estos caminos tradicionales, unas infraestructuras de comunicaci\u00f3n claves para la dinamizaci\u00f3n econ\u00f3mica de los n\u00facleos rurales. De esta manera, se realizar\u00e1 un diagn\u00f3stico de la red, como apoyo al proceso de planificaci\u00f3n para el periodo 2017-2020, que servir\u00e1 de referencia para el dise\u00f1o de las actuaciones de recuperaci\u00f3n, de acuerdo con la actual planificaci\u00f3n territorial, ambiental y rural. Este documento estar\u00e1 finalizado a finales de este a\u00f1o.<\/p>\n<p style=\"text-align: justify;\">\u00a0\u00a0\u00a0\u00a0\u00a0\u00a0\u00a0\u00a0\u00a0\u00a0\u00a0 Durante su intervenci\u00f3n, Fiscal ha avanzado que la consejer\u00eda va a continuar con el programa de ejecuci\u00f3n de la Red Prioritaria de Infraestructuras Verdes en el Medio Rural, que para el periodo 2017-2019 cuenta con 1,7 millones de euros destinados a la adecuaci\u00f3n de caminos o conexiones ligados a la actividad productiva y a la comercializaci\u00f3n de los peque\u00f1os n\u00facleos que tienen en la agricultura, la ganader\u00eda y la artesan\u00eda su fuente de riqueza y puestos de trabajo.<\/p>\n<p style=\"text-align: justify;\">\u00a0\u00a0\u00a0\u00a0\u00a0\u00a0\u00a0\u00a0\u00a0\u00a0\u00a0 En concreto, las actuaciones se realizar\u00e1n en el Camino de las Funciones Reales en su uni\u00f3n con el camino de Fond\u00f3n a Alcora, en la provincia de Almer\u00eda; en comunicaciones agrarias del Parque Natural Sierra de Grazalema, en C\u00e1diz; en el nexo Do\u00f1a Menc\u00eda-Baena en la comarca Subb\u00e9tica, en C\u00f3rdoba; en la conexi\u00f3n entre Loja y Zafarraya y Alhama de Granada, en Granada; en el Eje Este-Oeste de la comarca Condado-Campi\u00f1a, en Huelva; en el entorno de Sierra M\u00e1gina, en Ja\u00e9n; en las comunicaciones entre Ronda y Almargen, en M\u00e1laga; y en conexiones\u00a0 agrarias del entorno Do\u00f1ana- Corredor Verde del Guadiamar, en la provincia de Sevilla.<\/p>\n<p style=\"text-align: justify;\">\u00a0\u00a0\u00a0\u00a0\u00a0\u00a0\u00a0\u00a0\u00a0\u00a0\u00a0 Respecto al Programa de Puertas Verdes, cofinanciado con el Fondo Europeo de Desarrollo Regional Feder, el consejero ha informado que este cuenta para el periodo 2017-2020 con un total de 7 millones de euros. Esta iniciativa, que en su primera fase benefici\u00f3 a municipios de m\u00e1s de 50.000 habitantes, se desarrolla en la actualidad en municipios de m\u00e1s de 20.000. Con un presupuesto de 2 millones de euros, se est\u00e1n realizando obras en la Puerta Verde de Almer\u00eda,en\u00a0 la de Chiclana de la Frontera con la conexi\u00f3n del Corredor Verde Dos Bah\u00edas y los Navarros, en la de Montilla, en la de Huelva-San Juan del Puerto-Niebla, as\u00ed como en las de \u00dabeda, And\u00fajar, Ronda y en la segunda fase de la Puerta Verde Metropolitana de Sevilla.<\/p>\n<p style=\"text-align: justify;\">\u00a0\u00a0\u00a0\u00a0\u00a0\u00a0\u00a0\u00a0\u00a0\u00a0\u00a0 A estas actuaciones hay que sumar las previstas en 2019-2020. En concreto, la segunda fase de tres puertas verdes que han tenido especial acogida entre los usuarios como son las de Almer\u00eda, Chiclana de la Frontera y Montilla; as\u00ed como en las de &#8216;Niebla-Camino Rural Rio Tinto&#8217;, &#8216;\u00c9cija- Complejo Endorreico La Lantejuela&#8217; y &#8216;Lebrija-Laguna de Los Tollos&#8217;.<\/p>\n<p style=\"text-align: justify;\">Durante su intervenci\u00f3n, Fiscal ha destacado el papel que desempe\u00f1a la Junta de Andaluc\u00eda para recuperar estos caminos tradicionales y\u00a0 revalorizar un patrimonio de incalculable valor que estaba en riesgo de desaparici\u00f3n. Un ejemplo de ello es que la Administraci\u00f3n auton\u00f3mica ha deslindado en toda Andaluc\u00eda, a trav\u00e9s del plan de recuperaci\u00f3n, cerca de 9.000 kil\u00f3metros de v\u00edas pecuarias, que constituyen casi el 90% de las clasificadas con prioridad de nivel 1.<\/p>\n<p style=\"text-align: justify;\">\u00a0\u00a0\u00a0\u00a0\u00a0\u00a0\u00a0\u00a0\u00a0\u00a0\u00a0 En este sentido, ha recordado las acciones desarrolladas por su departamento el pasado a\u00f1o para la recuperaci\u00f3n de estos caminos tradicionales, destinados especialmente al mantenimiento de los corredores verdes y al Programa de Puertas Verdes, una iniciativa que ha permitido la creaci\u00f3n de verdaderos sistemas de espacios libres en las aglomeraciones urbanas de Andaluc\u00eda.<\/p>\n<p style=\"text-align: justify;\">\u00a0\u00a0\u00a0\u00a0\u00a0\u00a0\u00a0\u00a0\u00a0\u00a0\u00a0 As\u00ed durante 2016 la Junta ha invertido m\u00e1s de 2 millones de euros en el acondicionamiento y deslinde de v\u00edas pecuarias, de los cuales 1,7 millones provienen de fondos Feader y el resto (357.139 euros) de autofinaciaci\u00f3n.<\/p>\n","protected":false},"excerpt":{"rendered":"<p>El consejero destaca el trabajo de la Junta para recuperar y revalorizar unas\u00a0 infraestructuras claves para la dinamizaci\u00f3n econ\u00f3mica de&hellip;<\/p>\n","protected":false},"author":2,"featured_media":14362,"comment_status":"open","ping_status":"open","sticky":false,"template":"","format":"standard","meta":{"om_disable_all_campaigns":false,"_mi_skip_tracking":false,"_monsterinsights_sitenote_active":false,"_monsterinsights_sitenote_note":"","_monsterinsights_sitenote_category":0,"footnotes":""},"categories":[22],"tags":[],"aioseo_notices":[],"_links":{"self":[{"href":"https:\/\/granadacostaglobal.es\/index.php?rest_route=\/wp\/v2\/posts\/14361"}],"collection":[{"href":"https:\/\/granadacostaglobal.es\/index.php?rest_route=\/wp\/v2\/posts"}],"about":[{"href":"https:\/\/granadacostaglobal.es\/index.php?rest_route=\/wp\/v2\/types\/post"}],"author":[{"embeddable":true,"href":"https:\/\/granadacostaglobal.es\/index.php?rest_route=\/wp\/v2\/users\/2"}],"replies":[{"embeddable":true,"href":"https:\/\/granadacostaglobal.es\/index.php?rest_route=%2Fwp%2Fv2%2Fcomments&post=14361"}],"version-history":[{"count":0,"href":"https:\/\/granadacostaglobal.es\/index.php?rest_route=\/wp\/v2\/posts\/14361\/revisions"}],"wp:featuredmedia":[{"embeddable":true,"href":"https:\/\/granadacostaglobal.es\/index.php?rest_route=\/"}],"wp:attachment":[{"href":"https:\/\/granadacostaglobal.es\/index.php?rest_route=%2Fwp%2Fv2%2Fmedia&parent=14361"}],"wp:term":[{"taxonomy":"category","embeddable":true,"href":"https:\/\/granadacostaglobal.es\/index.php?rest_route=%2Fwp%2Fv2%2Fcategories&post=14361"},{"taxonomy":"post_tag","embeddable":true,"href":"https:\/\/granadacostaglobal.es\/index.php?rest_route=%2Fwp%2Fv2%2Ftags&post=14361"}],"curies":[{"name":"wp","href":"https:\/\/api.w.org\/{rel}","templated":true}]}}