{"id":14346,"date":"2017-09-18T11:51:18","date_gmt":"2017-09-18T11:51:18","guid":{"rendered":"http:\/\/granadacostanacional.es\/?p=14346"},"modified":"2017-09-18T11:51:18","modified_gmt":"2017-09-18T11:51:18","slug":"la-interesada-dictadura-o-el-fingido-acercamiento-al-dialogo-en-venezuela","status":"publish","type":"post","link":"https:\/\/granadacostaglobal.es\/?p=14346","title":{"rendered":"La interesada dictadura o el fingido acercamiento al di\u00e1logo en Venezuela."},"content":{"rendered":"<p style=\"text-align: justify;\">Despu\u00e9s de la inagotable opini\u00f3n cr\u00edtica de esta semana sobre la intervenci\u00f3n del refer\u00e9ndum catal\u00e1n, y el necesario distanciamiento; es hora de retomar el rumbo de la crisis pol\u00edtica venezolana pues sigue generando un desasosiego, un malestar, una opini\u00f3n inc\u00f3moda o c\u00f3moda de \u201cculebr\u00f3n\u201d que no sabemos lo que nos depara, seg\u00fan interese de desamparo al menos en Espa\u00f1a y a nivel internacional. De modo que paso a hacer las siguientes cuestiones ret\u00f3ricas para que ustedes piensen en las respuestas claras u opacas, seg\u00fan se mire.<\/p>\n<p style=\"text-align: justify;\">\u00bfBusca realmente un di\u00e1logo para algo, Maduro el dictador, o\u00a0 es un presidente poco democr\u00e1tico amenazado por los grandes poderes f\u00e1cticos? \u00bfSon terroristas los manifestantes que paralizan, cada d\u00eda, las calles de Caracas o son ciudadanos hartos de la represi\u00f3n y la miseria? \u00bfLos pa\u00edses extranjeros que apoyan o se oponen a Maduro est\u00e1n movidos por el amor a la libertad o a la solidaridad, o m\u00e1s bien les empujan intereses econ\u00f3micos? Es obvio que, como suele ocurrir en cualquier conflicto nacional o internacional, las grandes preguntas no pueden responderse sin entrar en una serie de matices y contradicciones. En Venezuela, especialmente, todo est\u00e1 lleno de matices de distinta intensidad.<\/p>\n<p style=\"text-align: justify;\">Quiz\u00e1s por eso sorprenden los incr\u00e9dulos juicios ahora de di\u00e1logo o antes tan categ\u00f3ricos y tan radicales que se emiten en nuestro pa\u00eds, y que no dejan resquicios para la duda o el debate. Lo que est\u00e1 claro es que en Venezuela se vive con un gran conflicto y est\u00e1 en tensi\u00f3n, se prepara para las marchas a favor y en contra del Gobierno. Por eso no dudo de la preocupaci\u00f3n que genera la situaci\u00f3n de violencia y de involuci\u00f3n democr\u00e1tica que se est\u00e1 dando en ese pa\u00eds. Sin embargo, la repulsa contra &#8220;el dictador Maduro&#8221;, no s\u00f3lo debemos justificarla y basarla por su tiran\u00eda o autoritarismo, ya que el asunto por intereses puramente econ\u00f3micos tambi\u00e9n es deleznable.<\/p>\n<p style=\"text-align: justify;\">Si no \u00a0qu\u00e9 ocurre\u00a0 cuando se vende armamento a Israel, o cuando se\u00a0 hacen negocios de armamento en Guinea Ecuatorial, o el incremento de nuestras relaciones comerciales con China\u2026 \u00bfS\u00f3lo nos importa la libertad de Venezuela? O m\u00e1s bien \u00bfs\u00f3lo nos importa la libertad si el tirano de turno es inc\u00f3modo para nuestras aspiraciones econ\u00f3micas? Porque no se tiene reparos en callar y no protestar ante las violaciones de los derechos humanos que se perpetran a diario en otras dictaduras como las de los citados pa\u00edses por comparar con algunos ejemplos; da igual que las mujeres, ni\u00f1os y ancianos palestinos no puedan ni siquiera visitar a sus familiares y en sus tierras, que exista el esclavismo laboral guineano y chino en gran parte de su poblaci\u00f3n.<\/p>\n<p style=\"text-align: justify;\">Cualquier desenlace que no priorice la defensa de los derechos humanos \u201csine qua non\u201d,\u00a0 ser\u00eda dram\u00e1tico porque ir\u00eda acompa\u00f1ado de actos violentos. Por esto hay que dar la voz al pueblo. Pero con unas elecciones supervisadas por observadores internacionales como la \u00fanica garant\u00eda y salida incruenta. No es una tarea f\u00e1cil, no obstante espero que lo hagan las urnas y que el acercamiento de di\u00e1logo aparente o ama\u00f1ado sirva para algo, si los vigila el control de organismos internacionales, y no la violencia ni las armas que han marcado la desestabilizaci\u00f3n de Venezuela hasta ahora.<\/p>\n<p style=\"text-align: justify;\">Acaso no importa tampoco que se decapite en las plazas p\u00fablicas o que el ej\u00e9rcito est\u00e9 masacrando a la poblaci\u00f3n de Yemen. Y qu\u00e9 decir de los refugiados de Siria, de las vallas de Ceuta y Melilla, y tantos casos de apartheid; y c\u00f3mo los organismos internacionales que deber\u00edan garantizar la protecci\u00f3n de su libertad y dignidad cuando no sus vidas, miran para otro lado como hacen sin ning\u00fan pudor, primando los negocios econ\u00f3micos o ping\u00fces contratos con dictadores, sin importarle un bledo los derechos humanos. No se\u00f1ores org\u00e1nicos, la humanidad debe ser lo primero.<\/p>\n<p style=\"text-align: right;\"><strong>Francisco Velasco Rey<\/strong><\/p>\n","protected":false},"excerpt":{"rendered":"<p>Despu\u00e9s de la inagotable opini\u00f3n cr\u00edtica de esta semana sobre la intervenci\u00f3n del refer\u00e9ndum catal\u00e1n, y el necesario distanciamiento; es&hellip;<\/p>\n","protected":false},"author":2,"featured_media":0,"comment_status":"open","ping_status":"open","sticky":false,"template":"","format":"standard","meta":{"om_disable_all_campaigns":false,"_mi_skip_tracking":false,"_monsterinsights_sitenote_active":false,"_monsterinsights_sitenote_note":"","_monsterinsights_sitenote_category":0,"footnotes":""},"categories":[21],"tags":[],"aioseo_notices":[],"_links":{"self":[{"href":"https:\/\/granadacostaglobal.es\/index.php?rest_route=\/wp\/v2\/posts\/14346"}],"collection":[{"href":"https:\/\/granadacostaglobal.es\/index.php?rest_route=\/wp\/v2\/posts"}],"about":[{"href":"https:\/\/granadacostaglobal.es\/index.php?rest_route=\/wp\/v2\/types\/post"}],"author":[{"embeddable":true,"href":"https:\/\/granadacostaglobal.es\/index.php?rest_route=\/wp\/v2\/users\/2"}],"replies":[{"embeddable":true,"href":"https:\/\/granadacostaglobal.es\/index.php?rest_route=%2Fwp%2Fv2%2Fcomments&post=14346"}],"version-history":[{"count":0,"href":"https:\/\/granadacostaglobal.es\/index.php?rest_route=\/wp\/v2\/posts\/14346\/revisions"}],"wp:attachment":[{"href":"https:\/\/granadacostaglobal.es\/index.php?rest_route=%2Fwp%2Fv2%2Fmedia&parent=14346"}],"wp:term":[{"taxonomy":"category","embeddable":true,"href":"https:\/\/granadacostaglobal.es\/index.php?rest_route=%2Fwp%2Fv2%2Fcategories&post=14346"},{"taxonomy":"post_tag","embeddable":true,"href":"https:\/\/granadacostaglobal.es\/index.php?rest_route=%2Fwp%2Fv2%2Ftags&post=14346"}],"curies":[{"name":"wp","href":"https:\/\/api.w.org\/{rel}","templated":true}]}}