{"id":14343,"date":"2017-09-18T11:48:59","date_gmt":"2017-09-18T11:48:59","guid":{"rendered":"http:\/\/granadacostanacional.es\/?p=14343"},"modified":"2017-09-18T11:48:59","modified_gmt":"2017-09-18T11:48:59","slug":"la-junta-organiza-51-talleres-practicos-en-espacios-naturales-dirigidos-a-mayores","status":"publish","type":"post","link":"https:\/\/granadacostaglobal.es\/?p=14343","title":{"rendered":"La Junta organiza 51 talleres pr\u00e1cticos en espacios naturales dirigidos a mayores"},"content":{"rendered":"<p style=\"text-align: justify;\">El primero de los talleres se celebrar\u00e1 el 21 de septiembre en el Corredor Verde del Guadiamar (Sevilla)<\/p>\n<p style=\"text-align: justify;\">La Junta de Andaluc\u00eda iniciar\u00e1 el pr\u00f3ximo 21 de septiembre en el Corredor Verde del Guadiamar (Sevilla), en el marco del programa de educaci\u00f3n ambiental \u2018Mayores por el Medio Ambiente\u2019, una serie de talleres pr\u00e1cticos ambientales con el fin de sensibilizar a este sector de la poblaci\u00f3n sobre su papel en la construcci\u00f3n de un entorno saludable y sostenible, utilizando para ello espacios naturales adscritos a la Red Natura 2000. En total se han organizado 51, para grupos de compuestos por un m\u00e1ximo de 40 personas, de los cuales 24 que se celebrar\u00e1n este a\u00f1o y 27 durante 2018.<\/p>\n<p style=\"text-align: justify;\">Con esta iniciativa, organizada por la Consejer\u00eda de Medio Ambiente y Ordenaci\u00f3n del Territorio en colaboraci\u00f3n con la Consejer\u00eda\u00a0 de Igualdad y Pol\u00edticas Sociales, se pretende promover tambi\u00e9n actitudes responsables con el medio natural y favorecer el desarrollo de actividades de educaci\u00f3n ambiental..<\/p>\n<p style=\"text-align: justify;\">Con la celebraci\u00f3n de estos talleres se pretende dar a conocer la realidad ambiental m\u00e1s cercana, as\u00ed como trasladar informaci\u00f3n de las acciones que se est\u00e1n llevando a cabo para la gesti\u00f3n y resoluci\u00f3n de los\u00a0 problemas ambientales.<\/p>\n<p style=\"text-align: justify;\">Este programa est\u00e1 abierto a los mayores de 60 a\u00f1os vinculados a los Centros de Participaci\u00f3n Activa\u00a0 de Andaluc\u00eda, aunque tambi\u00e9n podr\u00e1n participar personas de centros de mayores de otras instituciones p\u00fablicas, as\u00ed como de las aulas de la experiencia de las universidades p\u00fablicas andaluzas.<\/p>\n<p style=\"text-align: justify;\">Este a\u00f1o se celebrar\u00e1n del 21 de septiembre al 28 de octubre en las ocho provincias andaluzas. En concreto equipamientos de uso p\u00fablico (centros de visitantes, aulas de la naturaleza, granjas escuelas y centros de educaci\u00f3n ambiental) de los espacios naturales\u00a0\u00a0\u00a0 Sierra Mar\u00eda Los V\u00e9lez, Cabo de Gata-N\u00edjar y Karst en Yesos, en la provincia de Almer\u00eda;\u00a0 Grazalema, Los Alcornocales, el Estrecho y Bah\u00eda de C\u00e1diz, en C\u00e1diz; Sierra de Carde\u00f1a, Hornachuelos y Laguna de Z\u00f3\u00f1ar, en C\u00f3rdoba; Marismas del Odiel, Do\u00f1ana\u00a0 y Sierra de Aracena y Picos de Aroche, en Huelva; Sierras de Cazorla, Segura y Las Villas,\u00a0 Despe\u00f1aperros y Sierra M\u00e1gina, en Ja\u00e9n; Torcal de Antequera, Fuente de P\u00eeedra y Sierra de las Nieves, en M\u00e1laga; y el Corredor Verde del Guadiamar y Sierra Norte, en la provincia de Sevilla<\/p>\n<p style=\"text-align: justify;\">La inscripci\u00f3n para poder asistir a estos talleres se realizar\u00e1 a trav\u00e9s de la red de Centros de Participaci\u00f3n Activa de Mayores. Adem\u00e1s de recibir los materiales y recursos necesarios, la Junta facilitar\u00e1 el transporte y la manutenci\u00f3n.<\/p>\n<p>&nbsp;<\/p>\n","protected":false},"excerpt":{"rendered":"<p>El primero de los talleres se celebrar\u00e1 el 21 de septiembre en el Corredor Verde del Guadiamar (Sevilla) La Junta&hellip;<\/p>\n","protected":false},"author":2,"featured_media":14344,"comment_status":"open","ping_status":"open","sticky":false,"template":"","format":"standard","meta":{"om_disable_all_campaigns":false,"_mi_skip_tracking":false,"_monsterinsights_sitenote_active":false,"_monsterinsights_sitenote_note":"","_monsterinsights_sitenote_category":0,"footnotes":""},"categories":[22],"tags":[],"aioseo_notices":[],"_links":{"self":[{"href":"https:\/\/granadacostaglobal.es\/index.php?rest_route=\/wp\/v2\/posts\/14343"}],"collection":[{"href":"https:\/\/granadacostaglobal.es\/index.php?rest_route=\/wp\/v2\/posts"}],"about":[{"href":"https:\/\/granadacostaglobal.es\/index.php?rest_route=\/wp\/v2\/types\/post"}],"author":[{"embeddable":true,"href":"https:\/\/granadacostaglobal.es\/index.php?rest_route=\/wp\/v2\/users\/2"}],"replies":[{"embeddable":true,"href":"https:\/\/granadacostaglobal.es\/index.php?rest_route=%2Fwp%2Fv2%2Fcomments&post=14343"}],"version-history":[{"count":0,"href":"https:\/\/granadacostaglobal.es\/index.php?rest_route=\/wp\/v2\/posts\/14343\/revisions"}],"wp:featuredmedia":[{"embeddable":true,"href":"https:\/\/granadacostaglobal.es\/index.php?rest_route=\/"}],"wp:attachment":[{"href":"https:\/\/granadacostaglobal.es\/index.php?rest_route=%2Fwp%2Fv2%2Fmedia&parent=14343"}],"wp:term":[{"taxonomy":"category","embeddable":true,"href":"https:\/\/granadacostaglobal.es\/index.php?rest_route=%2Fwp%2Fv2%2Fcategories&post=14343"},{"taxonomy":"post_tag","embeddable":true,"href":"https:\/\/granadacostaglobal.es\/index.php?rest_route=%2Fwp%2Fv2%2Ftags&post=14343"}],"curies":[{"name":"wp","href":"https:\/\/api.w.org\/{rel}","templated":true}]}}