{"id":14336,"date":"2017-09-18T06:17:40","date_gmt":"2017-09-18T06:17:40","guid":{"rendered":"http:\/\/granadacostanacional.es\/?p=14336"},"modified":"2017-09-18T06:17:40","modified_gmt":"2017-09-18T06:17:40","slug":"cazorla-segura-y-las-villas-es-el-espacio-natural-con-mas-empresas-adheridas-a-la-carta-europea-de-turismo-sostenible","status":"publish","type":"post","link":"https:\/\/granadacostaglobal.es\/?p=14336","title":{"rendered":"Cazorla, Segura y Las Villas es el espacio natural con m\u00e1s empresas adheridas a la Carta Europea de Turismo Sostenible"},"content":{"rendered":"<p style=\"text-align: justify;\">El consejero de Medio Ambiente y Ordenaci\u00f3n del Territorio entrega los premios de la II Feria de Turismo Sostenible del parque natural jiennense.<\/p>\n<p style=\"text-align: justify;\">El parque natural de Cazorla, Segura y Las Villas se ha convertido en el espacio natural de toda Espa\u00f1a con el mayor n\u00famero de empresas adheridas a la Carta Europea de Turismo Sostenible. Y lo hace coincidiendo con el A\u00f1o Internacional del Turismo Sostenible, que se conmemora durante este 2017. Tras la incorporaci\u00f3n este a\u00f1o de 11 empresas, son ya 37 las que se suman a esta iniciativa comunitaria.<\/p>\n<p style=\"text-align: justify;\">Precisamente las 11 nuevas empresas que cumplen con los requisitos de la Carta Europea de Turismo Sostenible han sido galardonadas hoy con los premios que otorga la Feria de Turismo Sostenible de Cazorla, Segura y Las Villas, que este a\u00f1o llega a su segunda edici\u00f3n.<\/p>\n<p style=\"text-align: justify;\">Durante el acto de entrega de los premios de la feria, el consejero de Medio Ambiente y Ordenaci\u00f3n del Territorio, Jos\u00e9 Fiscal, ha agradecido a todos los galardonados su trabajo para fomentar, divulgar y proteger todos los valores que emanan del mayor parque natural de Espa\u00f1a. Jos\u00e9 Fiscal ha se\u00f1alado que con sus casi 210.000 hect\u00e1reas se ha convertido en un ejemplo de c\u00f3mo la protecci\u00f3n y la defensa del patrimonio natural va de la mano del desarrollo sostenible cuando se es capaz de implicar a la poblaci\u00f3n que vive en los espacios naturales, cuando se es capaz de hacerla part\u00edcipe y protagonista de lo que ocurre en el parque.<\/p>\n<p style=\"text-align: justify;\">Fiscal ha indicado que adem\u00e1s de estar en el coraz\u00f3n del mayor parque natural de Espa\u00f1a y el segundo de Europa, Cazorla, Segura y Las Villas es desde 1983 Reserva de la Biosfera de la UNESCO; y su protecci\u00f3n como parque natural ha permitido, adem\u00e1s de conservar su belleza y biodiversidad, el desarrollo de los municipios que lo integran a trav\u00e9s de actividades relacionadas con el ecoturismo.<\/p>\n<p style=\"text-align: justify;\">Junto a las 11 empresas que se han adherido a la carta europea, han sido galardonados en esta edici\u00f3n de la feria la Asociaci\u00f3n de Ecoturismo de Espa\u00f1a, por fomentar el Ecoturismo y el Turismo sostenible en Espa\u00f1a; Canal Sur Andaluc\u00eda, por su difusi\u00f3n y promoci\u00f3n del patrimonio y de los valores medioambientales del Parque Natural; Antonio Arroyo, de Onda Cero, por llevar fuera de nuestras fronteras el nombre del Parque Natural; Europarc, por fomentar el Turismo Sostenible en Europa a trav\u00e9s de la carta Europea de Turismo Sostenible, distintivo de Calidad que reconoce las empresas y espacios naturales comprometidos con el Turismo Sostenible; y un premio especial al equipo humano del Infoca por su labor en la prevenci\u00f3n y extinci\u00f3n de incendios.<\/p>\n<p style=\"text-align: justify;\">La feria ha contado con una quincena de actividades relacionadas con el turismo sostenible. Expositores, exhibiciones, degustaciones, juegos, jornadas y talleres han completado un programa dirigido a todos los que desean disfrutar del Parque Natural de Cazorla, Segura y Las Villas.<\/p>\n","protected":false},"excerpt":{"rendered":"<p>El consejero de Medio Ambiente y Ordenaci\u00f3n del Territorio entrega los premios de la II Feria de Turismo Sostenible del&hellip;<\/p>\n","protected":false},"author":2,"featured_media":14337,"comment_status":"open","ping_status":"open","sticky":false,"template":"","format":"standard","meta":{"om_disable_all_campaigns":false,"_mi_skip_tracking":false,"_monsterinsights_sitenote_active":false,"_monsterinsights_sitenote_note":"","_monsterinsights_sitenote_category":0,"footnotes":""},"categories":[22],"tags":[],"aioseo_notices":[],"_links":{"self":[{"href":"https:\/\/granadacostaglobal.es\/index.php?rest_route=\/wp\/v2\/posts\/14336"}],"collection":[{"href":"https:\/\/granadacostaglobal.es\/index.php?rest_route=\/wp\/v2\/posts"}],"about":[{"href":"https:\/\/granadacostaglobal.es\/index.php?rest_route=\/wp\/v2\/types\/post"}],"author":[{"embeddable":true,"href":"https:\/\/granadacostaglobal.es\/index.php?rest_route=\/wp\/v2\/users\/2"}],"replies":[{"embeddable":true,"href":"https:\/\/granadacostaglobal.es\/index.php?rest_route=%2Fwp%2Fv2%2Fcomments&post=14336"}],"version-history":[{"count":0,"href":"https:\/\/granadacostaglobal.es\/index.php?rest_route=\/wp\/v2\/posts\/14336\/revisions"}],"wp:featuredmedia":[{"embeddable":true,"href":"https:\/\/granadacostaglobal.es\/index.php?rest_route=\/"}],"wp:attachment":[{"href":"https:\/\/granadacostaglobal.es\/index.php?rest_route=%2Fwp%2Fv2%2Fmedia&parent=14336"}],"wp:term":[{"taxonomy":"category","embeddable":true,"href":"https:\/\/granadacostaglobal.es\/index.php?rest_route=%2Fwp%2Fv2%2Fcategories&post=14336"},{"taxonomy":"post_tag","embeddable":true,"href":"https:\/\/granadacostaglobal.es\/index.php?rest_route=%2Fwp%2Fv2%2Ftags&post=14336"}],"curies":[{"name":"wp","href":"https:\/\/api.w.org\/{rel}","templated":true}]}}