{"id":14289,"date":"2017-09-14T06:21:32","date_gmt":"2017-09-14T06:21:32","guid":{"rendered":"http:\/\/granadacostanacional.es\/?p=14289"},"modified":"2017-09-14T06:21:32","modified_gmt":"2017-09-14T06:21:32","slug":"la-junta-destina-hasta-el-momento-mas-de-465-millones-de-euros-en-infraestructuras-de-depuracion","status":"publish","type":"post","link":"https:\/\/granadacostaglobal.es\/?p=14289","title":{"rendered":"La Junta destina hasta el momento m\u00e1s de 465 millones de euros en infraestructuras de depuraci\u00f3n"},"content":{"rendered":"<p style=\"text-align: justify;\"><strong>Fiscal propone huir de la confrontaci\u00f3n pol\u00edtica y colaborar entre las administraciones para resolver los problemas de los ciudadanos.<\/strong><\/p>\n<p style=\"text-align: justify;\">La inversi\u00f3n destinada por la Consejer\u00eda de Medio Ambiente y Ordenaci\u00f3n del Territorio en infraestructuras de depuraci\u00f3n declaradas de Inter\u00e9s de la Comunidad Aut\u00f3noma, a fecha 31 de diciembre de 2016, asciende a 465,5 millones de euros, muy por encima de lo recaudado mediante el canon auton\u00f3mico, seg\u00fan ha informado en el Parlamento andaluz el consejero Jos\u00e9 Fiscal. De esta cantidad, 288 millones se corresponden con inversi\u00f3n ejecutada. Asimismo, otros 177 millones ya est\u00e1n comprometidos para las obras en ejecuci\u00f3n.<\/p>\n<p style=\"text-align: justify;\">\u00a0Todos estos datos son accesibles y se pueden consultar en la web de la consejer\u00eda, donde se informa puntualmente de la actuaci\u00f3n aparecida en el Acuerdo del Consejo de Gobierno que recog\u00eda un total de 300 obras declaradas de Inter\u00e9s de la Comunidad Aut\u00f3noma y repartidas entre las ocho provincias andaluzas, el t\u00edtulo y el tipo del expediente de contrataci\u00f3n, su estado de tramitaci\u00f3n, la inversi\u00f3n ejecutada o la financiaci\u00f3n de la misma.<\/p>\n<p style=\"text-align: justify;\">Durante su intervenci\u00f3n en el Parlamento andaluz, el titular de Medio Ambiente ha abogado por dejar a un lado la confrontaci\u00f3n pol\u00edtica en materia de aguas y hacer un frente com\u00fan entre todas las administraciones para resolver los problemas de los ciudadanos. En esta l\u00ednea, ha puesto como ejemplo el protocolo suscrito el pasado 17 de julio en Estepona entre la Junta de Andaluc\u00eda y el Ministerio de Agricultura y Pesca, Alimentaci\u00f3n y Medio Ambiente para el cumplimiento de la Directiva europea sobre el tratamiento de las aguas residuales urbanas, que contempla una inversi\u00f3n total de 791 millones de euros para 149 actuaciones. Del presupuesto total, el Estado aportar\u00e1 231 millones procedentes de los fondos comunitarios Feder y la Junta 561 millones, de los que el 90% corresponden al canon de mejora auton\u00f3mico y el 10 % de fondos Feder.<\/p>\n<p style=\"text-align: justify;\">Para Fiscal, esta colaboraci\u00f3n entre administraciones es la que debe prevalecer por el inter\u00e9s com\u00fan y el bienestar de los ciudadanos. Por ello es necesario tambi\u00e9n la coordinaci\u00f3n con las administraciones locales y supramunicipales, as\u00ed como con las administraciones sectoriales competentes en distintas materias (carreteras, dominio p\u00fablico hidr\u00e1ulico, etc.) para agilizar la tramitaci\u00f3n de todas estas obras de infraestructura hidr\u00e1ulica.<\/p>\n<p style=\"text-align: justify;\">Por \u00faltimo, el consejero de Medio Ambiente ha reiterado el inter\u00e9s de la Junta para\u00a0 que Andaluc\u00eda cuente con todas las instalaciones necesarias para poder cumplir as\u00ed los objetivos de calidad que marca la Ley de Aguas. Tambi\u00e9n ha recordado que desde que la Administraci\u00f3n auton\u00f3mica asumi\u00f3 las competencias en materia de aguas, el 89% de los municipios andaluces depuran sus aguas residuales.<\/p>\n","protected":false},"excerpt":{"rendered":"<p>Fiscal propone huir de la confrontaci\u00f3n pol\u00edtica y colaborar entre las administraciones para resolver los problemas de los ciudadanos. La&hellip;<\/p>\n","protected":false},"author":2,"featured_media":14290,"comment_status":"open","ping_status":"open","sticky":false,"template":"","format":"standard","meta":{"om_disable_all_campaigns":false,"_mi_skip_tracking":false,"_monsterinsights_sitenote_active":false,"_monsterinsights_sitenote_note":"","_monsterinsights_sitenote_category":0,"footnotes":""},"categories":[22],"tags":[],"aioseo_notices":[],"_links":{"self":[{"href":"https:\/\/granadacostaglobal.es\/index.php?rest_route=\/wp\/v2\/posts\/14289"}],"collection":[{"href":"https:\/\/granadacostaglobal.es\/index.php?rest_route=\/wp\/v2\/posts"}],"about":[{"href":"https:\/\/granadacostaglobal.es\/index.php?rest_route=\/wp\/v2\/types\/post"}],"author":[{"embeddable":true,"href":"https:\/\/granadacostaglobal.es\/index.php?rest_route=\/wp\/v2\/users\/2"}],"replies":[{"embeddable":true,"href":"https:\/\/granadacostaglobal.es\/index.php?rest_route=%2Fwp%2Fv2%2Fcomments&post=14289"}],"version-history":[{"count":0,"href":"https:\/\/granadacostaglobal.es\/index.php?rest_route=\/wp\/v2\/posts\/14289\/revisions"}],"wp:featuredmedia":[{"embeddable":true,"href":"https:\/\/granadacostaglobal.es\/index.php?rest_route=\/"}],"wp:attachment":[{"href":"https:\/\/granadacostaglobal.es\/index.php?rest_route=%2Fwp%2Fv2%2Fmedia&parent=14289"}],"wp:term":[{"taxonomy":"category","embeddable":true,"href":"https:\/\/granadacostaglobal.es\/index.php?rest_route=%2Fwp%2Fv2%2Fcategories&post=14289"},{"taxonomy":"post_tag","embeddable":true,"href":"https:\/\/granadacostaglobal.es\/index.php?rest_route=%2Fwp%2Fv2%2Ftags&post=14289"}],"curies":[{"name":"wp","href":"https:\/\/api.w.org\/{rel}","templated":true}]}}