{"id":14253,"date":"2017-09-08T15:48:23","date_gmt":"2017-09-08T15:48:23","guid":{"rendered":"http:\/\/granadacostanacional.es\/?p=14253"},"modified":"2017-09-08T15:48:23","modified_gmt":"2017-09-08T15:48:23","slug":"responsables-de-los-tres-geoparques-andaluces-participan-en-la-conferencia-europea-de-estos-espacios-en-las-azores","status":"publish","type":"post","link":"https:\/\/granadacostaglobal.es\/?p=14253","title":{"rendered":"Responsables de los tres Geoparques Andaluces participan  en la Conferencia Europea de estos espacios en las Azores"},"content":{"rendered":"<p style=\"text-align: justify;\"><strong>En el encuentro se abordan temas relacionados con la conservaci\u00f3n, la investigaci\u00f3n, la participaci\u00f3n y el turismo sostenible<\/strong><\/p>\n<p style=\"text-align: justify;\">Representantes de los tres Geoparques andaluces, Cabo de Gata-N\u00edjar (Almer\u00eda), Sierras Subb\u00e9ticas (C\u00f3rdoba) y Sierra Norte de Sevilla (Sevilla), participan esta semana en la Conferencia Europea de Geoparques que se celebra en las Azores (Portugal), en la que expondr\u00e1n la Estrategia Andaluza de Gesti\u00f3n Integrada de la Geodiversidad. Tambi\u00e9n abordar\u00e1n la recuperaci\u00f3n de la herencia cultural y etnol\u00f3gica en la Sierra Norte y la idoneidad del turismo cient\u00edfico como una herramienta para el desarrollo sostenible de estos territorios, entre otros asuntos.<\/p>\n<p style=\"text-align: justify;\">\u00a0\u00a0\u00a0\u00a0\u00a0\u00a0\u00a0\u00a0\u00a0\u00a0\u00a0 Previamente, la delegaci\u00f3n andaluza ha asistido a la XL reuni\u00f3n del Comit\u00e9 de Coordinaci\u00f3n de la Red Europea de estos espacios naturales, en la que se ha dado a conocer los resultados de las actividades celebradas en torno a la Semana Europea de los Geoparques y se ha presentado el calendario de las pr\u00f3ximas reuniones. En este punto destaca el V Simposio de la Red de Geoparques de Asia y el Pac\u00edfico, China, que tendr\u00e1 lugar durante este mes de septiembre, la I Reuni\u00f3n\u00a0 de la Red de Geoparques de Am\u00e9rica Latina y El Caribe (noviembre) y los siguientes encuentros de la Red Europea de Geoparques, que se celebrar\u00e1n en abril, coincidiendo con la VIII Conferencia Internacional sobre Geoparques Mundiales en septiembre de 2018.<\/p>\n<p style=\"text-align: justify;\">\u00a0\u00a0\u00a0\u00a0\u00a0\u00a0\u00a0\u00a0\u00a0\u00a0\u00a0 En cuanto a la promoci\u00f3n y visibilidad de los geoparques europeos, uno de los temas centrales de la reuni\u00f3n ha sido la celebraci\u00f3n en curso del A\u00f1o internacional de Turismo Sostenible para el Desarrollo, propuesto por Naciones Unidas para ampliar la contribuci\u00f3n del sector tur\u00edstico a los tres pilares de la sostenibilidad: econ\u00f3mico, social y ambiental. De esta manera, se completa el calendario de eventos para apoyar esta iniciativa durante el segundo semestre del a\u00f1o. A ello se unir\u00e1n otras actividades programadas para el A\u00f1o Europeo del Patrimonio Cultural (2018) y la participaci\u00f3n de los geoparques europeos en la Feria del Turismo de Berl\u00edn.<\/p>\n<p style=\"text-align: justify;\">\u00a0\u00a0\u00a0\u00a0\u00a0\u00a0\u00a0\u00a0\u00a0\u00a0\u00a0 Desde el punto de vista t\u00e9cnico se han tratado asuntos como el desarrollo de proyectos internacionales (Interreg, Leader y Erasmus +), as\u00ed como cuestiones relacionadas con la financiaci\u00f3n, gesti\u00f3n, educaci\u00f3n o el turismo.<\/p>\n<p style=\"text-align: justify;\">\u00a0\u00a0\u00a0\u00a0\u00a0\u00a0\u00a0\u00a0\u00a0\u00a0\u00a0 Los Geoparques son territorios que fomentan el desarrollo econ\u00f3mico y la conservaci\u00f3n integrando un patrimonio geol\u00f3gico de relevancia internacional con una excepcional biodiversidad, junto al car\u00e1cter, servicios y productos locales. En el caso de Andaluc\u00eda los Geoparques coinciden con territorios ya declarados como Parque Natural, por tanto\u00a0 cuentan con instrumentos de gesti\u00f3n que garantizan la conservaci\u00f3n de sus valores ambientales y se centran en apoyar el desarrollo local de las comarcas d\u00f3nde se ubican.<\/p>\n<p style=\"text-align: justify;\">En la actualidad existen 111 Geoparques en todo el mundo, siendo Espa\u00f1a el tercer pa\u00eds con mayor n\u00famero de espacios con este tipo de figura y Andaluc\u00eda una de las regiones l\u00edderes a escala global que, adem\u00e1s, cuenta con una ambiciosa Estrategia de Gesti\u00f3n Integrada de la Geodiversidad.<\/p>\n","protected":false},"excerpt":{"rendered":"<p>En el encuentro se abordan temas relacionados con la conservaci\u00f3n, la investigaci\u00f3n, la participaci\u00f3n y el turismo sostenible Representantes de&hellip;<\/p>\n","protected":false},"author":2,"featured_media":14254,"comment_status":"open","ping_status":"open","sticky":false,"template":"","format":"standard","meta":{"om_disable_all_campaigns":false,"_mi_skip_tracking":false,"_monsterinsights_sitenote_active":false,"_monsterinsights_sitenote_note":"","_monsterinsights_sitenote_category":0,"footnotes":""},"categories":[22],"tags":[],"aioseo_notices":[],"_links":{"self":[{"href":"https:\/\/granadacostaglobal.es\/index.php?rest_route=\/wp\/v2\/posts\/14253"}],"collection":[{"href":"https:\/\/granadacostaglobal.es\/index.php?rest_route=\/wp\/v2\/posts"}],"about":[{"href":"https:\/\/granadacostaglobal.es\/index.php?rest_route=\/wp\/v2\/types\/post"}],"author":[{"embeddable":true,"href":"https:\/\/granadacostaglobal.es\/index.php?rest_route=\/wp\/v2\/users\/2"}],"replies":[{"embeddable":true,"href":"https:\/\/granadacostaglobal.es\/index.php?rest_route=%2Fwp%2Fv2%2Fcomments&post=14253"}],"version-history":[{"count":0,"href":"https:\/\/granadacostaglobal.es\/index.php?rest_route=\/wp\/v2\/posts\/14253\/revisions"}],"wp:featuredmedia":[{"embeddable":true,"href":"https:\/\/granadacostaglobal.es\/index.php?rest_route=\/"}],"wp:attachment":[{"href":"https:\/\/granadacostaglobal.es\/index.php?rest_route=%2Fwp%2Fv2%2Fmedia&parent=14253"}],"wp:term":[{"taxonomy":"category","embeddable":true,"href":"https:\/\/granadacostaglobal.es\/index.php?rest_route=%2Fwp%2Fv2%2Fcategories&post=14253"},{"taxonomy":"post_tag","embeddable":true,"href":"https:\/\/granadacostaglobal.es\/index.php?rest_route=%2Fwp%2Fv2%2Ftags&post=14253"}],"curies":[{"name":"wp","href":"https:\/\/api.w.org\/{rel}","templated":true}]}}