{"id":14203,"date":"2017-09-06T06:10:17","date_gmt":"2017-09-06T06:10:17","guid":{"rendered":"http:\/\/granadacostanacional.es\/?p=14203"},"modified":"2017-09-06T06:10:17","modified_gmt":"2017-09-06T06:10:17","slug":"la-fundacion-andalucia-olimpica-y-la-fundacion-cajasol-acuerdan-su-colaboracion-de-apoyo-al-deporte-de-rendimiento","status":"publish","type":"post","link":"https:\/\/granadacostaglobal.es\/?p=14203","title":{"rendered":"La Fundaci\u00f3n Andaluc\u00eda Ol\u00edmpica y la Fundaci\u00f3n Cajasol acuerdan su colaboraci\u00f3n de apoyo al deporte de rendimiento"},"content":{"rendered":"<p style=\"text-align: justify;\"><strong>Francisco Javier Fern\u00e1ndez y Antonio Pulido firmaron hoy el convenio con el que se respaldar\u00e1 la programaci\u00f3n de la FAO en la temporada de 2017-2018<\/strong><\/p>\n<p style=\"text-align: justify;\">El consejero de Turismo y Deporte, Francisco Javier Fern\u00e1ndez, y el presidente de la Fundaci\u00f3n Cajasol, Antonio Pulido, firmaron hoy en Sevilla el convenio de colaboraci\u00f3n entre esta entidad y la Fundaci\u00f3n Andaluc\u00eda Ol\u00edmpica (FAO), para la difusi\u00f3n de los valores del olimpismo, as\u00ed como para el apoyo a los deportistas y t\u00e9cnicos de rendimiento de cara a los pr\u00f3ximos Juegos Ol\u00edmpicos y Paral\u00edmpicos en la temporada 2017-2018.<\/p>\n<p style=\"text-align: justify;\">Este acuerdo permitir\u00e1 respaldar el Plan Andaluc\u00eda Ol\u00edmpica 2017, l\u00edneas de actuaci\u00f3n comunes como el deporte de rendimiento, para personas con discapacidad, as\u00ed como en edad escolar, un programa que supone una aportaci\u00f3n de hasta 15.000 euros por parte de la Fundaci\u00f3n Cajasol. Adem\u00e1s, el convenio supone dar continuidad a una colaboraci\u00f3n que naci\u00f3 en 1998, a\u00f1o en el que la FAO comenz\u00f3 sus actividades.<\/p>\n<p style=\"text-align: justify;\">Desde entonces, la entidad viene desarrollando el Plan Andaluc\u00eda Ol\u00edmpica, con el que se han otorgado 4.062 becas que han contribuido a elevar significativamente el nivel del deporte regional. As\u00ed, entre otros logros, ha posibilitado que desde 2000 a la actualidad la comunidad haya sumado el mismo n\u00famero de deportistas participantes en Juegos Ol\u00edmpicos y Paral\u00edmpicos que en los 100 a\u00f1os anteriores.<\/p>\n<p style=\"text-align: justify;\">La FAO, constituida por la Junta y el Comit\u00e9 Ol\u00edmpico Espa\u00f1ol, cuenta con el patrocinio de Cruzcampo, Coca-Cola, la Fundaci\u00f3n Cajasol, ONCE y Canal Sur, y la colaboraci\u00f3n de seis diputaciones y los ayuntamientos de C\u00f3rdoba, Huelva, Ja\u00e9n, M\u00e1laga, Sevilla y Dos Hermanas, as\u00ed como los de Alcal\u00e1 de Guada\u00edra, La Rinconada, La Zubia, Almonte, Antequera, El Ejido, El Puerto de Santa Mar\u00eda, Loja.<\/p>\n","protected":false},"excerpt":{"rendered":"<p>Francisco Javier Fern\u00e1ndez y Antonio Pulido firmaron hoy el convenio con el que se respaldar\u00e1 la programaci\u00f3n de la FAO&hellip;<\/p>\n","protected":false},"author":2,"featured_media":14207,"comment_status":"open","ping_status":"open","sticky":false,"template":"","format":"standard","meta":{"om_disable_all_campaigns":false,"_mi_skip_tracking":false,"_monsterinsights_sitenote_active":false,"_monsterinsights_sitenote_note":"","_monsterinsights_sitenote_category":0,"footnotes":""},"categories":[22],"tags":[],"aioseo_notices":[],"_links":{"self":[{"href":"https:\/\/granadacostaglobal.es\/index.php?rest_route=\/wp\/v2\/posts\/14203"}],"collection":[{"href":"https:\/\/granadacostaglobal.es\/index.php?rest_route=\/wp\/v2\/posts"}],"about":[{"href":"https:\/\/granadacostaglobal.es\/index.php?rest_route=\/wp\/v2\/types\/post"}],"author":[{"embeddable":true,"href":"https:\/\/granadacostaglobal.es\/index.php?rest_route=\/wp\/v2\/users\/2"}],"replies":[{"embeddable":true,"href":"https:\/\/granadacostaglobal.es\/index.php?rest_route=%2Fwp%2Fv2%2Fcomments&post=14203"}],"version-history":[{"count":0,"href":"https:\/\/granadacostaglobal.es\/index.php?rest_route=\/wp\/v2\/posts\/14203\/revisions"}],"wp:featuredmedia":[{"embeddable":true,"href":"https:\/\/granadacostaglobal.es\/index.php?rest_route=\/"}],"wp:attachment":[{"href":"https:\/\/granadacostaglobal.es\/index.php?rest_route=%2Fwp%2Fv2%2Fmedia&parent=14203"}],"wp:term":[{"taxonomy":"category","embeddable":true,"href":"https:\/\/granadacostaglobal.es\/index.php?rest_route=%2Fwp%2Fv2%2Fcategories&post=14203"},{"taxonomy":"post_tag","embeddable":true,"href":"https:\/\/granadacostaglobal.es\/index.php?rest_route=%2Fwp%2Fv2%2Ftags&post=14203"}],"curies":[{"name":"wp","href":"https:\/\/api.w.org\/{rel}","templated":true}]}}