{"id":14102,"date":"2017-08-25T11:11:06","date_gmt":"2017-08-25T11:11:06","guid":{"rendered":"http:\/\/granadacostanacional.es\/?p=14102"},"modified":"2017-08-25T11:11:06","modified_gmt":"2017-08-25T11:11:06","slug":"columna-x","status":"publish","type":"post","link":"https:\/\/granadacostaglobal.es\/?p=14102","title":{"rendered":"COLUMNA DEDICADA A NATI MISTRAL"},"content":{"rendered":"<p style=\"text-align: justify;\"><strong>\u00a0 \u00a0 \u00a0 \u00a0 \u00a0 \u201cMe dec\u00edan al mirarme tan dichosa: Es rosa de Madrid, es rosa de Madrid\u2026\u201d. S\u00ed, se nos fue Nati Mistral, que tantas veces y con tanto arte cantara este chotis\u2026 \u201cMadrile\u00f1a la m\u00e1s barbi y cari\u00f1osa, la flor de Chamber\u00ed, la flor de Chamber\u00ed\u2026\u201d<\/strong><\/p>\n<p style=\"text-align: justify;\"><strong>\u00a0 \u00a0 \u00a0 \u00a0 \u00a0\u00a0<\/strong>S\u00ed, se ha ido -y no es el t\u00edpico t\u00f3pico de la hora de las alabanzas- una de las mejores actrices de la escena espa\u00f1ola, una de las mejores voces y la mejor rapsoda femenina, pues en este g\u00e9nero no ten\u00eda rival; era \u00fanica.<\/p>\n<p style=\"text-align: justify;\">\u00a0\u00a0\u00a0\u00a0\u00a0\u00a0\u00a0\u00a0\u00a0 Mujer de gran personalidad, nunca ocult\u00f3 sus ideas ni opiniones y valientemente las expon\u00eda ante cualquier medio. \u201c<em>Soy espa\u00f1ola y mon\u00e1rquica y a m\u00ed no me calla nadie\u201d. <\/em>Ella lo dec\u00eda y estaba bien dicho.<\/p>\n<p style=\"text-align: justify;\">\u00a0\u00a0\u00a0\u00a0\u00a0\u00a0\u00a0\u00a0\u00a0 Nati, yo tuve la suerte de conocerte durante un homenaje que se te hizo en Segorbe (Valencia). A\u00fan te conservabas guapa, pisando fuerte, con unos ojos inmensos llenos de vida y expresividad, atendiendo amablemente a todos con aquella sonrisa tuya tan amplia.<\/p>\n<p style=\"text-align: justify;\">\u00a0\u00a0\u00a0\u00a0\u00a0\u00a0\u00a0\u00a0\u00a0 \u00a0Recuerdo que despu\u00e9s de recibir los homenajes, diplomas, obsequios y dem\u00e1s muestras de cari\u00f1o, dominando el escenario con tu presencia, recitaste a viva voz y \u00a0nos contaste, con el gracejo que te caracterizaba, que tu primera actuaci\u00f3n fue siendo una ni\u00f1a y que, al no tener medios para comprarte un vestido nuevo, tu madre te puso el de Primera Comuni\u00f3n y con \u00e9l saliste a cantar\u2026 tan bien que con apenas quince a\u00f1os ya ganaste un premio en la emisora de Radio Madrid. Luego vinieron los grandes \u00e9xitos pues eras una artista polifac\u00e9tica: cine, TV, teatro, medio en el que brillaste como una aut\u00e9ntica estrella pues interpretabas todos los g\u00e9neros, tanto la comedia como la tragedia, el drama, los musicales, la zarzuela\u2026<\/p>\n<p style=\"text-align: justify;\"><a href=\"http:\/\/granadacostanacional.es\/wp-content\/uploads\/2017\/08\/IMG.jpg\"><img decoding=\"async\" loading=\"lazy\" class=\"wp-image-14104 alignright\" src=\"http:\/\/granadacostanacional.es\/wp-content\/uploads\/2017\/08\/IMG-199x300.jpg\" alt=\"IMG\" width=\"307\" height=\"463\" \/><\/a><\/p>\n<p style=\"text-align: justify;\">\u00a0\u00a0\u00a0\u00a0\u00a0\u00a0\u00a0\u00a0\u00a0 Tambi\u00e9n fuiste la primera cantante espa\u00f1ola en actuar en la BBC de Londres y la que mejor recitaste, tanto a Lorca como a cualquiera de los poetas que llevaras en tu extenso repertorio.<\/p>\n<p style=\"text-align: justify;\">\u00a0\u00a0\u00a0\u00a0\u00a0\u00a0\u00a0\u00a0\u00a0 Te llovieron los premios, entre ellos, el Premio Nacional de Teatro, en 1997, y la Medalla de Oro de las Bellas Artes, en 2007. Pero el mejor premio para ti era el cari\u00f1o y reconocimiento del p\u00fablico que apreciaba tu valer, como artista y como persona.<\/p>\n<p style=\"text-align: justify;\">\u00a0\u00a0\u00a0\u00a0\u00a0\u00a0\u00a0\u00a0\u00a0 Yo a\u00fan conservo aquella foto que me hice contigo, ahora casi como una reliquia, y recuerdo que, al pedirte permiso para hacerla, me contestaste dedic\u00e1ndome tu mejor sonrisa: <em>\u201cCon sumo gusto y fina voluntad\u201d.<\/em><\/p>\n<p style=\"text-align: justify;\">\u00a0\u00a0\u00a0\u00a0\u00a0\u00a0\u00a0\u00a0\u00a0 Querida Nati, tu voz no se ha apagado pues seguro que en el Cielo seguir\u00e1s cantando tu \u201cRosa de Madrid\u201d, alegrando al cascarrabias de San Pedro y a la corte de angelitos que, encantados al escuchar tu chotis, te acompa\u00f1ar\u00e1n haci\u00e9ndote los coros.<\/p>\n<p>&nbsp;<\/p>\n<p style=\"text-align: center;\"><em>Tristeza azul.<\/em><\/p>\n<p style=\"text-align: center;\"><em>Pentagrama en tu vida<\/em><\/p>\n<p style=\"text-align: center;\"><em>que se quebr\u00f3.<\/em><\/p>\n<p style=\"text-align: right;\"><em><strong>Carmen Carrasco Ramos<\/strong><\/em><\/p>\n","protected":false},"excerpt":{"rendered":"<p>\u00a0 \u00a0 \u00a0 \u00a0 \u00a0 \u201cMe dec\u00edan al mirarme tan dichosa: Es rosa de Madrid, es rosa de Madrid\u2026\u201d. S\u00ed,&hellip;<\/p>\n","protected":false},"author":2,"featured_media":14103,"comment_status":"open","ping_status":"open","sticky":false,"template":"","format":"standard","meta":{"om_disable_all_campaigns":false,"_mi_skip_tracking":false,"_monsterinsights_sitenote_active":false,"_monsterinsights_sitenote_note":"","_monsterinsights_sitenote_category":0,"footnotes":""},"categories":[21],"tags":[],"aioseo_notices":[],"_links":{"self":[{"href":"https:\/\/granadacostaglobal.es\/index.php?rest_route=\/wp\/v2\/posts\/14102"}],"collection":[{"href":"https:\/\/granadacostaglobal.es\/index.php?rest_route=\/wp\/v2\/posts"}],"about":[{"href":"https:\/\/granadacostaglobal.es\/index.php?rest_route=\/wp\/v2\/types\/post"}],"author":[{"embeddable":true,"href":"https:\/\/granadacostaglobal.es\/index.php?rest_route=\/wp\/v2\/users\/2"}],"replies":[{"embeddable":true,"href":"https:\/\/granadacostaglobal.es\/index.php?rest_route=%2Fwp%2Fv2%2Fcomments&post=14102"}],"version-history":[{"count":0,"href":"https:\/\/granadacostaglobal.es\/index.php?rest_route=\/wp\/v2\/posts\/14102\/revisions"}],"wp:featuredmedia":[{"embeddable":true,"href":"https:\/\/granadacostaglobal.es\/index.php?rest_route=\/"}],"wp:attachment":[{"href":"https:\/\/granadacostaglobal.es\/index.php?rest_route=%2Fwp%2Fv2%2Fmedia&parent=14102"}],"wp:term":[{"taxonomy":"category","embeddable":true,"href":"https:\/\/granadacostaglobal.es\/index.php?rest_route=%2Fwp%2Fv2%2Fcategories&post=14102"},{"taxonomy":"post_tag","embeddable":true,"href":"https:\/\/granadacostaglobal.es\/index.php?rest_route=%2Fwp%2Fv2%2Ftags&post=14102"}],"curies":[{"name":"wp","href":"https:\/\/api.w.org\/{rel}","templated":true}]}}