{"id":14084,"date":"2017-08-25T10:44:53","date_gmt":"2017-08-25T10:44:53","guid":{"rendered":"http:\/\/granadacostanacional.es\/?p=14084"},"modified":"2017-08-25T10:44:53","modified_gmt":"2017-08-25T10:44:53","slug":"sucedio-un-hecho-impensable","status":"publish","type":"post","link":"https:\/\/granadacostaglobal.es\/?p=14084","title":{"rendered":"SUCEDI\u00d3 UN HECHO IMPENSABLE"},"content":{"rendered":"<p style=\"text-align: justify;\">Eran las nueve de la ma\u00f1ana de un s\u00e1bado. El Sol luc\u00eda con el brillo correspondiente a esa \u00e9poca del a\u00f1o. Hab\u00eda movimiento en la calle y los veh\u00edculos circulaban con la fluidez de siempre. El tr\u00e1fico no se manifestaba tan intenso como en los d\u00edas anteriores y los sem\u00e1foros funcionaban con toda normalidad.<\/p>\n<p style=\"text-align: justify;\">En una zona de doble circulaci\u00f3n, separados los carriles de ida y vuelta por una peque\u00f1a acera, lugar para que los peatones se refugiaran cuando por ambas partes hab\u00eda coches circulando y ten\u00edan que esperar a que el sem\u00e1foro se pusiera en verde, precisamente, en esa peque\u00f1a acera central, se hab\u00eda colocado una se\u00f1ora de unos cincuenta a\u00f1os llevando un carro para la compra, y estaba pendiente de que cambiara el sem\u00e1foro y as\u00ed poder cruzar el tramo de calzada que le dar\u00eda acceso a la otra acera para continuar por el Puente de San Jos\u00e9, porque hab\u00eda quedado con su hija para ir a comprar al Mercado Central.<\/p>\n<p style=\"text-align: justify;\">De repente, apareci\u00f3 un coche circulando a gran velocidad, conducido por un hispanohablante con una sobredosis de alcohol en el cuerpo, que invadi\u00f3 la v\u00eda de tr\u00e1nsito opuesta a la suya, con el consiguiente peligro de choque frontal con los veh\u00edculos que circulaban por el carril correcto, pero, al percatarse el conductor de su error, intent\u00f3 rectificarlo, subi\u00e9ndose a la peque\u00f1a acera central\u00a0 y empujando a la se\u00f1ora, la abati\u00f3, dej\u00e1ndola en la calzada, de tal suerte que, uno de los coches que circulaban por el carril que le correspond\u00eda, la arrastr\u00f3, sin querer, hasta la altura de la Escuela Oficial de Idiomas, sin que su conductor, en un momento de confusi\u00f3n, pudiera hacer nada para impedirlo. No hab\u00edan transcurrido ni cinco minutos cuando llegaron, simult\u00e1neamente, una ambulancia y varios coches de polic\u00eda. Y el servicio de urgencias de la unidad m\u00f3vil de asistencia sanitaria, al recoger a la se\u00f1ora para llevarla al Hospital m\u00e1s pr\u00f3ximo, comprob\u00f3 que hab\u00eda fallecido, pues los intentos de reanimaci\u00f3n no dieron resultado. Inmediatamente despu\u00e9s, se person\u00f3 el juez que procedi\u00f3 a ordenar el levantamiento del cad\u00e1ver que se hab\u00eda cubierto con una s\u00e1bana blanca.<\/p>\n<p style=\"text-align: right;\"><em><strong>Amparo Bonet Alc\u00f3n<\/strong><\/em><\/p>\n","protected":false},"excerpt":{"rendered":"<p>Eran las nueve de la ma\u00f1ana de un s\u00e1bado. El Sol luc\u00eda con el brillo correspondiente a esa \u00e9poca del&hellip;<\/p>\n","protected":false},"author":2,"featured_media":8940,"comment_status":"open","ping_status":"open","sticky":false,"template":"","format":"standard","meta":{"om_disable_all_campaigns":false,"_mi_skip_tracking":false,"_monsterinsights_sitenote_active":false,"_monsterinsights_sitenote_note":"","_monsterinsights_sitenote_category":0,"footnotes":""},"categories":[21],"tags":[],"aioseo_notices":[],"_links":{"self":[{"href":"https:\/\/granadacostaglobal.es\/index.php?rest_route=\/wp\/v2\/posts\/14084"}],"collection":[{"href":"https:\/\/granadacostaglobal.es\/index.php?rest_route=\/wp\/v2\/posts"}],"about":[{"href":"https:\/\/granadacostaglobal.es\/index.php?rest_route=\/wp\/v2\/types\/post"}],"author":[{"embeddable":true,"href":"https:\/\/granadacostaglobal.es\/index.php?rest_route=\/wp\/v2\/users\/2"}],"replies":[{"embeddable":true,"href":"https:\/\/granadacostaglobal.es\/index.php?rest_route=%2Fwp%2Fv2%2Fcomments&post=14084"}],"version-history":[{"count":0,"href":"https:\/\/granadacostaglobal.es\/index.php?rest_route=\/wp\/v2\/posts\/14084\/revisions"}],"wp:featuredmedia":[{"embeddable":true,"href":"https:\/\/granadacostaglobal.es\/index.php?rest_route=\/"}],"wp:attachment":[{"href":"https:\/\/granadacostaglobal.es\/index.php?rest_route=%2Fwp%2Fv2%2Fmedia&parent=14084"}],"wp:term":[{"taxonomy":"category","embeddable":true,"href":"https:\/\/granadacostaglobal.es\/index.php?rest_route=%2Fwp%2Fv2%2Fcategories&post=14084"},{"taxonomy":"post_tag","embeddable":true,"href":"https:\/\/granadacostaglobal.es\/index.php?rest_route=%2Fwp%2Fv2%2Ftags&post=14084"}],"curies":[{"name":"wp","href":"https:\/\/api.w.org\/{rel}","templated":true}]}}