{"id":14038,"date":"2017-08-21T12:01:29","date_gmt":"2017-08-21T12:01:29","guid":{"rendered":"http:\/\/granadacostanacional.es\/?p=14038"},"modified":"2017-08-21T12:01:29","modified_gmt":"2017-08-21T12:01:29","slug":"francelina-robin-un-ejemplo-de-superacion","status":"publish","type":"post","link":"https:\/\/granadacostaglobal.es\/?p=14038","title":{"rendered":"FRANCELINA ROBIN, UN EJEMPLO DE SUPERACI\u00d3N"},"content":{"rendered":"<p style=\"text-align: justify;\"><em>\u00a0\u00a0\u00a0\u00a0\u00a0\u00a0\u00a0\u00a0\u00a0 Me hallo en un peque\u00f1o para\u00edso a orillas del mar Mediterr\u00e1neo. Es un chalet con maravillosas vistas a la playa de Villajoyosa, todo \u00e9l rodeado de una extensa terraza que m\u00e1s bien semeja un jard\u00edn por la profusi\u00f3n de flores, plantas e, incluso, algunos \u00e1rboles que lo adornan, am\u00e9n de graciosas figuritas de animalitos y, luces camufladas entre las plantas\u2026 Todo un peque\u00f1o para\u00edso terrenal en donde corretea feliz el cari\u00f1oso Pinky, perrito que s\u00f3lo entiende el franc\u00e9s, que enseguida ha hecho amistad conmigo y cuando lo cojo en brazos me premia con sus besitos caninos.<\/em><\/p>\n<p style=\"text-align: justify;\"><em>\u00a0\u00a0\u00a0\u00a0\u00a0\u00a0\u00a0\u00a0\u00a0 Y aqu\u00ed, en este id\u00edlico lugar, no pod\u00eda faltar una reina que lo habitase: Francelina. Nombre y figura de mu\u00f1eca, pero una gran mujer en toda la extensi\u00f3n de la palabra: luchadora donde las haya (\u201cSi no puedes volar, corre. Si no puedes correr, anda. Si no puedes andar, gatea. Pero no te detengas\u201d); artista; bailarina; maga de la jardiner\u00eda (\u201cEn mi jard\u00edn las rosas hablan\u201d); una chef de primera; esteticista; vidente (\u201cNo vengan a visitarme porque descubrir\u00e9 sus secretos\u201d); fil\u00f3sofa (sus frases son tratados para reflexionar)\u2026 y no s\u00e9 cu\u00e1ntas cosas m\u00e1s. Dios le ha repartido muchos talentos y Francelina Robin los ha sabido aprovechar y, saliendo de la nada, ha ido subiendo pelda\u00f1os en la vida hasta situarse en el pin\u00e1culo donde actualmente se encuentra gracias a su tes\u00f3n, voluntad, trabajo y a no dejarse vencer por las vicisitudes que la vida le ha deparado, que no han sido pocas.\u00bfPeque\u00f1a? \u00bfFr\u00e1gil? \u00a1Grande!<\/em><\/p>\n<p style=\"text-align: justify;\"><em>\u00a0\u00a0\u00a0\u00a0\u00a0\u00a0\u00a0\u00a0\u00a0 Es un d\u00eda de julio de 2017 e, invitada por Francelina y su amable esposo Claude, me dispongo a hacerle una entrevista, m\u00e1s bien una charla entre buenas amigas, sentadas en la terraza frente al mar y aisladas del mundanal ruido en este oasis de paz que es el hogar de los Robin.<\/em><\/p>\n<p style=\"text-align: justify;\"><em>\u00a0\u00a0\u00a0\u00a0\u00a0\u00a0\u00a0\u00a0\u00a0 Querida amiga Francelina, hace relativamente poco tiempo que nos conocemos pero desde el principio ha existido qu\u00edmica entre nosotras y aunque tu espa\u00f1ol, mezcla de portugu\u00e9s y franc\u00e9s, a veces me cuesta entender, hemos conectado y nos profesamos una sincera amistad. Me has pedido que te haga esta entrevista y yo, con mucho gusto y mi mejor voluntad, doy comienzo a la misma. Tu vida ha transcurrido a caballo entre tres pa\u00edses: Portugal, Francia y Espa\u00f1a. Comencemos por\u2026<\/em><\/p>\n<p style=\"text-align: justify;\"><em>\u00a0<\/em><\/p>\n<p style=\"text-align: center;\"><span style=\"color: #ff0000;\"><strong>PORT<\/strong><\/span><span style=\"color: #339966;\"><strong>UGAL<\/strong><\/span><\/p>\n<p style=\"text-align: justify;\"><strong>\u00a0\u00a0\u00a0\u00a0\u00a0\u00a0\u00a0\u00a0\u00a0 C.- Cu\u00e9ntame algo sobre tus primeros veinte a\u00f1os en tu pa\u00eds: Portugal, hermosa tierra que conozco. (\u00bfSabes que, anecd\u00f3ticamente, \u00a0en un teatrillo de Lisboa me atrev\u00ed a \u201ccanturrear\u201d un fado en \u201cportugu\u00e9s\u201d, o as\u00ed? Cosas de la juventud). <\/strong><\/p>\n<p style=\"text-align: justify;\">\u00a0\u00a0\u00a0\u00a0\u00a0\u00a0 \u00a0\u00a0\u00a0F.- Comenzar\u00e9 dici\u00e9ndote que vine al mundo para recoger rosas y s\u00f3lo cog\u00ed espinas pues mi vida fue un camino con muchas curvas. Nac\u00ed en Portugal, en la barraca de mis padres, que era un lujo porque era de ellos. Desde el tiempo que recuerdo hasta mis 15 a\u00f1os pas\u00e9 mucha hambre. Hice tan s\u00f3lo dos a\u00f1os de escuela y cuando llegu\u00e9 me preguntaron lo que yo quer\u00eda ser de mayor y yo respond\u00ed: Feliz. Desde los 7 hasta los 9 a\u00f1os hice hasta el tercer curso y obtuve mi diploma. Ah\u00ed termin\u00f3 la escuela y tuve que cuidar de mis hermanos porque mi madre cay\u00f3 enferma y no era obligatoria la asistencia al colegio. Iba de una casa a otra cuidando animales en el campo, en el monte, donde ca\u00eda, com\u00eda mal, a veces sufr\u00eda malos tratos para que me dieran unos trozos de patata y poder llevar a mis padres alguna cosa. En cuanto a la ropa, iba descalza y ten\u00eda un solo traje al a\u00f1o. Yo lloraba mucho, pero tambi\u00e9n cantaba mucho cuando iba a trabajar a casa de mi abuela pues ella me daba de comer y un escudo. Pude vivir triste, pero nunca me falt\u00f3 la sonrisa.<\/p>\n<p style=\"text-align: justify;\">Mis padres nunca me mandaron a ning\u00fan lado, pero mi gran tristeza fue trabajar para grandes ricos y cuando sal\u00eda de la casa dejaba la ropa y los zapatos y todo lo que me daban en cuanto estaba a su servicio. Pasaba de uno a otro para ver si ganaba m\u00e1s. Con el salario de un mes compr\u00e9 un reloj, que hoy ni vale 2 \u20ac, pero se lo di a mi madre y hasta los 86 a\u00f1os fue siempre su reloj. Ten\u00eda apenas 20 a\u00f1os cuando me propusieron si quer\u00eda ir al extranjero. Para m\u00ed fue un rel\u00e1mpago en mi cabeza, necesit\u00e9 de la autorizaci\u00f3n de mis padres, ellos no quer\u00edan pero tanto les ped\u00ed que me dejaran ir, que les cambiar\u00eda tanto su vida como la m\u00eda, que al fin accedieron.<\/p>\n<figure id=\"attachment_14041\" aria-describedby=\"caption-attachment-14041\" style=\"width: 427px\" class=\"wp-caption alignnone\"><a href=\"http:\/\/granadacostanacional.es\/wp-content\/uploads\/2017\/08\/image011.jpg\"><img decoding=\"async\" loading=\"lazy\" class=\"wp-image-14041\" src=\"http:\/\/granadacostanacional.es\/wp-content\/uploads\/2017\/08\/image011-300x225.jpg\" alt=\"image011\" width=\"427\" height=\"320\" \/><\/a><figcaption id=\"caption-attachment-14041\" class=\"wp-caption-text\"><em>Ven conmigo a M\u00f3naco que te llevo en mi coche<\/em><\/figcaption><\/figure>\n<p style=\"text-align: justify;\"><strong>\u00a0\u00a0\u00a0\u00a0\u00a0\u00a0\u00a0\u00a0\u00a0 C.- Pasemos a la segunda etapa de tu vida viviendo en un pa\u00eds totalmente desconocido para ti. \u00bfA qu\u00e9 edad y en qu\u00e9 a\u00f1o decidiste marchar a Francia, mujer valiente donde las haya, y c\u00f3mo fueron tus primeros tiempos en Par\u00eds?<\/strong><\/p>\n<p style=\"text-align: center;\"><span style=\"color: #3366ff;\"><strong>FRA<\/strong><\/span><span style=\"color: #ff0000;\"><strong>NCIA<\/strong><\/span><\/p>\n<p style=\"text-align: justify;\">\u00a0\u00a0\u00a0\u00a0\u00a0\u00a0\u00a0\u00a0\u00a0 F.- Apenas con 20 a\u00f1os, en el a\u00f1o 1965, recuerdo todav\u00eda hoy que ten\u00eda ganas de llorar, yo no hablaba ni una sola palabra de franc\u00e9s y un t\u00edo m\u00edo deb\u00eda ir a buscarme a la estaci\u00f3n de Ir\u00fan. No vino, -despu\u00e9s dijo a mi madre que me ven\u00eda a buscar a Gare D\u2019Austerlitz Par\u00eds-, sali\u00f3 toda la gente y yo me qued\u00e9 all\u00ed y lloraba. Un se\u00f1or me cogi\u00f3 del brazo y me puso fuera de la estaci\u00f3n y yo lloraba. Vino un joven y me pregunt\u00f3: \u201c\u00bfPor qu\u00e9 lloras?\u201d Era un espa\u00f1ol y yo le cont\u00e9 mi situaci\u00f3n, y lloraba como una Magdalena. \u201cDame tu direcci\u00f3n\u201d- dijo- y me llev\u00f3 al taxi. Entonces el taxi se equivoc\u00f3 y me dej\u00f3 en 11 bis y era en el 11 solamente. Le di un billete de 10 francos y \u00e9l me devolvi\u00f3 5 francos. Ah\u00ed ya me pareci\u00f3 raro, pero yo no me di por vencida y fui a tocar a otra puerta, sali\u00f3 una se\u00f1ora y me habl\u00f3 en franc\u00e9s y yo no comprend\u00ed. Me cogi\u00f3 la maleta y la direcci\u00f3n y me llev\u00f3 hasta mis jefes.<\/p>\n<p style=\"text-align: justify;\">Llam\u00f3 al traductor y yo le expliqu\u00e9 mi caso. Se re\u00edan. Al fin consegu\u00ed un trabajo pero pasado un a\u00f1o termin\u00e9 mi contrato. Yo lo que quer\u00eda era pagar los dientes a mi madre y una m\u00e1quina de costura. Fueron mis dos primeros salarios. Al fin del a\u00f1o fui a Portugal, pero al volver a Francia ya no estaba mi jefe y me qued\u00e9 sin trabajo. As\u00ed que volv\u00ed a buscar otro trabajo y otro y otro\u2026 sirvienta, portera, cocinera\u2026 Ni puedo contar todo lo que me pudo pasar, no me declararon (<em>aseguraron<\/em>) tres jefes en siete a\u00f1os, ninguno me declar\u00f3.<\/p>\n<p style=\"text-align: justify;\">\u00a0Y en 1969, por desgracia, encontr\u00e9 a quien destruy\u00f3 mi vida hasta hoy.<\/p>\n<p style=\"text-align: justify;\"><strong>\u00a0\u00a0\u00a0\u00a0\u00a0\u00a0\u00a0\u00a0 C.- Me imagino que te refieres a tu primer matrimonio. \u00bfQuerr\u00edas comentar algo sobre el mismo, descendencia habida y vicisitudes pasadas, que s\u00e9 no te faltaron en aquella \u00e9poca de tu vida?<\/strong><\/p>\n<p style=\"text-align: justify;\">\u00a0\u00a0\u00a0\u00a0\u00a0\u00a0\u00a0\u00a0\u00a0 F.- As\u00ed es. Era el a\u00f1o1968 y a m\u00ed hombres no me faltaban, \u00a1pero primero quer\u00edan dormir contigo! \u00bfEso era la moda? \u00a1Autom\u00e1ticamente te dejaban! Encontr\u00e9, entonces, uno que respetaba todo,\u00a0 hasta el casamiento. Ni fumar, ni beber, era un diamante raro \u00a1tan raro! que todav\u00eda hoy lo estoy pagando. No s\u00e9 c\u00f3mo \u00e9l pudo esconder beber y fumar, no trabajar y ser un ladr\u00f3n. En 1969 le di una hija y en 1971, la segunda hija, por las dos casi perd\u00ed mi vida. Quien lea el resto de mi biograf\u00eda juzgar\u00e1 mi suerte pues el amor nace de una gran mirada y de una sonrisa, pero muere de una l\u00e1grima. Y \u00e9l me hizo derramar muchas y a\u00fan la herida no est\u00e1 cerrada porque la cicatriz estaba hecha de puntos suspensivos.<\/p>\n<p style=\"text-align: justify;\"><strong>\u00a0\u00a0\u00a0\u00a0\u00a0\u00a0\u00a0\u00a0\u00a0 C.- Tristes a\u00f1os aquellos. Bueno, vamos ahora a entrar en tu etapa feliz. \u00bfCu\u00e1ndo conociste a Claude, tu \u201cpr\u00edncipe azul\u201d?<\/strong><\/p>\n<p style=\"text-align: justify;\">\u00a0\u00a0\u00a0\u00a0\u00a0\u00a0\u00a0\u00a0\u00a0 F.- Conoc\u00ed a Claude por azar a la salida de un baile, al que fui llevada a la fuerza por una amiga. La vida siempre te da una segunda oportunidad y a m\u00ed las alas se me despegaron, volv\u00ed a levantarme y volv\u00ed a volar. Nos casamos un 28 de mayo de 1994 en el ayuntamiento de Boutigny sur Essone. \u00a1Pero ni todo lo que brilla es oro! Toma cautela del perro que no ladra. En casa no falta nada, regalos y todo, no me falta, me da todo. Mi pr\u00edncipe azul es fiel como yo a \u00e9l, pero lo mejor es que nunca vi una palabra de amor o de cari\u00f1o y nosotras necesitamos que nos entiendan en el silencio pero una palabra de cari\u00f1o puede llenar un coraz\u00f3n de felicidad.<\/p>\n<figure id=\"attachment_14042\" aria-describedby=\"caption-attachment-14042\" style=\"width: 259px\" class=\"wp-caption alignnone\"><a href=\"http:\/\/granadacostanacional.es\/wp-content\/uploads\/2017\/08\/113-2.jpg\"><img decoding=\"async\" loading=\"lazy\" class=\"wp-image-14042\" src=\"http:\/\/granadacostanacional.es\/wp-content\/uploads\/2017\/08\/113-2-225x300.jpg\" alt=\"113-2\" width=\"259\" height=\"345\" \/><\/a><figcaption id=\"caption-attachment-14042\" class=\"wp-caption-text\"><em>\u00a1Que elegancia!<\/em><\/figcaption><\/figure>\n<p style=\"text-align: justify;\"><strong>\u00a0 \u00a0\u00a0\u00a0\u00a0\u00a0\u00a0\u00a0\u00a0C.- Comienzan tus triunfos bailando por toda Europa, cruceros de lujo, grandes hoteles, teatros, siempre mostrando tu arte, elegancia y glamour, junto a Claude, tu pareja perfecta. H\u00e1blame de esa etapa triunfal de tu vida.<\/strong><\/p>\n<p style=\"text-align: justify;\">\u00a0\u00a0\u00a0\u00a0\u00a0\u00a0\u00a0\u00a0\u00a0 F.- Vimos el anuncio de una Competici\u00f3n de Baile un d\u00eda a la salida de un baile de domingo. Hab\u00eda una gran foto donde pon\u00eda \u201cBaile del Emperador\u201d, llamo y me preguntaron que si quer\u00eda competir. Yo respond\u00ed: No s\u00e9 bailar, pero gu\u00e1rdeme sitio que vamos a ver.<\/p>\n<figure id=\"attachment_14051\" aria-describedby=\"caption-attachment-14051\" style=\"width: 308px\" class=\"wp-caption alignnone\"><a href=\"http:\/\/granadacostanacional.es\/wp-content\/uploads\/2017\/08\/image034-2.jpg\"><img decoding=\"async\" loading=\"lazy\" class=\"wp-image-14051\" src=\"http:\/\/granadacostanacional.es\/wp-content\/uploads\/2017\/08\/image034-2-225x300.jpg\" alt=\"image034-2\" width=\"308\" height=\"411\" \/><\/a><figcaption id=\"caption-attachment-14051\" class=\"wp-caption-text\"><em>\u00a1Que bueno es so\u00f1ar!<\/em><\/figcaption><\/figure>\n<figure id=\"attachment_14046\" aria-describedby=\"caption-attachment-14046\" style=\"width: 455px\" class=\"wp-caption alignnone\"><a href=\"http:\/\/granadacostanacional.es\/wp-content\/uploads\/2017\/08\/P1040918-2.jpg\"><img decoding=\"async\" loading=\"lazy\" class=\"wp-image-14046\" src=\"http:\/\/granadacostanacional.es\/wp-content\/uploads\/2017\/08\/P1040918-2-300x225.jpg\" alt=\"P1040918-2\" width=\"455\" height=\"341\" \/><\/a><figcaption id=\"caption-attachment-14046\" class=\"wp-caption-text\"><em>Elegancia en el crucero<\/em><\/figcaption><\/figure>\n<p style=\"text-align: justify;\">\u00bfFue un virus? Yo no sab\u00eda bailar pero le dije a mi marido que yo no era m\u00e1s est\u00fapida que otra, as\u00ed que compramos un v\u00eddeo y grabamos tambi\u00e9n. En casa le dije a Claude que s\u00f3lo quer\u00eda ganar una vez una copa. Esto fue en 1996, y tambi\u00e9n le dije que bailar como aquello que vi, yo tambi\u00e9n podr\u00eda hacer lo mismo. Al d\u00eda siguiente comenzamos a ensayar. En 1997 me present\u00e9 al campeonato de Ill\u00ea de France y qued\u00e9 s\u00e9ptima. En 1998 qued\u00e9 primera y seleccionada para el campeonato de Francia. Gan\u00e9 el Campeonato de Francia y fui al de Europa, en Torremolinos en 1999. Despu\u00e9s qued\u00e9 seleccionada en todos los bailes de Europa, recorr\u00ed Francia entera. En 2001 tuve mi primer premio de Europa y el triunfo absoluto: peri\u00f3dicos, la televisi\u00f3n, v\u00eddeos que nos hicieron en casa\u2026 Luego fuimos famosos, no hab\u00eda ni vacaciones ni domingos. Hay mucho para contar, fueron momentos de risas, de l\u00e1grimas, mucho trabajo, muchos kil\u00f3metros, Espa\u00f1a, Portugal, y perfecci\u00f3n para ser artista -yo no me considero artista, otros lo dicen-, cruceros, hoteles de lujo, actuaciones en las mejores salas y teatros con trajes suntuosos\u2026 Por todos los sitios de Francia nos aclamaban.<\/p>\n<p>&nbsp;<\/p>\n<figure id=\"attachment_14040\" aria-describedby=\"caption-attachment-14040\" style=\"width: 311px\" class=\"wp-caption alignnone\"><a href=\"http:\/\/granadacostanacional.es\/wp-content\/uploads\/2017\/08\/image006.jpg\"><img decoding=\"async\" loading=\"lazy\" class=\"wp-image-14040\" src=\"http:\/\/granadacostanacional.es\/wp-content\/uploads\/2017\/08\/image006-225x300.jpg\" alt=\"image006\" width=\"311\" height=\"415\" \/><\/a><figcaption id=\"caption-attachment-14040\" class=\"wp-caption-text\"><em>Solo bailo en la cama del Royal Caribbean<\/em><\/figcaption><\/figure>\n<figure id=\"attachment_14043\" aria-describedby=\"caption-attachment-14043\" style=\"width: 293px\" class=\"wp-caption alignnone\"><a href=\"http:\/\/granadacostanacional.es\/wp-content\/uploads\/2017\/08\/77-2.jpg\"><img decoding=\"async\" loading=\"lazy\" class=\"wp-image-14043 size-medium\" src=\"http:\/\/granadacostanacional.es\/wp-content\/uploads\/2017\/08\/77-2-293x300.jpg\" alt=\"77-2\" width=\"293\" height=\"300\" \/><\/a><figcaption id=\"caption-attachment-14043\" class=\"wp-caption-text\"><em>\u00a1Para una vez que me sonries!<\/em><\/figcaption><\/figure>\n<p style=\"text-align: justify;\"><strong>\u00a0\u00a0\u00a0\u00a0\u00a0 C.- S\u00e9 que en las Competiciones de Bailes de Sal\u00f3n has ganado m\u00e1s de cien premios, \u00bfde cu\u00e1l de ellos te sientes m\u00e1s satisfecha?<\/strong><\/p>\n<p style=\"text-align: justify;\">\u00a0\u00a0\u00a0\u00a0\u00a0\u00a0\u00a0\u00a0\u00a0 F.- Para m\u00ed, que tanto bail\u00e9 y tanto amor siento por el baile, tengo muchos premios que recib\u00ed, pero en el coraz\u00f3n deb\u00eda haber otros que deb\u00edan estar aqu\u00ed. Ill\u00ea de France me dio a conocer y luego todos los peri\u00f3dicos te pon\u00edan en primera p\u00e1gina, pero mi Primer Premio de Europa fue como una bomba. Luego, ni tuve tiempo de entrar y tuve luego que ir en camino para hacer un concurso, dici\u00e9ndome que era un carro pesado. \u00a1Pero, para terminar! Fui campeona y gan\u00e9 un crucero, organizado con Costa Fortuna Tele Star Feeling Dancing Factory, con campeones del mundo y de Europa de danza deportiva. Y aunque no bailaba como ellos ni hab\u00eda ido nunca a la escuela de baile, era nuestra manera de danzar lo que gustaba. Y es que el baile hace olvidar el dolor y la tristeza y lo que ahora siento, al no encontrarme bien de salud, es no poder bailar. Pero a veces, sacando fuerzas de flaqueza, Claude y yo hacemos alguna exhibici\u00f3n durante los Encuentros Culturales Granada Costa.<\/p>\n<p>&nbsp;<\/p>\n<figure id=\"attachment_14044\" aria-describedby=\"caption-attachment-14044\" style=\"width: 326px\" class=\"wp-caption alignnone\"><a href=\"http:\/\/granadacostanacional.es\/wp-content\/uploads\/2017\/08\/92-2.jpg\"><img decoding=\"async\" loading=\"lazy\" class=\"wp-image-14044\" src=\"http:\/\/granadacostanacional.es\/wp-content\/uploads\/2017\/08\/92-2-225x300.jpg\" alt=\"92-2\" width=\"326\" height=\"435\" \/><\/a><figcaption id=\"caption-attachment-14044\" class=\"wp-caption-text\"><em>Un poco de pausa<\/em><\/figcaption><\/figure>\n<figure id=\"attachment_14048\" aria-describedby=\"caption-attachment-14048\" style=\"width: 327px\" class=\"wp-caption alignnone\"><a href=\"http:\/\/granadacostanacional.es\/wp-content\/uploads\/2017\/08\/131-2.jpg\"><img decoding=\"async\" loading=\"lazy\" class=\"wp-image-14048\" src=\"http:\/\/granadacostanacional.es\/wp-content\/uploads\/2017\/08\/131-2-225x300.jpg\" alt=\"131-2\" width=\"327\" height=\"436\" \/><\/a><figcaption id=\"caption-attachment-14048\" class=\"wp-caption-text\"><em>Bailemos dos pasos<\/em><\/figcaption><\/figure>\n<p style=\"text-align: justify;\"><strong>\u00a0\u00a0\u00a0\u00a0\u00a0\u00a0\u00a0\u00a0\u00a0 C.- Gloriosa etapa de tu vida, Francelina. Por fotograf\u00edas conozco tu \u201cpeque\u00f1o Versalles\u201d, que deb\u00eda ser un precioso palacete. Cu\u00e9ntame c\u00f3mo era, su edificaci\u00f3n, an\u00e9cdotas, etc.<\/strong><\/p>\n<figure id=\"attachment_14049\" aria-describedby=\"caption-attachment-14049\" style=\"width: 225px\" class=\"wp-caption alignnone\"><a href=\"http:\/\/granadacostanacional.es\/wp-content\/uploads\/2017\/08\/83-2.jpg\"><img decoding=\"async\" loading=\"lazy\" class=\"size-medium wp-image-14049\" src=\"http:\/\/granadacostanacional.es\/wp-content\/uploads\/2017\/08\/83-2-225x300.jpg\" alt=\"Cambi\u00e9 mi manera de andar \" width=\"225\" height=\"300\" \/><\/a><figcaption id=\"caption-attachment-14049\" class=\"wp-caption-text\"><em>Cambi\u00e9 mi manera de andar<\/em><\/figcaption><\/figure>\n<p style=\"text-align: justify;\">\u00a0\u00a0\u00a0\u00a0\u00a0\u00a0\u00a0\u00a0\u00a0 F.- Mi peque\u00f1o Versalles era un sue\u00f1o donde toda la gente se quedaba encantada. Cu\u00e1nto trabaj\u00e9 con mi marido en mi peque\u00f1o <em>Versaille<\/em>, domingos, fiestas, no hab\u00eda descanso, piedra a piedra, jardines, fuentes, arcos, muro alrededor haciendo la forma de barco\u2026 Cuando acabamos era un hermoso castillo, un para\u00edso. All\u00ed celebramos grandes fiestas con gente importante del espect\u00e1culo, con amigos\u2026 Incluso rodaron all\u00ed una pel\u00edcula sobre San Antonio, con G\u00e9rard Depardieu y G\u00e9rard Lanvin.\u00a0 Por eso, al trasladarnos a Espa\u00f1a, se vendi\u00f3 con gran rapidez. Pero all\u00ed qued\u00f3 mi libertad, la monta\u00f1a, mis animales salvajes a los que les hablaba y daba de comer, las plantas comestibles y los 2.500 metros de terreno. Pero mi marido se quer\u00eda venir a vivir a Villajoyosa por el sol. Adem\u00e1s, fui yo quien lo trajo aqu\u00ed, pues me daba miedo, ya que \u00e9l no comprend\u00eda una palabra de espa\u00f1ol. Aquellos fueron buenos momentos. No puedo olvidar que nos llamaban los del peque\u00f1o <em>Versaille.<\/em><\/p>\n<figure id=\"attachment_14045\" aria-describedby=\"caption-attachment-14045\" style=\"width: 387px\" class=\"wp-caption alignnone\"><a href=\"http:\/\/granadacostanacional.es\/wp-content\/uploads\/2017\/08\/image054-2.jpg\"><img decoding=\"async\" loading=\"lazy\" class=\"wp-image-14045\" src=\"http:\/\/granadacostanacional.es\/wp-content\/uploads\/2017\/08\/image054-2-300x225.jpg\" alt=\"image054-2\" width=\"387\" height=\"290\" \/><\/a><figcaption id=\"caption-attachment-14045\" class=\"wp-caption-text\"><em>Se baila en Versailles<\/em><\/figcaption><\/figure>\n<p style=\"text-align: justify;\"><strong>\u00a0\u00a0\u00a0\u00a0\u00a0\u00a0\u00a0\u00a0\u00a0 C.- Bien, y dejando atr\u00e1s esa etapa feliz en Par\u00eds de triunfos en el baile y fiestas en \u201cVersalles\u201d, ahora pasemos a tu actual etapa en\u2026<\/strong><\/p>\n<p style=\"text-align: justify;\"><strong>\u00a0<\/strong><\/p>\n<p style=\"text-align: center;\"><span style=\"color: #ff0000;\"><strong>ES<\/strong><\/span><span style=\"color: #ffff00;\"><strong>PA<\/strong><\/span><span style=\"color: #ff0000;\"><strong>\u00d1A<\/strong><\/span><\/p>\n<p style=\"text-align: justify;\"><strong>\u00a0<\/strong><\/p>\n<p style=\"text-align: justify;\"><strong>\u00a0\u00a0\u00a0\u00a0\u00a0\u00a0\u00a0\u00a0\u00a0 C.-\u00bfEn qu\u00e9 a\u00f1o decidisteis fijar vuestra residencia en Espa\u00f1a, concretamente\u00a0 en Villajoyosa (Alicante), y c\u00f3mo fue tomar esa decisi\u00f3n?<\/strong><\/p>\n<p style=\"text-align: justify;\">\u00a0\u00a0\u00a0\u00a0\u00a0\u00a0\u00a0\u00a0\u00a0 F.- En el a\u00f1o 2003 fui a Portugal a pasar las vacaciones con mis padres. Le dije a Claude: \u201c\u00bfQuieres conocer un pa\u00eds nuevo?\u201d y me dijo que s\u00ed. Y traje a mi marido a Villajoyosa. Tanto fue as\u00ed, que se le meti\u00f3 en la cabeza y en el mismo momento que lo llev\u00e9 en septiembre ya estaba en la playa y viendo la construcci\u00f3n de un chalet me dijo: \u201cA ver si vienes conmigo all\u00ed arriba\u201d. Yo nunca pens\u00e9 en comprar nada aqu\u00ed pero en julio del a\u00f1o siguiente, en 2004, vinimos a vivir a Villajoyosa definitivamente y me dijo que se sent\u00eda como pez en el agua. Pero a \u00e9l fue el sol y la Competici\u00f3n del Baile en Espa\u00f1a lo que lo trajo m\u00e1s r\u00e1pido. A \u00e9l le gustaba m\u00e1s Portugal pero las aguas son m\u00e1s fr\u00edas. Y desde entonces vivimos en este peque\u00f1o para\u00edso, como t\u00fa dices, Carmen, a orillas del mar Mediterr\u00e1neo.<\/p>\n<figure id=\"attachment_14047\" aria-describedby=\"caption-attachment-14047\" style=\"width: 330px\" class=\"wp-caption alignnone\"><a href=\"http:\/\/granadacostanacional.es\/wp-content\/uploads\/2017\/08\/image032.jpg\"><img decoding=\"async\" loading=\"lazy\" class=\"wp-image-14047\" src=\"http:\/\/granadacostanacional.es\/wp-content\/uploads\/2017\/08\/image032-225x300.jpg\" alt=\"image032\" width=\"330\" height=\"440\" \/><\/a><figcaption id=\"caption-attachment-14047\" class=\"wp-caption-text\"><em>Pidan a sus maridos que les hagan lo mismo<\/em><\/figcaption><\/figure>\n<figure id=\"attachment_14052\" aria-describedby=\"caption-attachment-14052\" style=\"width: 250px\" class=\"wp-caption alignnone\"><a href=\"http:\/\/granadacostanacional.es\/wp-content\/uploads\/2017\/08\/154-2.jpg\"><img decoding=\"async\" loading=\"lazy\" class=\"wp-image-14052\" src=\"http:\/\/granadacostanacional.es\/wp-content\/uploads\/2017\/08\/154-2-225x300.jpg\" alt=\"154-2\" width=\"250\" height=\"333\" \/><\/a><figcaption id=\"caption-attachment-14052\" class=\"wp-caption-text\"><em>\u00a1Siempre Volando!<\/em><\/figcaption><\/figure>\n<p style=\"text-align: justify;\"><strong>\u00a0\u00a0\u00a0\u00a0\u00a0\u00a0\u00a0\u00a0\u00a0 C.- S\u00e9 que Dios te ha repartido muchos talentos, que ya enumer\u00e9 en la introducci\u00f3n a esta entrevista, pero, no contenta con todo lo que has hecho, ahora irrumpes en el mundo literario y te haces escritora y poeta. \u00bfCu\u00e1ndo sentiste la vocaci\u00f3n por la literatura y qu\u00e9 te motiv\u00f3 a escribir?<\/strong><\/p>\n<p style=\"text-align: justify;\">\u00a0\u00a0\u00a0\u00a0\u00a0\u00a0\u00a0 \u00a0\u00a0F.- Cuando estuve muy mala interna en el hospital en 1978 \u2013 soy como una fruta madura, con rico color, que si la abres est\u00e1 podrida por dentro de dolencias-, all\u00ed devoraba libros. Era capaz de leer un libro en dos d\u00edas, pero los compraba de segunda mano porque no ten\u00eda dinero, eran series de 10 libros del mismo autor. Tambi\u00e9n ten\u00eda correspond\u00eda con los soldados de la guerra, les escrib\u00eda poemas para que ellos pasaran el tiempo, era joven y escrib\u00eda cartas de amor enviadas al viento. Pero nunca vi ning\u00fan hombre de estos, todos murieron en la guerra.<\/p>\n<p style=\"text-align: justify;\">\u00a0Un d\u00eda, cansada de que mi primer marido y la vida me hicieran tanto da\u00f1o, me dije que era el momento de aclarar toda mi vida en la escritura.<\/p>\n<p style=\"text-align: justify;\"><strong>\u00a0\u00a0\u00a0\u00a0\u00a0\u00a0\u00a0\u00a0\u00a0 C.- \u00bfCu\u00e1ntos libros has publicado en Granada Costa hasta ahora?<\/strong><\/p>\n<p style=\"text-align: justify;\">\u00a0\u00a0\u00a0\u00a0\u00a0\u00a0\u00a0\u00a0\u00a0 F.-\u00a0 Desde 2014 he publicado cuatro libros: <em>El camino de mi vida<\/em>, una autobiograf\u00eda. Un poemario titulado <em>Una poes\u00eda y una rosa<\/em>. <em>De las tres hermanas, \u00bfa cu\u00e1l llamas cari\u00f1o?<\/em> Continuaci\u00f3n de <em>El camino de mi vida.<\/em> Y <em>Un poema de amor y una sonrisa<\/em>, libro asimismo de poemas. Todos en el Club Selecci\u00f3n Granada Costa.<\/p>\n<p style=\"text-align: justify;\"><strong>\u00a0\u00a0\u00a0\u00a0\u00a0\u00a0\u00a0\u00a0\u00a0 C.- Tu trayectoria como poeta y escritora ha sido vertiginosa, por lo que me cuentas, pese a tu <em>handicap<\/em> con el idioma, y s\u00e9 tambi\u00e9n que no te han faltado premios en los dos a\u00f1os, m\u00e1s o menos, que llevas en el Proyecto Cultural Granada Costa, entre ellos la Medalla de Oro -que te entreg\u00f3 D. Jos\u00e9 Segura, nuestro Presidente-, uno de los m\u00e1ximos galardones que se otorgan. H\u00e1blame de esos premios.<\/strong><\/p>\n<p style=\"text-align: justify;\">\u00a0\u00a0\u00a0\u00a0\u00a0\u00a0\u00a0\u00a0\u00a0 F.-\u00a0\u00a0 No puedo explicar y ni me puedo juzgar a m\u00ed misma y nunca fui persona de engrandecerme, s\u00f3lo quien me ha visto luchando para ver si puedo salir lo m\u00e1ximo posible, como en la escritura, me falta el idioma, el tiempo, nunca yo lo pens\u00e9 y me hace recordar la etapa del baile. La Medalla de Oro, ni en sue\u00f1os lo hubiese pensado, ni siquiera otros premios, tal como quedar finalista en el Certamen de Cuentos Infantiles 2016, pues me siento frenada en cuanto a la poes\u00eda al escribir los libros, incluso esta entrevista me ha sido traducida. El idioma me hace falta para poder avanzar e ir m\u00e1s lejos, yo que siempre so\u00f1\u00e9 con un best-seller. En el peri\u00f3dico Granada Costa tengo siempre que contar las l\u00edneas porque nuestro director, Jos\u00e9 Segura, me dice: \u201cFrancelina, tienes casi una p\u00e1gina y la poes\u00eda, igual\u201d. Cuando alguien pensaba que no saldr\u00eda mi primer libro, me cost\u00f3 pero en \u00e9l me desnud\u00e9, puse mi vida ante el p\u00fablico.<\/p>\n<p style=\"text-align: justify;\"><strong>\u00a0\u00a0\u00a0\u00a0\u00a0\u00a0\u00a0\u00a0\u00a0 \u00a0C.- Si no me equivoco, creo que tienes en mente un nuevo libro en prosa, \u00bfqu\u00e9 tema tratar\u00e1s en \u00e9l? Dame alguna primicia acerca de su contenido que, a todas luces, ser\u00e1 tan sincero y aleccionador como tus dos anteriores en los que narras tu intensa vida, ejemplo de superaci\u00f3n.<\/strong><\/p>\n<p style=\"text-align: justify;\">\u00a0\u00a0\u00a0\u00a0\u00a0\u00a0\u00a0\u00a0\u00a0 F.- Pienso publicarlo en noviembre. Creo que no cambiar\u00e9 el t\u00edtulo, se llamar\u00e1 <em>Te di la vida y t\u00fa me deseaste la muerte<\/em>. Se trata de la \u00faltima parte de la autobiograf\u00eda, ya que salieron dos anteriormente, \u00e9ste ser\u00e1 el tercero. Despu\u00e9s pasaremos a otros si Dios me ayuda, si Dios me protege, pues muchas veces las hojas caen, pero los \u00e1rboles no mueren. Y yo soy como un \u00e1rbol. Por eso no me desanimo frente a las dificultades.<\/p>\n<p style=\"text-align: justify;\"><strong>\u00a0\u00a0\u00a0\u00a0\u00a0\u00a0\u00a0\u00a0\u00a0 C.- Por \u00faltimo, amiga Francelina, como estamos en tierras levantinas, vayan unas \u00faltimas preguntas a modo de <em>masclet\u00e1s:<\/em><\/strong><\/p>\n<p style=\"text-align: justify;\"><strong>Un poeta<\/strong>: F. Federico Garc\u00eda Lorca. <strong>Un m\u00fasico<\/strong>: F. David Guetta. <strong>Un libro<\/strong>: F. La vida de la princesa Diana. <strong>Un pa\u00eds<\/strong>: F. Francia. <strong>Un color<\/strong>: F. Blanco. <strong>Un perfume<\/strong>: F. J\u2019adore, Dior. <strong>Una flor<\/strong>: F. Orqu\u00eddea. <strong>Un paisaje<\/strong>: F. Un campo de flores. <strong>Una canci\u00f3n<\/strong>: F. Edith Piaf- Non, je ne regrette rien. <strong>Y un deseo<\/strong> F. La paz en el mundo y salud para todos y ser reconocida como una gran escritora y poeta.<\/p>\n<p style=\"text-align: justify;\">\u00a0Me gustar\u00eda terminar esta entrevista diciendo que: La vida me arranc\u00f3 mis l\u00e1grimas, pero no consigui\u00f3 apagar mi sonrisa.<\/p>\n<p style=\"text-align: justify;\">\u00a0\u00a0\u00a0\u00a0\u00a0\u00a0\u00a0\u00a0\u00a0 <em>\u00a0El tiempo se ha ido deslizando callada y suavemente y las sombras del crep\u00fasculo comienzan a invadir la terraza envolvi\u00e9ndonos en una relajante penumbra. Pero yo s\u00e9 que esas sombras pasar\u00e1n de largo y que el hogar de Francelina y Claude permanecer\u00e1 iluminado por la claridad que emana de las personas que se aman.<\/em><\/p>\n<p style=\"text-align: justify;\"><em>\u00a0\u00a0\u00a0\u00a0\u00a0\u00a0\u00a0\u00a0\u00a0 Francelina, como alegre despedida, cantemos a d\u00fao, una vez m\u00e1s, esta optimista canci\u00f3n que tan bien te va: \u201cVoulez-vous danser, Grand-m\u00e8re?\u201d. Y deseo que por siempre sigas bailando. Que tu vida sea una eterna danza.<\/em><\/p>\n<p style=\"text-align: justify;\"><em>Merci beaucoup, Francelina. Bisous y mis mejores deseos con este poema dedicado a ti:<\/em><\/p>\n<p style=\"text-align: justify;\"><em>\u00a0<\/em><\/p>\n<p style=\"text-align: justify;\"><em>BAILARINA<\/em><\/p>\n<p style=\"text-align: justify;\"><em>El\u00e9vate por encima del mundo;<\/em><\/p>\n<p style=\"text-align: justify;\"><em>por encima del amor.<\/em><\/p>\n<p style=\"text-align: justify;\"><em>\u00a0<\/em><\/p>\n<p style=\"text-align: justify;\"><em>Bailarina, sigue bailando.<\/em><\/p>\n<p style=\"text-align: justify;\"><em>Viste de nuevo tu cuerpo de s\u00edlfide<\/em><\/p>\n<p style=\"text-align: justify;\"><em>con una nube de tul ilusi\u00f3n.<\/em><\/p>\n<p style=\"text-align: justify;\"><em>Calza tus pies diminutos<\/em><\/p>\n<p style=\"text-align: justify;\"><em>\u00a0con zapatillas aladas de raso.<\/em><\/p>\n<p style=\"text-align: justify;\"><em>Olvida aquella perdida ilusi\u00f3n.<\/em><\/p>\n<p style=\"text-align: justify;\"><em>Y sigue bailando.<\/em><\/p>\n<p style=\"text-align: justify;\"><em>\u00a0<\/em><\/p>\n<p style=\"text-align: justify;\"><em>Mueve tu gr\u00e1cil figura al comp\u00e1s<\/em><\/p>\n<p style=\"text-align: justify;\"><em>de la m\u00fasica que arm\u00f3nica suena.<\/em><\/p>\n<p style=\"text-align: justify;\"><em>Vuela por los aires, incorp\u00f3rea, et\u00e9rea,<\/em><\/p>\n<p style=\"text-align: justify;\"><em>cual flor en el viento,<\/em><\/p>\n<p style=\"text-align: justify;\"><em>ligera, sin peso.<\/em><\/p>\n<p style=\"text-align: justify;\"><em>Olvida tu cruel desenga\u00f1o.<\/em><\/p>\n<p style=\"text-align: justify;\"><em>Y sigue bailando.<\/em><\/p>\n<p style=\"text-align: justify;\"><em>\u00a0<\/em><\/p>\n<p style=\"text-align: justify;\"><em>El mundo rendido tendr\u00e1s a tus pies,<\/em><\/p>\n<p style=\"text-align: justify;\"><em>hechizado ante la belleza<\/em><\/p>\n<p style=\"text-align: justify;\"><em>que tu danza encierra<\/em><\/p>\n<p style=\"text-align: justify;\"><em>creando, cual ninfa, m\u00e1gico ballet.<\/em><\/p>\n<p style=\"text-align: justify;\"><em>C\u00e1lidos aplausos ir\u00e1n mitigando<\/em><\/p>\n<p style=\"text-align: justify;\"><em>la amarga traici\u00f3n. Olvida el fracaso.<\/em><\/p>\n<p style=\"text-align: justify;\"><em>Y sigue bailando.<\/em><\/p>\n<p style=\"text-align: justify;\"><em>\u00a0<\/em><\/p>\n<p style=\"text-align: justify;\"><em>Danza, danza, bailarina.<\/em><\/p>\n<p style=\"text-align: justify;\"><em>Que nunca se paren tus ligeros pies.<\/em><\/p>\n<p style=\"text-align: justify;\"><em>Y tu cuerpo siempre en movimiento,<\/em><\/p>\n<p style=\"text-align: justify;\"><em>cual graciosa mu\u00f1eca girando <\/em><\/p>\n<p style=\"text-align: justify;\"><em>al comp\u00e1s del son,<\/em><\/p>\n<p style=\"text-align: justify;\"><em>hallar\u00e1 en la danza el \u00fanico amor.<\/em><\/p>\n<p style=\"text-align: justify;\"><em>\u00a1Francelina, sigue bailando!<\/em><\/p>\n<p style=\"text-align: justify;\"><em>\u00a0<\/em><\/p>\n<p style=\"text-align: right;\"><em><strong>Tu amiga Carmen Carrasco, verano del 2017.<\/strong><\/em><\/p>\n","protected":false},"excerpt":{"rendered":"<p>\u00a0\u00a0\u00a0\u00a0\u00a0\u00a0\u00a0\u00a0\u00a0 Me hallo en un peque\u00f1o para\u00edso a orillas del mar Mediterr\u00e1neo. Es un chalet con maravillosas vistas a la&hellip;<\/p>\n","protected":false},"author":2,"featured_media":14039,"comment_status":"open","ping_status":"open","sticky":false,"template":"","format":"standard","meta":{"om_disable_all_campaigns":false,"_mi_skip_tracking":false,"_monsterinsights_sitenote_active":false,"_monsterinsights_sitenote_note":"","_monsterinsights_sitenote_category":0,"footnotes":""},"categories":[21,22],"tags":[],"aioseo_notices":[],"_links":{"self":[{"href":"https:\/\/granadacostaglobal.es\/index.php?rest_route=\/wp\/v2\/posts\/14038"}],"collection":[{"href":"https:\/\/granadacostaglobal.es\/index.php?rest_route=\/wp\/v2\/posts"}],"about":[{"href":"https:\/\/granadacostaglobal.es\/index.php?rest_route=\/wp\/v2\/types\/post"}],"author":[{"embeddable":true,"href":"https:\/\/granadacostaglobal.es\/index.php?rest_route=\/wp\/v2\/users\/2"}],"replies":[{"embeddable":true,"href":"https:\/\/granadacostaglobal.es\/index.php?rest_route=%2Fwp%2Fv2%2Fcomments&post=14038"}],"version-history":[{"count":0,"href":"https:\/\/granadacostaglobal.es\/index.php?rest_route=\/wp\/v2\/posts\/14038\/revisions"}],"wp:featuredmedia":[{"embeddable":true,"href":"https:\/\/granadacostaglobal.es\/index.php?rest_route=\/"}],"wp:attachment":[{"href":"https:\/\/granadacostaglobal.es\/index.php?rest_route=%2Fwp%2Fv2%2Fmedia&parent=14038"}],"wp:term":[{"taxonomy":"category","embeddable":true,"href":"https:\/\/granadacostaglobal.es\/index.php?rest_route=%2Fwp%2Fv2%2Fcategories&post=14038"},{"taxonomy":"post_tag","embeddable":true,"href":"https:\/\/granadacostaglobal.es\/index.php?rest_route=%2Fwp%2Fv2%2Ftags&post=14038"}],"curies":[{"name":"wp","href":"https:\/\/api.w.org\/{rel}","templated":true}]}}