{"id":14010,"date":"2017-08-21T05:21:57","date_gmt":"2017-08-21T05:21:57","guid":{"rendered":"http:\/\/granadacostanacional.es\/?p=14010"},"modified":"2017-08-21T05:21:57","modified_gmt":"2017-08-21T05:21:57","slug":"medio-ambiente-suspendio-de-actividad-de-la-carbonera-de-moguer-el-pasado-21-de-julio","status":"publish","type":"post","link":"https:\/\/granadacostaglobal.es\/?p=14010","title":{"rendered":"Medio Ambiente suspendi\u00f3 de actividad de la carbonera de Moguer el pasado 21 de julio"},"content":{"rendered":"<h4 style=\"text-align: justify;\">La Delegaci\u00f3n Territorial de Huelva ratific\u00f3 el cese de la misma y el inicio del expediente sancionador a principios del mes de agosto.<\/h4>\n<p style=\"text-align: justify;\">La Consejer\u00eda de Medio Ambiente y Ordenaci\u00f3n del Territorio, a trav\u00e9s de la Delegaci\u00f3n Territorial de Huelva, ratific\u00f3 a principios del mes de agosto la suspensi\u00f3n de la actividad y el inicio de los tr\u00e1mites del expediente sancionador a la carboner\u00eda vegetal donde presuntamente se origin\u00f3 el incendio forestal en el paraje de La Pe\u00f1uela (Moguer), el pasado 24 de junio. Previamente, el 21 de julio, ya se hab\u00eda suspendido la actividad de la empresa.<\/p>\n<p style=\"text-align: justify;\">Ante las declaraciones vertidas por organizaciones y partidos pol\u00edticos, sin rigor, sin contrastar los datos, haciendo el rid\u00edculo, ya que demandan un cierre de la empresa que ya se ha producido, la Consejer\u00eda recuerda que las medidas se han tomado en tiempo y forma, respetando en todo momento la investigaci\u00f3n de\u00a0 los agentes de medio ambiente, que remitieron el informe definitivo a la Guardia Civil a finales del mes de julio.<\/p>\n<p style=\"text-align: justify;\">Asimismo, agentes de medio ambiente han comprobado esta misma semana en una inspecci\u00f3n el cese de la actividad de la empresa y que, en estos momentos, en la zona solo han aspersores refrescando el terreno.<\/p>\n<p style=\"text-align: justify;\">La Consejer\u00eda de Andaluc\u00eda y Ordenaci\u00f3n del Territorio reitera que la \u00a0Junta de Andaluc\u00eda va a personarse como acusaci\u00f3n particular y parte afectada.<\/p>\n","protected":false},"excerpt":{"rendered":"<p>La Delegaci\u00f3n Territorial de Huelva ratific\u00f3 el cese de la misma y el inicio del expediente sancionador a principios del&hellip;<\/p>\n","protected":false},"author":2,"featured_media":14011,"comment_status":"open","ping_status":"open","sticky":false,"template":"","format":"standard","meta":{"om_disable_all_campaigns":false,"_mi_skip_tracking":false,"_monsterinsights_sitenote_active":false,"_monsterinsights_sitenote_note":"","_monsterinsights_sitenote_category":0,"footnotes":""},"categories":[22],"tags":[],"aioseo_notices":[],"_links":{"self":[{"href":"https:\/\/granadacostaglobal.es\/index.php?rest_route=\/wp\/v2\/posts\/14010"}],"collection":[{"href":"https:\/\/granadacostaglobal.es\/index.php?rest_route=\/wp\/v2\/posts"}],"about":[{"href":"https:\/\/granadacostaglobal.es\/index.php?rest_route=\/wp\/v2\/types\/post"}],"author":[{"embeddable":true,"href":"https:\/\/granadacostaglobal.es\/index.php?rest_route=\/wp\/v2\/users\/2"}],"replies":[{"embeddable":true,"href":"https:\/\/granadacostaglobal.es\/index.php?rest_route=%2Fwp%2Fv2%2Fcomments&post=14010"}],"version-history":[{"count":0,"href":"https:\/\/granadacostaglobal.es\/index.php?rest_route=\/wp\/v2\/posts\/14010\/revisions"}],"wp:featuredmedia":[{"embeddable":true,"href":"https:\/\/granadacostaglobal.es\/index.php?rest_route=\/"}],"wp:attachment":[{"href":"https:\/\/granadacostaglobal.es\/index.php?rest_route=%2Fwp%2Fv2%2Fmedia&parent=14010"}],"wp:term":[{"taxonomy":"category","embeddable":true,"href":"https:\/\/granadacostaglobal.es\/index.php?rest_route=%2Fwp%2Fv2%2Fcategories&post=14010"},{"taxonomy":"post_tag","embeddable":true,"href":"https:\/\/granadacostaglobal.es\/index.php?rest_route=%2Fwp%2Fv2%2Ftags&post=14010"}],"curies":[{"name":"wp","href":"https:\/\/api.w.org\/{rel}","templated":true}]}}