{"id":13904,"date":"2017-08-01T15:50:13","date_gmt":"2017-08-01T15:50:13","guid":{"rendered":"http:\/\/granadacostanacional.es\/?p=13904"},"modified":"2017-08-01T15:50:13","modified_gmt":"2017-08-01T15:50:13","slug":"todo-listo-para-la-v-muestra-de-teatro-clasico-tropico-de-europa-de-almunecar","status":"publish","type":"post","link":"https:\/\/granadacostaglobal.es\/?p=13904","title":{"rendered":"Todo listo para la V Muestra de  Teatro Cl\u00e1sico Tr\u00f3pico de Europa  de Almu\u00f1\u00e9car"},"content":{"rendered":"<h2><strong>El Auditorio del Parque El Majuelo es el escenario que acoger\u00e1 4 obras cumbres del Teatro Cl\u00e1sico <\/strong><\/h2>\n<p><strong>\u00a0<\/strong><\/p>\n<p><strong>Ser\u00e1 el viernes 4 de agosto con el estrene en Andaluc\u00eda <\/strong><\/p>\n<p><strong><em>La Hidalga del Valle<\/em><\/strong><strong>, Auto Sacramental de Calder\u00f3n de la Barca<\/strong><\/p>\n<p><strong>Este a\u00f1o como novedad se realizar\u00e1n talleres de teatro para adultos impartidos por actores y profesores del MasterClassico <\/strong><\/p>\n<p>&nbsp;<\/p>\n<p>Todo est\u00e1 listo en el Parque de El Majuelo de Almu\u00f1\u00e9car para subir el tel\u00f3n de la V Muestra de Teatro Cl\u00e1sico Tr\u00f3pico de Europa, una cita ineludible para los amantes del mejor teatro cl\u00e1sico de nuestra literatura que se celebra del 2 al 5 de agosto. Este a\u00f1o no faltar\u00e1n las sorpresas, puestas en escena espectaculares y actividades paralelas como los talleres de teatro para adultos.<\/p>\n<p>En la programaci\u00f3n de esta edici\u00f3n se van a presentar cuatro grandes obras del teatro castellano. Por un lado, la Muestra se inaugurar\u00e1 el mi\u00e9rcoles 2 de agosto con <em>El Busc\u00f3n<\/em> de Quevedo, de la compa\u00f1\u00eda Albacity Corporation y TCure Teatro, y dar\u00e1 paso a los cl\u00e1sicos m\u00e1s modernos en la jornada del jueves 3 de agosto. De esta forma se sube al escenario <em>La Venganza de Don Mendo<\/em>, de Pedro Mu\u00f1oz Seca, considerada una de las obras m\u00e1s representadas en Espa\u00f1a (s\u00f3lo por detr\u00e1s de <em>Fuenteovejuna, Don Juan Tenorio<\/em> y <em>La Vida es Sue\u00f1o<\/em>). Este cl\u00e1sico est\u00e1 reconocido como la gran astracanada del teatro espa\u00f1ol y una de las mejores obras del escritor teatral Pedro Mu\u00f1oz Seca. <em>La Venganza de Don Mendo<\/em> es una obra de cuatro actos donde se suceden los juegos de palabras, los golpes de humor y las situaciones absurdas sin dejar a un lado el drama hist\u00f3rico que hay detr\u00e1s y que el autor no duda en parodiar.<\/p>\n<p><a href=\"http:\/\/granadacostanacional.es\/wp-content\/uploads\/2017\/08\/16LA-HIDALGA-DEL-VALLE_BS_8001_1a.jpg\"><img decoding=\"async\" loading=\"lazy\" class=\"aligncenter size-large wp-image-13907\" src=\"http:\/\/granadacostanacional.es\/wp-content\/uploads\/2017\/08\/16LA-HIDALGA-DEL-VALLE_BS_8001_1a-683x1024.jpg\" alt=\"16LA HIDALGA DEL VALLE_BS_8001_1a\" width=\"683\" height=\"1024\" \/><\/a><\/p>\n<p>El viernes 4 de agosto se estrenar\u00e1 en Andaluc\u00eda la nueva producci\u00f3n teatral de la Compa\u00f1\u00eda Corrales de Comedias, el Auto Sacramental de Calder\u00f3n de la Barca <em>La Hidalga del Valle<\/em>. Un propuesta arriesgada pero que ya ha sido muy alabada por cr\u00edtica y p\u00fablico en el Corral de Comedias de Almagro y en Albacete -donde se estren\u00f3 en la catedral de la ciudad manchega dentro de la XXI Feria de Artes Esc\u00e9nicas y Musicales de Castilla La Mancha-. Esta es una ocasi\u00f3n \u00fanica de poder ver una gran obra del teatro sacro y cl\u00e1sico del Siglo de Oro con una puesta en escena espectacular gracias a un vestuario cuidado, a los juegos de luces y a un texto que guarda la esencia del original pero que se ha adaptado a nuestros tiempos para hacerlo m\u00e1s cercano.<\/p>\n<p>La Muestra llega a su fin el s\u00e1bado 5 de agosto con una escogida selecci\u00f3n del mejor Teatro Breve del Siglo de Oro. Los espectadores podr\u00e1n disfrutar de piezas teatrales de Agust\u00edn de Rojas, Luis de G\u00f3ngora, Calder\u00f3n de la Barca y Vicente de Deza. Unas obras que ser\u00e1n llevadas a escena por el grupo de Teatro de Almu\u00f1\u00e9car Dionisio Theatre, dirigido por Margarita Saldivia.<\/p>\n<p>Las entradas pueden comprarse anticipadamente desde esta semana en <a href=\"http:\/\/www.bravoentradas.com\">www.bravoentradas.com<\/a> y en la taquilla el mismo d\u00eda de la funci\u00f3n desde las 20.00 horas.<\/p>\n<p><a href=\"http:\/\/granadacostanacional.es\/wp-content\/uploads\/2017\/08\/ALMUN\u0303ECAR_2017_1a.jpg\"><img decoding=\"async\" loading=\"lazy\" class=\"aligncenter size-large wp-image-13906\" src=\"http:\/\/granadacostanacional.es\/wp-content\/uploads\/2017\/08\/ALMUN\u0303ECAR_2017_1a-726x1024.jpg\" alt=\"ALMUN\u0303ECAR_2017_1a\" width=\"726\" height=\"1024\" \/><\/a><\/p>\n<p><strong>Talleres de teatro para adultos<\/strong><\/p>\n<p>Una de las grandes novedades de esta edici\u00f3n es la organizaci\u00f3n de cuatro talleres de teatro para adultos como actividad paralela a la Muestra. El objetivo de estas actividades es interactuar con todas aquellas personas que quieran conocer m\u00e1s de cerca el oficio del teatro. En ellos se abordar\u00e1n temas tan curiosos como los juegos del espacio, los personajes, los roles y las expresiones de los personajes.<\/p>\n<p>Estos talleres se realizar\u00e1n en la Casa de la Cultura de Almu\u00f1\u00e9car de 11 a 13h. y han sido preparados y dirigidos por el MasterCl\u00e1ssico de teatro y lo impartir\u00e1n varios de sus profesores: Covadonga Calder\u00f3n, Vicente Nov\u00e9 junto a Antonio Le\u00f3n, Director de Corrales de Comedias y Director del \u00c1rea Pr\u00e1ctica de Mastercl\u00e1ssico.<\/p>\n","protected":false},"excerpt":{"rendered":"<p>El Auditorio del Parque El Majuelo es el escenario que acoger\u00e1 4 obras cumbres del Teatro Cl\u00e1sico \u00a0 Ser\u00e1 el&hellip;<\/p>\n","protected":false},"author":2,"featured_media":13905,"comment_status":"open","ping_status":"open","sticky":false,"template":"","format":"standard","meta":{"om_disable_all_campaigns":false,"_mi_skip_tracking":false,"_monsterinsights_sitenote_active":false,"_monsterinsights_sitenote_note":"","_monsterinsights_sitenote_category":0,"footnotes":""},"categories":[21],"tags":[],"aioseo_notices":[],"_links":{"self":[{"href":"https:\/\/granadacostaglobal.es\/index.php?rest_route=\/wp\/v2\/posts\/13904"}],"collection":[{"href":"https:\/\/granadacostaglobal.es\/index.php?rest_route=\/wp\/v2\/posts"}],"about":[{"href":"https:\/\/granadacostaglobal.es\/index.php?rest_route=\/wp\/v2\/types\/post"}],"author":[{"embeddable":true,"href":"https:\/\/granadacostaglobal.es\/index.php?rest_route=\/wp\/v2\/users\/2"}],"replies":[{"embeddable":true,"href":"https:\/\/granadacostaglobal.es\/index.php?rest_route=%2Fwp%2Fv2%2Fcomments&post=13904"}],"version-history":[{"count":0,"href":"https:\/\/granadacostaglobal.es\/index.php?rest_route=\/wp\/v2\/posts\/13904\/revisions"}],"wp:featuredmedia":[{"embeddable":true,"href":"https:\/\/granadacostaglobal.es\/index.php?rest_route=\/"}],"wp:attachment":[{"href":"https:\/\/granadacostaglobal.es\/index.php?rest_route=%2Fwp%2Fv2%2Fmedia&parent=13904"}],"wp:term":[{"taxonomy":"category","embeddable":true,"href":"https:\/\/granadacostaglobal.es\/index.php?rest_route=%2Fwp%2Fv2%2Fcategories&post=13904"},{"taxonomy":"post_tag","embeddable":true,"href":"https:\/\/granadacostaglobal.es\/index.php?rest_route=%2Fwp%2Fv2%2Ftags&post=13904"}],"curies":[{"name":"wp","href":"https:\/\/api.w.org\/{rel}","templated":true}]}}