{"id":13900,"date":"2017-07-31T14:45:11","date_gmt":"2017-07-31T14:45:11","guid":{"rendered":"http:\/\/granadacostanacional.es\/?p=13900"},"modified":"2017-07-31T14:45:11","modified_gmt":"2017-07-31T14:45:11","slug":"jose-fiscal-preside-en-el-parador-de-mazagon-el-consejo-de-direccion-ampliado-de-la-consejeria-de-medio-ambiente","status":"publish","type":"post","link":"https:\/\/granadacostaglobal.es\/?p=13900","title":{"rendered":"Jos\u00e9 Fiscal preside en el Parador de Mazag\u00f3n el Consejo de  Direcci\u00f3n ampliado de la Consejer\u00eda de Medio Ambiente"},"content":{"rendered":"<h2 style=\"text-align: justify;\">En la reuni\u00f3n se han abordado, entre otros temas, la campa\u00f1a del Plan\u00a0Infoca, el nuevo reglamento de caza y la Ley de Cambio Clim\u00e1tico<\/h2>\n<p style=\"text-align: justify;\">El consejero de Medio Ambiente y Ordenaci\u00f3n del Territorio, Jos\u00e9 Fiscal, ha presidido hoy el Consejo de Direcci\u00f3n ampliado de su departamento en el Parador de Mazag\u00f3n (Moguer, Huelva), una instalaci\u00f3n que se vio afectada por el incendio originado el pasado mes de junio en el paraje de La Pe\u00f1uela.<\/p>\n<p style=\"text-align: justify;\">Entre los temas tratados, el consejero ha destacado la presente campa\u00f1a del Plan de Prevenci\u00f3n y Extinci\u00f3n de Incendios Forestales de Andaluc\u00eda, Plan Infoca, as\u00ed como la aprobaci\u00f3n por el Consejo de Gobierno de la Junta del nuevo Reglamento de Ordenaci\u00f3n de la Caza en Andaluc\u00eda, una actividad que genera m\u00e1s de 70 millones de euros anuales, sin contar con los beneficios indirectos. Esta norma, \u201cque cuenta con el agrado del sector\u201d, establece las bases para el aprovechamiento sostenible de los h\u00e1bitats y de recursos cineg\u00e9ticos e introduce medidas de agilizaci\u00f3n administrativa.<\/p>\n<p style=\"text-align: justify;\"><a href=\"http:\/\/granadacostanacional.es\/wp-content\/uploads\/2017\/07\/IMG_0249.jpg\"><img decoding=\"async\" loading=\"lazy\" class=\"aligncenter size-large wp-image-13901\" src=\"http:\/\/granadacostanacional.es\/wp-content\/uploads\/2017\/07\/IMG_0249-1024x768.jpg\" alt=\"IMG_0249\" width=\"1024\" height=\"768\" \/><\/a><\/p>\n<p style=\"text-align: justify;\">Otro de los asuntos que se ha abordado ha sido la futura Ley de Cambio Clim\u00e1tico, que tras pasar el documento por la Comisi\u00f3n de Viceconsejeros se va a enviar al Consejo Consultivo, \u201cel \u00faltimo tr\u00e1mite\u201d antes de remitirla al Consejo de Gobierno y de ah\u00ed llevarla al Parlamento andaluz.<\/p>\n<p style=\"text-align: justify;\">Por \u00faltimo, el titular de Medio Ambiente ha destacado el acuerdo suscrito en materia de depuraci\u00f3n de aguas residuales con la ministra de Agricultura y Pesca, Alimentaci\u00f3n y Medio Ambiente, Isabel Garc\u00eda Tejerina, un protocolo que define las l\u00edneas para el cumplimiento de la normativa europea sobre tratamiento de aguas residuales en Andaluc\u00eda y que contempla una inversi\u00f3n de 791 millones de euros.<\/p>\n","protected":false},"excerpt":{"rendered":"<p>En la reuni\u00f3n se han abordado, entre otros temas, la campa\u00f1a del Plan\u00a0Infoca, el nuevo reglamento de caza y la&hellip;<\/p>\n","protected":false},"author":2,"featured_media":13902,"comment_status":"open","ping_status":"open","sticky":false,"template":"","format":"standard","meta":{"om_disable_all_campaigns":false,"_mi_skip_tracking":false,"_monsterinsights_sitenote_active":false,"_monsterinsights_sitenote_note":"","_monsterinsights_sitenote_category":0,"footnotes":""},"categories":[22],"tags":[],"aioseo_notices":[],"_links":{"self":[{"href":"https:\/\/granadacostaglobal.es\/index.php?rest_route=\/wp\/v2\/posts\/13900"}],"collection":[{"href":"https:\/\/granadacostaglobal.es\/index.php?rest_route=\/wp\/v2\/posts"}],"about":[{"href":"https:\/\/granadacostaglobal.es\/index.php?rest_route=\/wp\/v2\/types\/post"}],"author":[{"embeddable":true,"href":"https:\/\/granadacostaglobal.es\/index.php?rest_route=\/wp\/v2\/users\/2"}],"replies":[{"embeddable":true,"href":"https:\/\/granadacostaglobal.es\/index.php?rest_route=%2Fwp%2Fv2%2Fcomments&post=13900"}],"version-history":[{"count":0,"href":"https:\/\/granadacostaglobal.es\/index.php?rest_route=\/wp\/v2\/posts\/13900\/revisions"}],"wp:featuredmedia":[{"embeddable":true,"href":"https:\/\/granadacostaglobal.es\/index.php?rest_route=\/"}],"wp:attachment":[{"href":"https:\/\/granadacostaglobal.es\/index.php?rest_route=%2Fwp%2Fv2%2Fmedia&parent=13900"}],"wp:term":[{"taxonomy":"category","embeddable":true,"href":"https:\/\/granadacostaglobal.es\/index.php?rest_route=%2Fwp%2Fv2%2Fcategories&post=13900"},{"taxonomy":"post_tag","embeddable":true,"href":"https:\/\/granadacostaglobal.es\/index.php?rest_route=%2Fwp%2Fv2%2Ftags&post=13900"}],"curies":[{"name":"wp","href":"https:\/\/api.w.org\/{rel}","templated":true}]}}