{"id":13896,"date":"2017-07-31T06:38:37","date_gmt":"2017-07-31T06:38:37","guid":{"rendered":"http:\/\/granadacostanacional.es\/?p=13896"},"modified":"2017-07-31T06:38:37","modified_gmt":"2017-07-31T06:38:37","slug":"impotencia-ante-los-poderes","status":"publish","type":"post","link":"https:\/\/granadacostaglobal.es\/?p=13896","title":{"rendered":"IMPOTENCIA ANTE LOS PODERES"},"content":{"rendered":"<p>&nbsp;<\/p>\n<p style=\"text-align: justify;\">Es evidente que cuanto m\u00e1s avanza el ser humano por el camino del presente siglo, el abismo que separa a ricos y pobres aumenta en amplitud y profundidad. Asimismo, la distancia entre el norte y el sur, ya de por s\u00ed inconmensurable, contin\u00faa acrecent\u00e1ndose m\u00e1s y m\u00e1s. La vida del hombre y de la mujer de hoy y el ambiente que la envuelve son cada vez m\u00e1s insanos, m\u00e1s impenetrables, m\u00e1s antisociales\u2026<\/p>\n<p style=\"text-align: justify;\">Actualmente, predomina la pol\u00edtica de los intereses de todo tipo a nivel de las naciones m\u00e1s ricas del orbe y de aquellas otras, aliadas de las primeras, que ans\u00edan aumentar sus riquezas. Ante este panorama desolador se hace imprescindible dar voz y facilidades plenas a las personas y organismos que trabajan d\u00eda a d\u00eda por la supervivencia de las sociedades en extrema pobreza y en beneficio del progreso de sus respectivos pa\u00edses ninguneados por los gobernantes poderosos.<\/p>\n<p style=\"text-align: justify;\">El sue\u00f1o americano (estadounidense) y el europeo, (el de la Uni\u00f3n) y el asi\u00e1tico (chino, japon\u00e9s, indio, coreano\u2026), se han transformado en pesadillas terror\u00edficas, tanto para los ciudadanos de estas naciones como para los seres humanos del tercer mundo que anhelan vivir dignamente. El poder pol\u00edtico en comuni\u00f3n \u00edntima y perfecta con el econ\u00f3mico es el que marca, en ciertas sociedades, las pautas a seguir a los dem\u00e1s poderes. El imperialismo estadounidense y el ruso, el alem\u00e1n y el japon\u00e9s\u2026 prosigue su andadura, manipulando a los regidores de determinadas naciones, que le siguen incondicionalmente, y solidariz\u00e1ndose con ellos para conseguir sus objetivos. Este dominio imperialista es una realidad en pleno proceso de avance, operando en determinados pa\u00edses no alineados con el guardi\u00e1n e inquisidor del orbe por ser enemigos ac\u00e9rrimos de su pol\u00edtica exterior. Naciones estas que al poseer riquezas sin explotar o mal explotadas son presas codiciadas, aunque, pol\u00edticamente, se exprese que la causa primigenia y \u00fanica de la intervenci\u00f3n estadounidense y la de sus aliados es la erradicaci\u00f3n del terrorismo internacional.<\/p>\n<p style=\"text-align: justify;\">Es obvio que la operatividad del poder norteamericano se concentra en expandir, directa o indirectamente, su veneno letal sobre estos pa\u00edses, devast\u00e1ndolos y asesinando a un n\u00famero indeterminado de seres inocentes. \u00bfSon conscientes Donald Trump, su gobierno, sus aliados y no aliados\u2026 de que no se puede combatir el terrorismo con m\u00e1s terrorismo? \u201cEs propio de hombres de cabezas medianas, refiere Antonio Machado, embestir contra todo aquello que no les cabe en la cabeza\u201d. Todos los gobernantes de los pa\u00edses del mundo deber\u00edan conocer esta frase del poeta espa\u00f1ol, aunque no la asimile la cabeza de la inmensa mayor\u00eda de ellos.<\/p>\n<p>&nbsp;<\/p>\n<p style=\"text-align: right;\"><strong>Carlos Ben\u00edtez Villodres<\/strong><\/p>\n<p style=\"text-align: right;\"><strong>M\u00e1laga<\/strong><\/p>\n<p><strong>\u00a0<\/strong><\/p>\n","protected":false},"excerpt":{"rendered":"<p>&nbsp; Es evidente que cuanto m\u00e1s avanza el ser humano por el camino del presente siglo, el abismo que separa&hellip;<\/p>\n","protected":false},"author":2,"featured_media":1115,"comment_status":"open","ping_status":"open","sticky":false,"template":"","format":"standard","meta":{"om_disable_all_campaigns":false,"_mi_skip_tracking":false,"_monsterinsights_sitenote_active":false,"_monsterinsights_sitenote_note":"","_monsterinsights_sitenote_category":0,"footnotes":""},"categories":[21],"tags":[],"aioseo_notices":[],"_links":{"self":[{"href":"https:\/\/granadacostaglobal.es\/index.php?rest_route=\/wp\/v2\/posts\/13896"}],"collection":[{"href":"https:\/\/granadacostaglobal.es\/index.php?rest_route=\/wp\/v2\/posts"}],"about":[{"href":"https:\/\/granadacostaglobal.es\/index.php?rest_route=\/wp\/v2\/types\/post"}],"author":[{"embeddable":true,"href":"https:\/\/granadacostaglobal.es\/index.php?rest_route=\/wp\/v2\/users\/2"}],"replies":[{"embeddable":true,"href":"https:\/\/granadacostaglobal.es\/index.php?rest_route=%2Fwp%2Fv2%2Fcomments&post=13896"}],"version-history":[{"count":0,"href":"https:\/\/granadacostaglobal.es\/index.php?rest_route=\/wp\/v2\/posts\/13896\/revisions"}],"wp:featuredmedia":[{"embeddable":true,"href":"https:\/\/granadacostaglobal.es\/index.php?rest_route=\/"}],"wp:attachment":[{"href":"https:\/\/granadacostaglobal.es\/index.php?rest_route=%2Fwp%2Fv2%2Fmedia&parent=13896"}],"wp:term":[{"taxonomy":"category","embeddable":true,"href":"https:\/\/granadacostaglobal.es\/index.php?rest_route=%2Fwp%2Fv2%2Fcategories&post=13896"},{"taxonomy":"post_tag","embeddable":true,"href":"https:\/\/granadacostaglobal.es\/index.php?rest_route=%2Fwp%2Fv2%2Ftags&post=13896"}],"curies":[{"name":"wp","href":"https:\/\/api.w.org\/{rel}","templated":true}]}}