{"id":13891,"date":"2017-07-31T06:36:38","date_gmt":"2017-07-31T06:36:38","guid":{"rendered":"http:\/\/granadacostanacional.es\/?p=13891"},"modified":"2017-07-31T06:36:38","modified_gmt":"2017-07-31T06:36:38","slug":"sobre-un-genial-escritor-raul-del-pozo","status":"publish","type":"post","link":"https:\/\/granadacostaglobal.es\/?p=13891","title":{"rendered":"SOBRE UN GENIAL ESCRITOR: RA\u00daL DEL POZO"},"content":{"rendered":"<p style=\"text-align: justify;\">Admiro profundamente a Ra\u00fal, desde que un sobrino m\u00edo, aprendiz de periodista, escrib\u00eda en Mundo Obrero alrededor del a\u00f1o 1965, y con 17 a\u00f1itos iba de rojillo por los saraos period\u00edsticos madrile\u00f1os, y frecuentaba los calabozos de la Puerta del Sol, hasta que su padre se personaba con las pesetas de multa que exig\u00eda la dictadura y lo sacaba de aquella trena, muy concurrida por entonces por chavales que retaban y presum\u00edan de pu\u00f1o en alto delante de los grises.<\/p>\n<p style=\"text-align: justify;\">\u00a0\u00a0\u00a0\u00a0\u00a0 Y es que, Santiago Aroca, quer\u00eda emular a su \u00eddolo Ra\u00fal del Pozo, y entre detenci\u00f3n y detenci\u00f3n no dejaba de \u201chacer codos\u201d, y ya, titulado como periodista de investigaci\u00f3n, fue fichado por el peri\u00f3dico El Mundo, donde a pesar de su bien ganado prestigio\u00a0 y tal vez aconsejado por su admirado maestro, dio un salto a las am\u00e9ricas pretendiendo desentra\u00f1ar\u00a0 las mentiras de Fidel Castro; fue expulsado de Cuba por el Comandante en repetidas ocasiones, teniendo que centrar sus actividades period\u00edsticas mientras se licenciaba en Derecho en la pen\u00ednsula de Florida, donde actualmente ejerce como importante\u00a0 abogado en los Estados Unidos.<\/p>\n<p style=\"text-align: justify;\">\u00a0\u00a0\u00a0\u00a0\u00a0 Una vez descrito el pre\u00e1mbulo donde se gest\u00f3 mi admiraci\u00f3n por el brillante escritor Ra\u00fal del Pozo, <em>in illo t\u00e9mpore,<\/em> voy a referirme a \u00e9l, con motivo de la publicaci\u00f3n de su reciente libro titulado <em>El \u00faltimo pistolero, <\/em>que recoge una selecci\u00f3n de las columnas que publica cada d\u00eda en la contraportada del peri\u00f3dico El Mundo y en las que el lector puede descubrir las razones de tantas incertidumbres como venimos padeciendo los habitantes de \u00e9sta patria nuestra, que sigue llam\u00e1ndose Espa\u00f1a.\u2026<\/p>\n<p style=\"text-align: justify;\">\u00a0\u00a0\u00a0\u00a0\u00a0 Ra\u00fal del Pozo dijo que <em>\u201cel periodismo se quema enseguida y para lo \u00fanico que vale es para envolver el bocadillo de ma\u00f1ana\u201d,<\/em> pero en su reciente libro demuestra que no ten\u00eda raz\u00f3n, porque hojeando sus p\u00e1ginas, la mayor\u00eda de las sentencias previstas por \u00e9l en sus columnas, se hacen realidad a los pocos d\u00edas y suelen ajustarse a los vaticinios que su escritura predice.<\/p>\n<p style=\"text-align: justify;\">\u00a0\u00a0\u00a0\u00a0\u00a0 Personalmente, vengo disfrutando cada ma\u00f1ana con la magia de tan excelso escritor, \u00a0que en las filos\u00f3ficas\u00a0 esquinas de sus escritos period\u00edsticos, es capaz de proponer nuevos adjetivos a la RAE, resaltar en la estrechez de un par de \u00a0l\u00edneas \u00a0un compendio hist\u00f3rico de cualquier personaje mundial, mientras coloca y envuelve en su columna la \u00faltima ocurrencia de cualquier\u00a0 pol\u00edtico del momento sin dejar t\u00edtere con cabeza y apoyado en un humor sano que improvisa, y lo hace de forma educada,\u00a0 sin ofender, pero poniendo el dedo en la llaga y hurgando en ella, llamando por su nombre al pan y al vino, \u00a0como lo viene haciendo en la contraportada de El Mundo \u00a0desde que su predecesor\u00a0 Paco Umbral, inventor de palabras incre\u00edbles, \u00a0le cediera su sitio un mes de diciembre de 2007.<\/p>\n<p style=\"text-align: justify;\">\u00a0\u00a0\u00a0\u00a0\u00a0 Cabe recordar que cuando PedroJ.Ramirez le nomin\u00f3 para tal fin, dijo que ello obedec\u00eda al deseo del peri\u00f3dico de rendir un homenaje a la figura de Umbral que tanto merec\u00eda, y nadie mejor que Ra\u00fal del Pozo para reemplazarle, porque es \u201cquien mejor sabe vivir como un reportero y escribir como un gran narrador\u201d, y digno de tal sucesi\u00f3n\u2026 (Del Pozo dijo entonces: <em>\u201cCuando te comparas con un mito, siempre pierdes\u201d<\/em>).<\/p>\n<p style=\"text-align: justify;\">\u00a0\u00a0\u00a0\u00a0\u00a0 Y Ra\u00fal nos amenazaba con su incesante trabajo, cuando un d\u00eda\u00a0 \u00a0public\u00f3: <em>\u201cDel periodismo no vale lo que has escrito hoy, sino lo que vas a escribir ma\u00f1ana\u201d\u2026<\/em><\/p>\n<p style=\"text-align: justify;\">\u00a0\u00a0\u00a0\u00a0\u00a0 Aunque de Ra\u00fal del Pozo puede parecer que ya se ha dicho todo, creo que quedan muchas cosas por decir y nos vamos a sorprender cuando sea \u00e9l quien las diga. Porque de momento ha dicho, <em>\u201cque la mayor\u00eda de lo que se cuenta de \u00e9l, es leyenda urbana\u201d.<\/em> Y que en su trabajo diario, \u201c<em>tiene la obsesi\u00f3n de no repetirse; porque cuando un columnista se repite, su futuro lo tendr\u00e1 dando de comer a las palomitas en el parque\u201d.<\/em><\/p>\n<p style=\"text-align: justify;\">\u00a0\u00a0\u00a0\u00a0\u00a0 En alguna de sus entrevistas -refiri\u00e9ndose a las redes sociales- dec\u00eda que si te sales de la horma te exterminan, porque ahora te guillotinan cada cinco minutos decenas de t\u00edos a la vez. Y la mayor\u00eda sin rostro. \u00a0Y remarcaba: <em>\u201cPorque en el anonimato se cocina la censura actual y yo he sufrido linchamientos pavorosos en las redes\u201d.<\/em><\/p>\n<p style=\"text-align: justify;\">\u00a0\u00a0\u00a0\u00a0\u00a0 \u00a0Me satisface traer aqu\u00ed, por estar de acuerdo, lo que su amigo P\u00e9rez Reverte afirma diciendo: <em>\u201cSi hubiera nacido en Nueva York, o estuviera muerto, Ra\u00fal del Pozo ser\u00eda estudiado en las universidades, vanagloriado en simposios y tendr\u00eda un club de fans en Twitter. Ocurre, sin embargo, que el tipo es de cuenca y est\u00e1 vivo. En fin, algo habr\u00e1 que hacer para reivindicar su maravilloso genio\u201d<\/em>.<\/p>\n<p style=\"text-align: justify;\">\u00a0\u00a0\u00a0\u00a0\u00a0\u00a0 Y Manuel Alc\u00e1ntara escribi\u00f3 tambi\u00e9n sobre Ra\u00fal:<em> \u201cNo s\u00f3lo es el mejor de los que quedan, sino el mejor de los que hubo\u201d.<\/em><\/p>\n<p style=\"text-align: justify;\">\u00a0\u00a0\u00a0\u00a0\u00a0\u00a0 Me encantar\u00eda poder terminar mi rese\u00f1a con un merecido ditirambo a Ra\u00fal, como hac\u00edan los romanos en honor de Baco, pero yo no soy poeta. Por ello mantengo en mi recuerdo -eso s\u00ed-, la manzanilla que tom\u00e9 con \u00e9l en el caf\u00e9 Gij\u00f3n de Madrid, la \u00fanica vez que coincid\u00ed personalmente con tan genial creador, un d\u00eda del a\u00f1o 1986.<\/p>\n<p style=\"text-align: justify;\">Y desde aqu\u00ed, le env\u00edo mi felicitaci\u00f3n, mi admiraci\u00f3n, \u00a0y mi afectuoso saludo.<\/p>\n<p><a href=\"http:\/\/granadacostanacional.es\/wp-content\/uploads\/2017\/07\/el-ultimo-pistolero.jpg\"><img decoding=\"async\" loading=\"lazy\" class=\"alignnone  wp-image-13893\" src=\"http:\/\/granadacostanacional.es\/wp-content\/uploads\/2017\/07\/el-ultimo-pistolero-300x297.jpg\" alt=\"el ultimo pistolero\" width=\"501\" height=\"496\" \/><\/a><\/p>\n<p>&nbsp;<\/p>\n<p style=\"text-align: right;\"><em><strong>Juli\u00e1n D\u00edaz Robledo<\/strong><\/em><\/p>\n","protected":false},"excerpt":{"rendered":"<p>Admiro profundamente a Ra\u00fal, desde que un sobrino m\u00edo, aprendiz de periodista, escrib\u00eda en Mundo Obrero alrededor del a\u00f1o 1965,&hellip;<\/p>\n","protected":false},"author":2,"featured_media":13892,"comment_status":"open","ping_status":"open","sticky":false,"template":"","format":"standard","meta":{"om_disable_all_campaigns":false,"_mi_skip_tracking":false,"_monsterinsights_sitenote_active":false,"_monsterinsights_sitenote_note":"","_monsterinsights_sitenote_category":0,"footnotes":""},"categories":[21],"tags":[],"aioseo_notices":[],"_links":{"self":[{"href":"https:\/\/granadacostaglobal.es\/index.php?rest_route=\/wp\/v2\/posts\/13891"}],"collection":[{"href":"https:\/\/granadacostaglobal.es\/index.php?rest_route=\/wp\/v2\/posts"}],"about":[{"href":"https:\/\/granadacostaglobal.es\/index.php?rest_route=\/wp\/v2\/types\/post"}],"author":[{"embeddable":true,"href":"https:\/\/granadacostaglobal.es\/index.php?rest_route=\/wp\/v2\/users\/2"}],"replies":[{"embeddable":true,"href":"https:\/\/granadacostaglobal.es\/index.php?rest_route=%2Fwp%2Fv2%2Fcomments&post=13891"}],"version-history":[{"count":0,"href":"https:\/\/granadacostaglobal.es\/index.php?rest_route=\/wp\/v2\/posts\/13891\/revisions"}],"wp:featuredmedia":[{"embeddable":true,"href":"https:\/\/granadacostaglobal.es\/index.php?rest_route=\/"}],"wp:attachment":[{"href":"https:\/\/granadacostaglobal.es\/index.php?rest_route=%2Fwp%2Fv2%2Fmedia&parent=13891"}],"wp:term":[{"taxonomy":"category","embeddable":true,"href":"https:\/\/granadacostaglobal.es\/index.php?rest_route=%2Fwp%2Fv2%2Fcategories&post=13891"},{"taxonomy":"post_tag","embeddable":true,"href":"https:\/\/granadacostaglobal.es\/index.php?rest_route=%2Fwp%2Fv2%2Ftags&post=13891"}],"curies":[{"name":"wp","href":"https:\/\/api.w.org\/{rel}","templated":true}]}}