{"id":13889,"date":"2017-07-31T06:30:05","date_gmt":"2017-07-31T06:30:05","guid":{"rendered":"http:\/\/granadacostanacional.es\/?p=13889"},"modified":"2017-07-31T06:30:05","modified_gmt":"2017-07-31T06:30:05","slug":"el-verano-y-la-necesidades-de-salir-de-la-rutina","status":"publish","type":"post","link":"https:\/\/granadacostaglobal.es\/?p=13889","title":{"rendered":"EL VERANO Y LA NECESIDAD DE SALIR DE LA RUTINA"},"content":{"rendered":"<p style=\"text-align: justify;\">Si bien el tema de la crisis econ\u00f3mica que hemos padecido ha replanteado las vacaciones, no debemos olvidar que \u00e9l que \u00a0mayoritariamente se puedan disfrutar (eso si solo en los pa\u00edses industrializados), es un logro reciente.\u00a0 Esta conquista de los trabajadores se produjo realmente despu\u00e9s de la II Guerra Mundial y en los a\u00f1os 60, coincidiendo con una importante recuperaci\u00f3n econ\u00f3mica. Eso permiti\u00f3 que una gran mayor\u00eda de la poblaci\u00f3n tuviera \u00a0la posibilidad de hacer vacaciones pagadas y turismo. Para poder comprender\u00a0 como se consigui\u00f3 creo que es importante hacer un poco de historia.<\/p>\n<p style=\"text-align: justify;\">Una de las primeras referencias sobre viajes tur\u00edsticos la tenemos en la obra literaria <em>\u201cEl voyage d\u2019Italie\u201d <\/em>de R. Lassels del 1670. Esta obra hace referencia al viaje que hac\u00edan, por Europa, j\u00f3venes arist\u00f3cratas ingleses. Esos viajes eran como una forma educativa y de esparcimiento antes del matrimonio. Para que los j\u00f3venes no se <em>desmadraran<\/em> demasiado durante estos viajes, sol\u00edan ir acompa\u00f1ados por una persona de mayor edad y de total confianza de los padres. Se centraban b\u00e1sicamente en poder acceder al arte cl\u00e1sico y del Renacimiento, as\u00ed como a la aristocracia europea. En las naciones cat\u00f3licas este tipo de viajes solo estaba reservado a c\u00edrculos ilustrados muy selectos. En Espa\u00f1a, dentro del contexto de la contrarreforma, Felipe II decidi\u00f3 cerrar las salidas para evitar que con estos viajes, pudieran entrar las ideas del resto de Europa. Pero siempre existieron viajeros espa\u00f1oles ligados a una aristocracia minoritaria.<\/p>\n<p style=\"text-align: justify;\">A esta forma de viajar se le llamo <em>el gran Tour, <\/em>e influyo en artista y escritores brit\u00e1nicos. Se hicieron diferentes gu\u00edas tur\u00edsticas y a partir del 1730 era una costumbre muy extendida entre las clases altas inglesas. Posteriormente, este tipo de viaje se extendi\u00f3 a los j\u00f3venes alemanes, franceses, espa\u00f1oles, rusos y suecos de buena posici\u00f3n.<\/p>\n<p style=\"text-align: justify;\">En un principio, este tipo de turismo primitivo no inclu\u00eda a Espa\u00f1a. En 1760 Samuel Johnson realizo un tour completo por Espa\u00f1a, especialmente; Sevilla, Granada, C\u00f3rdoba y Valencia, que se popularizaron mucho durante la \u00e9poca del <em>Romanticismo.<\/em> De esta \u00e9poca surge una literatura ligada a los viajes como: <em>\u201cEl viaje sentimental\u201d<\/em> de L. Stern, el relato de una excursi\u00f3n de 6 d\u00edas de Mary y Percy Shelley o el viaje a Italia de Goethe. A comienzos del siglo XIX, Chateaubriand viajo a Grecia, Constantinopla y lleg\u00f3 a Jerusal\u00e9n, lo que desato el inter\u00e9s por el Oriente Pr\u00f3ximo. Lord Byron y otros compatriotas suyos, imbuidos por las ideas\u00a0 del <em>Romanticismo, <\/em>con sus viajes a Grecia hicieron causa por la independencia de Grecia frente al imperio Otomano.<\/p>\n<p style=\"text-align: justify;\">Pero los viajes pod\u00edan producir efectos secundarios no deseados. Empezaron a detectarse problemas psicol\u00f3gicos derivados de este tipo de viajes como el\u00a0 <em>s\u00edndrome de Stendhal<\/em>, <em>s\u00edndrome de Florencia o Estr\u00e9s del viajero.<\/em> Toma este nombre porque Stendhal relat\u00f3, en su libro \u201c<em>N\u00e1poles y Florencia: un viaje de Mil\u00e1n a Reggio\u201d<\/em>,\u00a0 lo que experimento en 1817 durante su visita a la bas\u00edlica de la Santa Cruz de Florencia. Este s\u00edndrome describe que, cuando una persona es expuesta a muchas obras de arte expuestas en un mismo lugar, puede desencadenarse una enfermedad psicosom\u00e1tica, con s\u00edntomas varios, tales como: elevado ritmo cardiaco, v\u00e9rtigo, confusi\u00f3n, temblores, palpitaciones, depresi\u00f3n e incluso alucinaciones.<\/p>\n<p style=\"text-align: justify;\">Los avances en los transportes, especialmente la aparici\u00f3n del ferrocarril, g\u00e9nero en la d\u00e9cada del 1820, una posibilidad de acceso a mayores personas ya precios m\u00e1s asequibles, aunque continuaban siendo minoritarios. Otro avance que influyo muy positivamente, fueron las indicaciones m\u00e9dicas de que las aguas termales y el mar eran un gran beneficio para la salud. A finales del XIX y comienzos del XIX, los balnearios se pusieron de moda, como: <em>Karlovy Vary <\/em>\u00a0(Praga) o <em>Badeb Baden <\/em>(Selva negra alemana). En Espa\u00f1a podr\u00edamos citar al de <em>Mondariz<\/em> (Valle de Tea) por el que pasaron personajes como Pardo Bazan, Echegaray o Galdos;\u00a0 el de <em>Solans de Cabra<\/em> (Cuenca), donde el rey Fernando VII busc\u00f3 remedio para la esterilidad de la reina. Otro gran foco de inter\u00e9s fueron los <em>ba\u00f1os de mar y olas<\/em>, siendo la ciudad de Santander la primera en anunciarse como <em>centro de inter\u00e9s tur\u00edstico de sol y playa.<\/em> En realidad solo playa, porque, en esa \u00e9poca, el estar moreno era sin\u00f3nimo de trabajar duro en el campo y no estaba bien visto por la <em>gente bien.<\/em>\u00a0 Los dirigentes de Santander, con un <em>buen ojo para el negocio, <\/em>regalaron a los reyes de Espa\u00f1a (Alfonso XIII y Victoria Eugenia) el Palacio de la Magdalena. El que los reyes se instalaran en Santander para veranear dio como resultado que la ciudad se transform\u00f3 en un gran centro de inter\u00e9s para las personas que deseaban medran en sociedad (como el fen\u00f3meno posterior que se dio en Baqueira o en Palma de Mallorca y la familia real de Juan Carlos I), lo que les impulso a veranear en esa ciudad.<\/p>\n<p style=\"text-align: justify;\">En Espa\u00f1a empezamos a recibir turismo europeo en los a\u00f1os 60 y con ellos sus estilos de vida tan diferentes a los nuestros en aquellos tiempos. Pero recordemos que las vacaciones pagadas como conocemos ahora son muy recientes. A principios del siglo XX, solamente algunos funcionarios (militares, maestros o empleados p\u00fablicos) pudieron disfrutar de las mismas a partir de la ley del 1918 que contemplaba 15 d\u00edas de vacaciones. La II Rep\u00fablica aprob\u00f3 una ley de contrato laboral en 1931 que contemplaba un permiso anual retribuido de 7 a\u00f1os al a\u00f1o para todos los asalariados. Aunque fue una norma pionera, tuvo muy pocas repersuciones porque la gran mayor\u00eda de espa\u00f1oles trabajaban en actividades agr\u00edcolas. Despu\u00e9s de la debacle humana y econ\u00f3mica derivada de la Guerra civil, los cambios empezaron en Espa\u00f1a con el Plan de Estabilizaci\u00f3n del 1959 y la creaci\u00f3n del Ministerios de Planificaci\u00f3n y Desarrollo. Con el primer Plan de Desarrollo (1964-1967) empezaron los grandes cambios en la sociedad espa\u00f1ola.<\/p>\n<p style=\"text-align: justify;\">La revoluci\u00f3n real fue la aparici\u00f3n del\u00a0 <em>\u201cseiscientos\u201d, <\/em>que facilit\u00f3 el que toda la familia para ir a la playa. En el a\u00f1o 1967 pr\u00e1cticamente la mitad de los veh\u00edculos que circulaban por las carreteras espa\u00f1olas eran <em>\u201cseiscientos\u201d.<\/em> Su aparici\u00f3n fue un fen\u00f3meno social, icono del inicio de la motorizaci\u00f3n y el desarrollo econ\u00f3mico de los sesenta. Antes tambi\u00e9n hab\u00eda existido coches peque\u00f1os como el <em>Biscuter<\/em>,\u00a0 pero no pudieron competir con el <em>\u201cseiscientos\u201d. <\/em><\/p>\n<p style=\"text-align: justify;\"><em>\u00a0<\/em><\/p>\n<p style=\"text-align: justify;\">Hemos pasado de toda la familia metida en un min\u00fasculo <em>\u201cseiscientos\u201d<\/em> en direcci\u00f3n a la playa para comer tortilla de patatas y sangr\u00eda a la sofisticaci\u00f3n actual de algunos espa\u00f1oles. Muestra de esos primeros d\u00edas del turismo de los espa\u00f1oles es el cap\u00edtulo de la serie <em>\u201cCu\u00e9ntame\u201d<\/em> que describe como la familia Alc\u00e1ntara llega a Benidorm.<\/p>\n<p style=\"text-align: justify;\">\u00a0 Actualmente no es necesario esperar a que sea verano para ir de vacaciones. Tampoco durante el mes de agosto no se paralizan las grandes ciudades como anta\u00f1o. Tenemos a nuestro alcance multitud de ofertas de viajes o escapadas de relax por m\u00f3dicos precios y en cualquier fecha del a\u00f1o. Los precios son m\u00e1s asequibles cuanto m\u00e1s alejados est\u00e1n de las fechas tradiciones de vacaciones. Cada vez m\u00e1s se tiende a hacer vacaciones escalonadas: unos d\u00edas de verano a la playa y unos d\u00edas de invierno para ir a esquiar a la nieve. Las familias con ni\u00f1os peque\u00f1os tienden a buscar ofertas relacionadas con campings, cruceros (todo incluido y ni\u00f1os gratis), turismo rural, etc. Tambi\u00e9n hay ofertas especiales de viajes y hoteles para &#8220;singles&#8221; (es decir solteros), para jubilados, despedidas de solteros, para interesados en la cata de vinos, etc. Es decir que podemos optar a un abanico impresionante de ofertas y, por un breve instante, permitirnos romper con nuestra rutina cotidiana.<\/p>\n<p style=\"text-align: justify;\">Es muy conveniente, para nuestra salud f\u00edsica y mental, el que podamos tener espacios de tiempo para el descanso y la desconexi\u00f3n de nuestra rutina diaria. Pero descanso real, no del que cuando vuelves del mismo estas aun m\u00e1s cansado y estresado que antes de empezarlo. Como dec\u00eda, tenemos muchas posibilidades, porque es un gran error pensar que para disfrutar de vacaciones es preciso un gran desembolso econ\u00f3mico. Para poder tener vacaciones que nos ayuden a des estresarnos, dar\u00eda unas peque\u00f1as recomendaciones: elegir lugares que nos permitan relajarnos f\u00edsica y ps\u00edquicamente, poder estar con personas positivas que nos faciliten el bien estar, evitar relaciones conflictivas y muy especialmente olvidar el reloj, desconectarse de los <em>E-mails, Facebook <\/em>o <em>Instagram<\/em> en la medida de lo posible. Que podamos romper con la rutina, nos va a permitir volver <em>con las pilas recargadas,<\/em> a nuestra rutina cotidiana con otra mirada.<\/p>\n<p>&nbsp;<\/p>\n<p style=\"text-align: right;\"><em><strong>Carme Tello<\/strong><\/em><\/p>\n","protected":false},"excerpt":{"rendered":"<p>Si bien el tema de la crisis econ\u00f3mica que hemos padecido ha replanteado las vacaciones, no debemos olvidar que \u00e9l&hellip;<\/p>\n","protected":false},"author":2,"featured_media":10967,"comment_status":"open","ping_status":"open","sticky":false,"template":"","format":"standard","meta":{"om_disable_all_campaigns":false,"_mi_skip_tracking":false,"_monsterinsights_sitenote_active":false,"_monsterinsights_sitenote_note":"","_monsterinsights_sitenote_category":0,"footnotes":""},"categories":[21],"tags":[],"aioseo_notices":[],"_links":{"self":[{"href":"https:\/\/granadacostaglobal.es\/index.php?rest_route=\/wp\/v2\/posts\/13889"}],"collection":[{"href":"https:\/\/granadacostaglobal.es\/index.php?rest_route=\/wp\/v2\/posts"}],"about":[{"href":"https:\/\/granadacostaglobal.es\/index.php?rest_route=\/wp\/v2\/types\/post"}],"author":[{"embeddable":true,"href":"https:\/\/granadacostaglobal.es\/index.php?rest_route=\/wp\/v2\/users\/2"}],"replies":[{"embeddable":true,"href":"https:\/\/granadacostaglobal.es\/index.php?rest_route=%2Fwp%2Fv2%2Fcomments&post=13889"}],"version-history":[{"count":0,"href":"https:\/\/granadacostaglobal.es\/index.php?rest_route=\/wp\/v2\/posts\/13889\/revisions"}],"wp:featuredmedia":[{"embeddable":true,"href":"https:\/\/granadacostaglobal.es\/index.php?rest_route=\/"}],"wp:attachment":[{"href":"https:\/\/granadacostaglobal.es\/index.php?rest_route=%2Fwp%2Fv2%2Fmedia&parent=13889"}],"wp:term":[{"taxonomy":"category","embeddable":true,"href":"https:\/\/granadacostaglobal.es\/index.php?rest_route=%2Fwp%2Fv2%2Fcategories&post=13889"},{"taxonomy":"post_tag","embeddable":true,"href":"https:\/\/granadacostaglobal.es\/index.php?rest_route=%2Fwp%2Fv2%2Ftags&post=13889"}],"curies":[{"name":"wp","href":"https:\/\/api.w.org\/{rel}","templated":true}]}}