{"id":13886,"date":"2017-07-31T06:27:37","date_gmt":"2017-07-31T06:27:37","guid":{"rendered":"http:\/\/granadacostanacional.es\/?p=13886"},"modified":"2017-07-31T06:27:37","modified_gmt":"2017-07-31T06:27:37","slug":"taller-de-poesia-andres-jofre","status":"publish","type":"post","link":"https:\/\/granadacostaglobal.es\/?p=13886","title":{"rendered":"TALLER DE POES\u00cdA \u201cANDRES JOFRE\u201d"},"content":{"rendered":"<p style=\"text-align: justify;\">Se celebr\u00f3 asimismo el centenario del nacimiento de Andr\u00e9s Jofre, fundador del &#8220;Taller de Poes\u00eda&#8221; que lleva su nombre, en el &#8220;Club Sa Banca&#8221; de Banca March en Palma de Mallorca.<\/p>\n<p style=\"text-align: justify;\">Jos\u00e9 M\u00aa Guti\u00e9rrez, como continuador de la obra de Andr\u00e9s Jofre, al frente del &#8220;Taller de Poes\u00eda&#8221; fue invitado a intervenir en el solemne acto, al que asistieron las autoridades culturales del ayuntamiento y del Consell.<\/p>\n<p style=\"text-align: justify;\">Con tal motivo tuve el honor de leer una nota de agradecimiento a mi querido maestro, le\u00edda cuando recib\u00ed la &#8220;Medalla de Oro&#8221; del Granada Costa, cuya copia se adjunta.<\/p>\n<p style=\"text-align: justify;\">Jos\u00e9 M\u00aa Guti\u00e9rrez<\/p>\n<p style=\"text-align: justify;\">Coordinador Taller Poes\u00eda &#8220;Andr\u00e9s Jofre&#8221;<\/p>\n<p style=\"text-align: justify;\">\n<p style=\"text-align: justify;\">\n<p style=\"text-align: justify;\">TALLER DE POES\u00cdA \u201cANDRES JOFRE\u201d<\/p>\n<p style=\"text-align: justify;\">El Taller de Poes\u00eda que lleva honrosamente el nombre de su fundador, se enorgullece de haber cumplido ya su XXV aniversario en pleno funcionamiento y con un n\u00famero creciente de asistentes.<\/p>\n<p style=\"text-align: justify;\">Andr\u00e9s Jofre (q.e.p.d.) fue un hombre polifac\u00e9tico y amante del arte en todas sus manifestaciones. Genuino, autodidacta, constante en sus empe\u00f1os, bondadoso y socarr\u00f3n, socr\u00e1tico y desprendido, hombre que compon\u00eda bellos poemas en todas sus disciplinas, rom\u00e1ntico empedernido por naturaleza.<\/p>\n<p style=\"text-align: justify;\">Practic\u00f3 con \u00e9xito la pintura mironiana con estilo propio, la cer\u00e1mica con hermosas ornamentaciones.<\/p>\n<p style=\"text-align: justify;\">Y la m\u00fasica en menor escala, pero sobre todo escribi\u00f3 poes\u00eda, su eterno amor, tal vez incomprendido.<\/p>\n<p style=\"text-align: justify;\">Me enorgullezco de haber sido su alumno y amigo y despu\u00e9s su sucesor al frente del taller de poes\u00eda.<\/p>\n<p style=\"text-align: justify;\">Cuando Don Andr\u00e9s, ya anciano me pidi\u00f3 que le sustituyera, me dio una grata y a la vez preocupante sorpresa, por la gran responsabilidad que conllevaba. En el taller hab\u00eda gente m\u00e1s preparada que yo, seg\u00fan mi honesto parecer, pero el insisti\u00f3 en lo que supon\u00eda.<\/p>\n<p style=\"text-align: justify;\">Mis virtudes para esa dif\u00edcil tarea, constancia, madurez reci\u00e9n estrenada, ganas de aprender y ense\u00f1ar y cierto car\u00e1cter con capacidad de organizaci\u00f3n, seg\u00fan manifest\u00f3 en repetidas ocasiones. Responsabilidad que acept\u00e9 y de la que nunca me he arrepentido.<\/p>\n<p style=\"text-align: justify;\">Pero este escrito no es para hablar de mi labor, sino para rendir merecido homenaje a un hombre singular, ese hombre que a veces a todos nos gustar\u00eda ser.<\/p>\n<p style=\"text-align: justify;\">Fund\u00f3 un taller de poes\u00eda en un entorno dif\u00edcil, donde la poes\u00eda y la cultura en sus manifestaciones, no brillan con gran esplendor. A su lado buenos poetas y poetisas como Hortensia de Carlos, Mercedes Guasp, Concha Coll y otros muchos que lamento no recordar, con tes\u00f3n y paciencia y sin pausas fue labrando un erial y consiguiendo algunos frutos. La poes\u00eda eterna se cultivaba con \u00e9xito y devoci\u00f3n en su taller, cedido generosamente por el Club Social de la Banca March.<\/p>\n<p style=\"text-align: justify;\">El privilegio de ser su alumno, el despertar en m\u00ed una afici\u00f3n dormida, son m\u00e9ritos suyos que nunca podr\u00e9 olvidar. El me marc\u00f3 el camino y yo lo segu\u00ed. El resto tambi\u00e9n es m\u00e9rito de los que asisten al taller.<\/p>\n<p style=\"text-align: justify;\">Pienso que el premio que me han concedido, la Medalla de Oro Granada Costa, se lo debo en buena partea \u00e9l y a \u00e9l se la dedico.<\/p>\n<p style=\"text-align: justify;\">Su memoria perdura en m\u00ed y sus consejos son la fuente que brota de mi mente y mi coraz\u00f3n.<\/p>\n<p style=\"text-align: justify;\">Siempre que escribo el polvo del tiempo que todo lo sepulta, no borrar\u00e1 ni la imagen ni la obra, ni el afecto que despertaba Andr\u00e9s jofre, un hombre singular, amante del arte y en especial de la poes\u00eda. Su obra perdura.<\/p>\n<p style=\"text-align: justify;\">\u00a1Hasta siempre Maestro!<\/p>\n<p style=\"text-align: right;\"><em><strong>Jos\u00e9 Mar\u00eda Guti\u00e9rrez<\/strong><\/em><\/p>\n","protected":false},"excerpt":{"rendered":"<p>Se celebr\u00f3 asimismo el centenario del nacimiento de Andr\u00e9s Jofre, fundador del &#8220;Taller de Poes\u00eda&#8221; que lleva su nombre, en&hellip;<\/p>\n","protected":false},"author":2,"featured_media":13887,"comment_status":"open","ping_status":"open","sticky":false,"template":"","format":"standard","meta":{"om_disable_all_campaigns":false,"_mi_skip_tracking":false,"_monsterinsights_sitenote_active":false,"_monsterinsights_sitenote_note":"","_monsterinsights_sitenote_category":0,"footnotes":""},"categories":[21],"tags":[],"aioseo_notices":[],"_links":{"self":[{"href":"https:\/\/granadacostaglobal.es\/index.php?rest_route=\/wp\/v2\/posts\/13886"}],"collection":[{"href":"https:\/\/granadacostaglobal.es\/index.php?rest_route=\/wp\/v2\/posts"}],"about":[{"href":"https:\/\/granadacostaglobal.es\/index.php?rest_route=\/wp\/v2\/types\/post"}],"author":[{"embeddable":true,"href":"https:\/\/granadacostaglobal.es\/index.php?rest_route=\/wp\/v2\/users\/2"}],"replies":[{"embeddable":true,"href":"https:\/\/granadacostaglobal.es\/index.php?rest_route=%2Fwp%2Fv2%2Fcomments&post=13886"}],"version-history":[{"count":0,"href":"https:\/\/granadacostaglobal.es\/index.php?rest_route=\/wp\/v2\/posts\/13886\/revisions"}],"wp:featuredmedia":[{"embeddable":true,"href":"https:\/\/granadacostaglobal.es\/index.php?rest_route=\/"}],"wp:attachment":[{"href":"https:\/\/granadacostaglobal.es\/index.php?rest_route=%2Fwp%2Fv2%2Fmedia&parent=13886"}],"wp:term":[{"taxonomy":"category","embeddable":true,"href":"https:\/\/granadacostaglobal.es\/index.php?rest_route=%2Fwp%2Fv2%2Fcategories&post=13886"},{"taxonomy":"post_tag","embeddable":true,"href":"https:\/\/granadacostaglobal.es\/index.php?rest_route=%2Fwp%2Fv2%2Ftags&post=13886"}],"curies":[{"name":"wp","href":"https:\/\/api.w.org\/{rel}","templated":true}]}}