{"id":13852,"date":"2017-07-29T11:02:11","date_gmt":"2017-07-29T11:02:11","guid":{"rendered":"http:\/\/granadacostanacional.es\/?p=13852"},"modified":"2017-07-29T11:02:11","modified_gmt":"2017-07-29T11:02:11","slug":"andalucia-se-situa-a-la-cabeza-entre-las-comunidades-espanolas-con-mas-superficie-de-espacios-naturales-protegidos","status":"publish","type":"post","link":"https:\/\/granadacostaglobal.es\/?p=13852","title":{"rendered":"Andaluc\u00eda se sit\u00faa a la cabeza entre las comunidades espa\u00f1olas con m\u00e1s superficie de espacios naturales protegidos"},"content":{"rendered":"<h2>Jos\u00e9 Fiscal presenta el anuario de la Red de Espacios Naturales Protegidos de Andaluc\u00eda, un documento que da cuenta de su gesti\u00f3n<\/h2>\n<p>&nbsp;<\/p>\n<p style=\"text-align: justify;\">El consejero de Medio Ambiente y Ordenaci\u00f3n del Territorio, Jos\u00e9 Fiscal, ha presentado hoy en Huelva el anuario de la Red de Espacios Naturales Protegidos de Andaluc\u00eda. El documento, que se edita por primera vez, da a conocer el trabajo realizado en todos los espacios, examina la evoluci\u00f3n de la red y eval\u00faa la calidad de las actuaciones realizadas en todas ellas.<\/p>\n<p style=\"text-align: justify;\">Jos\u00e9 Fiscal ha informado que la red al calz\u00f3 en 2016 una superficie de 2.904.984,38 hect\u00e1reas, de las cuales 2.824.910,23 son terrestres y 80.074.15 son marinas, con continuidad ecol\u00f3gica mar\u00edtimo-terrestre. En este sentido, Fiscal ha valorado que el 32,24% del territorio andaluz dispone de alg\u00fan grado de protecci\u00f3n, a la cabeza de la media espa\u00f1ola, que se sit\u00faa en el 27%, y 7 puntos por encima de la Uni\u00f3n Europea.<\/p>\n<p style=\"text-align: justify;\">Se trata de una superficie protegida superior a la de muchos pa\u00edses europeos y que comprende 457 figuras de protecci\u00f3n oficialmente declaradas. En Andaluc\u00eda se encuentran 4 de los 5 mayores parques naturales de Espa\u00f1a, como son Cazorla, Segura y Las Villas, Aracena y Picos de Aroche, Sierra Norte de Sevilla y Los Alcornocales.<\/p>\n<p style=\"text-align: justify;\">Jos\u00e9 Fiscal ha destacado que en 2016 se declararon 9 Zonas de Especial Conservaci\u00f3n, con una superficie de 95.124,94 hect\u00e1reas. Entre ellas Do\u00f1ana Norte y Oeste, Pe\u00f1as de Aroche y Sierra Pelada y Rivera del Aserrador. Con ello se alcanz\u00f3 la cifra de 149 Zonas de Especial Conservaci\u00f3n declaradas en 2016; pero la cifra ya asciende, con las \u00faltimas aprobaciones, a 167. Con el cumplimiento del calendario normativo aprobado por el Consejo de Gobierno, ascender\u00e1 a 189 a final de este a\u00f1o 2017.<\/p>\n<p style=\"text-align: justify;\">El titular de Medio Ambiente ha resaltado que en los \u00faltimos a\u00f1os y hasta finales de 2016, se han aprobado 80 planes de espacios protegidos, que a fecha de hoy ascienden a 88 y que al terminar en a\u00f1o ser\u00e1n 100. Ello supone el mayor esfuerzo nunca realizado anteriormente por poner al d\u00eda los instrumentos rectores de nuestros espacios protegidos.<\/p>\n<p style=\"text-align: justify;\">El anuario recoge que durante el periodo 2012-2016 se han emitido 1.547 certificados, as\u00ed como 203 informes de prevenci\u00f3n, lo que ha supuesto examinar otros tantos proyectos para asegurarse de que no causar\u00edan efectos apreciables en los espacios protegidos. Con respecto a la gesti\u00f3n activa en Andaluc\u00eda se tramitan anualmente en los parques naturales, m\u00e1s de 18.000 solicitudes de autorizaciones de diferente tipolog\u00eda (uso publico, actividades forestales, tratamientos selv\u00edcolas, actividad cineg\u00e9tica y pisc\u00edcola e infraestructuras, entre otras), de las cuales, finalmente se ha autorizado el 94 %.<\/p>\n<p style=\"text-align: justify;\">Los espacios protegidos por acuerdos y convenios internacionales son objeto de rigurosas evaluaciones. En este sentido, el consejero ha destacado la inclusi\u00f3n de Do\u00f1ana y Sierra Nevada en la Lista Verde (Green List) de \u00e1reas protegidas mejor conservadas, en la que solo figuran 23 espacios protegidos del mundo. Junto a ello, la superaci\u00f3n de las evaluaciones peri\u00f3dicas de la red mundial de Geoparques, la superaci\u00f3n de las evaluaciones decenales de Reservas de Biosfera; as\u00ed como el cumplimento de las recomendaciones de Patrimonio Mundial con respecto al Parque Nacional de Do\u00f1ana.<\/p>\n","protected":false},"excerpt":{"rendered":"<p>Jos\u00e9 Fiscal presenta el anuario de la Red de Espacios Naturales Protegidos de Andaluc\u00eda, un documento que da cuenta de&hellip;<\/p>\n","protected":false},"author":2,"featured_media":13853,"comment_status":"open","ping_status":"open","sticky":false,"template":"","format":"standard","meta":{"om_disable_all_campaigns":false,"_mi_skip_tracking":false,"_monsterinsights_sitenote_active":false,"_monsterinsights_sitenote_note":"","_monsterinsights_sitenote_category":0,"footnotes":""},"categories":[22],"tags":[],"aioseo_notices":[],"_links":{"self":[{"href":"https:\/\/granadacostaglobal.es\/index.php?rest_route=\/wp\/v2\/posts\/13852"}],"collection":[{"href":"https:\/\/granadacostaglobal.es\/index.php?rest_route=\/wp\/v2\/posts"}],"about":[{"href":"https:\/\/granadacostaglobal.es\/index.php?rest_route=\/wp\/v2\/types\/post"}],"author":[{"embeddable":true,"href":"https:\/\/granadacostaglobal.es\/index.php?rest_route=\/wp\/v2\/users\/2"}],"replies":[{"embeddable":true,"href":"https:\/\/granadacostaglobal.es\/index.php?rest_route=%2Fwp%2Fv2%2Fcomments&post=13852"}],"version-history":[{"count":0,"href":"https:\/\/granadacostaglobal.es\/index.php?rest_route=\/wp\/v2\/posts\/13852\/revisions"}],"wp:featuredmedia":[{"embeddable":true,"href":"https:\/\/granadacostaglobal.es\/index.php?rest_route=\/"}],"wp:attachment":[{"href":"https:\/\/granadacostaglobal.es\/index.php?rest_route=%2Fwp%2Fv2%2Fmedia&parent=13852"}],"wp:term":[{"taxonomy":"category","embeddable":true,"href":"https:\/\/granadacostaglobal.es\/index.php?rest_route=%2Fwp%2Fv2%2Fcategories&post=13852"},{"taxonomy":"post_tag","embeddable":true,"href":"https:\/\/granadacostaglobal.es\/index.php?rest_route=%2Fwp%2Fv2%2Ftags&post=13852"}],"curies":[{"name":"wp","href":"https:\/\/api.w.org\/{rel}","templated":true}]}}