{"id":13778,"date":"2017-07-24T16:09:18","date_gmt":"2017-07-24T16:09:18","guid":{"rendered":"http:\/\/granadacostanacional.es\/?p=13778"},"modified":"2017-07-24T16:09:18","modified_gmt":"2017-07-24T16:09:18","slug":"el-ciudad-de-melilla-patroneado-por-jose-luis-perez-campeon-absoluto-de-la-ii-regata-costa-tropical-de-cruceros","status":"publish","type":"post","link":"https:\/\/granadacostaglobal.es\/?p=13778","title":{"rendered":"\u201cEl Ciudad de Melilla, patroneado por Jos\u00e9 Luis P\u00e9rez campe\u00f3n absoluto de la II Regata Costa Tropical de Cruceros\u201d"},"content":{"rendered":"<p style=\"text-align: justify;\">Cuatro d\u00edas\u00a0 de competici\u00f3n han dado color a la COSTA TROPICAL llen\u00e1ndola de velas para dar el mayor espect\u00e1culo que se ha dado hasta el momento en un marco tan incomparable como la costa granadina. Desde la Herradura hasta La Rabita (Albu\u00f1ol) pasando por Almu\u00f1\u00e9car, Salobre\u00f1a, Torrenueva, Carchuna, Calahonda, Castell de Ferro y por supuesto Motril y su Real Club N\u00e1utico que de la mano de su presidente D. Antonio Guti\u00e9rrez Maldonado y de la Mancomunidad de Municipios de la Costa Tropical de la mano de su presidente D. Sergio Garc\u00eda Alabarce y de la Diputaci\u00f3n de Granada han hecho que este evento haya sido hasta el momento superado con creces la primera edici\u00f3n concentrando a m\u00e1s de 40 barcos\u00a0 llegados de toda la costa andaluza adem\u00e1s de quien finalmente se ha proclamado vencedor absoluto, el Ciudad de Melilla. Aparte de la vela ligera que con las clases OPTIMIST y SNIPE han sumado una treintena m\u00e1s de barcos. Por lo tanto se han concentrado en las instalaciones del Real Club N\u00e1utico de Motril cerca de 350 regatistas.<\/p>\n<p style=\"text-align: justify;\">Todo comenz\u00f3 en la jornada del jueves 20 de Julio en La Rabita (Albu\u00f1ol) con la vela ligera con representantes del Real Club N\u00e1utico de Adra, esta qued\u00f3 desierta ya que las condiciones meteorol\u00f3gicas de ese d\u00eda no permitieron llevar a cabo ninguna prueba, el poniente fuerte y las olas realmente importantes dejaba a la flota en tierra. La segunda de ellas el viernes 22 ya en el RCN Motril, a pesar del poco viento, 4-5 nudos, se llevaron a cabo tres mangas para la clase optimist, siendo el campe\u00f3n absoluto el regatistas del Real Club N\u00e1utico de Motril Javier Nollet Guti\u00e9rrez y dos para la clase Snipe en la jornada de tarde donde los campeones fueron tambi\u00e9n los regatistas del Real Club N\u00e1utico de Motril, Jorn Haga con C\u00e9sar Travado. Y el fin de semana 22 y 23 como colof\u00f3n, la regata de CRUCEROS.<\/p>\n<p style=\"text-align: justify;\">Dos jornadas, la del s\u00e1bado que comenzaba con algo de retraso en La bah\u00eda de la Herradura y que despu\u00e9s de su salida la flota puso rumbo a Motril, pasando por Almu\u00f1\u00e9car, donde finalmente hubo de acortar el recorrido dado que el viento cay\u00f3 tanto que la flota se qued\u00f3 flotando. Una prueba que puso el inicio y el fin ya que la segunda manga en la jornada del Domingo, con salida en Castell de Ferro con llegada en Motril pasando por Calahonda, Carchuna y Torrenueva hubo de suspenderse tras los varios intentos de llevarla a cabo, Eolo tampoco quiso hacer acto de presencia y a las tres y media de la tarde se dio por concluido la regata mandando el Presidente del Comit\u00e9 de Regatas, el gaditano D. Carlos Mu\u00f1oz Villarreal, la flota a puerto.<\/p>\n<p style=\"text-align: justify;\">En la entrega de premios se llevaron a cabo todos los agradecimientos pertinentes\u00a0 con especial atenci\u00f3n a las empresas colaboradoras (LUMAR ENERG\u00cdAS-IBERDROLA, FERTISAC, WINDSURF LA HERRADURA y TROPICOPTER)\u00a0 finalmente fue D. Antonio Guti\u00e9rrez Maldonado presidente del Real Club N\u00e1utico de Motril junto con D. Sergio Garc\u00eda Alabarce presidente de la Mancomunidad de Municipios de la Costa Tropical y D. Enrique Medina Ram\u00edrez Diputado de Turismo, quienes dieron por clausurada esta edici\u00f3n, emplazaron a todos los deportistas para el a\u00f1o que viene, con el principal objetivo de ser a\u00fan mejores.<\/p>\n<p style=\"text-align: justify;\">El Presidente de la Mancomunidad, Sergio Garc\u00eda Alabarce, destacar\u00eda que &#8220;aunque el viento no nos ha acompa\u00f1ado como dese\u00e1bamos, las embarcaciones han dejado estampas espectaculares de las que han podido disfrutar vecinos y visitantes de la Costa Tropical desde nuestras playas. Ya estamos preparando la tercera edici\u00f3n mejorando en todo lo que est\u00e9 en nuestra mano, para poder aumentar en n\u00famero de embarcaciones participantes. Nos quedamos con la satisfacci\u00f3n de saber que a los regatistas\u00a0 les ha encantado descubrir nuestra costa y su paisaje,\u00a0 y agradecemos la labor de los t\u00e9cnicos y colaboradores de Mancomunidad y el Club N\u00e1utico por la gran labor que han realizado&#8221;<\/p>\n<p style=\"text-align: justify;\">Finalmente la clasificaci\u00f3n final en cada una de las categor\u00edas y clases quedo de la siguiente manera:<\/p>\n<p style=\"text-align: justify;\">\n<table width=\"602\">\n<tbody>\n<tr>\n<td width=\"198\"><strong>CLASE<\/strong><\/td>\n<td width=\"76\"><strong>PUESTO<\/strong><\/td>\n<td width=\"201\"><strong>BARCO\/PATR\u00d3N<\/strong><\/td>\n<td width=\"125\"><strong>CLUB<\/strong><\/td>\n<td width=\"2\">&nbsp;<\/td>\n<\/tr>\n<tr>\n<td width=\"198\">CRUCERO PROMOCI\u00d3N<\/td>\n<td width=\"76\">1\u00ba<\/td>\n<td width=\"201\"><strong>SHUFFLE \u00a0<\/strong><\/p>\n<p><strong>Pl\u00e1cido Toquero<\/strong><\/td>\n<td width=\"125\">R.C.N. Motril<\/td>\n<td width=\"2\">&nbsp;<\/td>\n<\/tr>\n<tr>\n<td width=\"198\">CRUCERO PROMOCI\u00d3N<\/td>\n<td width=\"76\">2\u00ba<\/td>\n<td width=\"201\"><strong>MAIMBEL <\/strong><\/p>\n<p><strong>Manolo Ram\u00edrez<\/strong><\/td>\n<td colspan=\"2\" width=\"128\">R.C.N. Motril<\/td>\n<\/tr>\n<tr>\n<td width=\"198\">CRUCERO PROMOCI\u00d3N<\/td>\n<td width=\"76\">3\u00ba<\/td>\n<td width=\"201\"><strong>MANZANILLA <\/strong><\/p>\n<p><strong>Gabriel Mart\u00edn Jim\u00e9nez<\/strong><\/td>\n<td width=\"125\">R.C.N. Motril<\/td>\n<td width=\"2\">&nbsp;<\/td>\n<\/tr>\n<\/tbody>\n<\/table>\n<p style=\"text-align: justify;\">\n<table width=\"605\">\n<tbody>\n<tr>\n<td width=\"132\"><strong>CLASE<\/strong><\/td>\n<td width=\"85\"><strong>PUESTO<\/strong><\/td>\n<td width=\"236\"><strong>BARCO\/PATR\u00d3N<\/strong><\/td>\n<td width=\"151\"><strong>CLUB<\/strong><\/td>\n<\/tr>\n<tr>\n<td width=\"132\">CRUCERO ORC-2<\/td>\n<td width=\"85\">1\u00ba<\/td>\n<td width=\"236\">AMORFATI<\/p>\n<p>Antonio Guti\u00e9rrez Rodr\u00edguez<\/td>\n<td width=\"151\">RCNM Benalm\u00e1dena<\/td>\n<\/tr>\n<tr>\n<td width=\"132\">CRUCERO ORC-2<\/td>\n<td width=\"85\">2\u00ba<\/td>\n<td width=\"236\">SAILANDSEA<\/p>\n<p>Antonio Guti\u00e9rrez Rodr\u00edguez<\/td>\n<td width=\"151\">RCN Motril<\/td>\n<\/tr>\n<tr>\n<td width=\"132\">CRUCERO ORC-2<\/td>\n<td width=\"85\">3\u00ba<\/td>\n<td width=\"236\">YANDARA<\/p>\n<p>Samuel Domenech Fern\u00e1ndez<\/td>\n<td width=\"151\">INDEPENDIENTE<\/td>\n<\/tr>\n<\/tbody>\n<\/table>\n<p style=\"text-align: justify;\">\n<table width=\"613\">\n<tbody>\n<tr>\n<td width=\"136\"><strong>CLASE<\/strong><\/td>\n<td width=\"85\"><strong>PUESTO<\/strong><\/td>\n<td width=\"236\"><strong>BARCO\/PATR\u00d3N<\/strong><\/td>\n<td width=\"155\"><strong>CLUB<\/strong><\/td>\n<\/tr>\n<tr>\n<td width=\"136\">CRUCERO ORC-1<\/td>\n<td width=\"85\">1\u00ba<\/td>\n<td width=\"236\">CIUDAD DE MELILLA<\/p>\n<p>Jos\u00e9 Luis P\u00e9rez Garc\u00eda<\/td>\n<td width=\"155\">RCN Melilla<\/td>\n<\/tr>\n<tr>\n<td width=\"136\">CRUCERO ORC-1<\/td>\n<td width=\"85\">2\u00ba<\/td>\n<td width=\"236\">MISTER-J<\/p>\n<p>Jos\u00e9 Moral G\u00f3mez Monedero<\/td>\n<td width=\"155\">INDEPENDIENTE<\/td>\n<\/tr>\n<tr>\n<td width=\"136\">CRUCERO ORC-1<\/td>\n<td width=\"85\">3\u00ba<\/td>\n<td width=\"236\">RED SHARK<\/p>\n<p>Mariano Sarmiento Pintos<\/td>\n<td width=\"155\">C.M. ALMER\u00cdA<\/td>\n<\/tr>\n<\/tbody>\n<\/table>\n<p style=\"text-align: justify;\">\n<table width=\"369\">\n<tbody>\n<tr>\n<td width=\"180\"><strong>CAMPE\u00d3N ABSOLUTO<\/strong><\/td>\n<td width=\"189\"><strong>CIUDAD DE MELILLA<\/strong><\/p>\n<p><strong>Jos\u00e9 Luis P\u00e9rez Garc\u00eda<\/strong><\/td>\n<\/tr>\n<\/tbody>\n<\/table>\n<p style=\"text-align: justify;\">\n<p style=\"text-align: justify;\">La clasificaci\u00f3n final de la VELA LIGERA en ambas clases quedo de la siguiente manera:<\/p>\n<p style=\"text-align: justify;\">\n<table width=\"578\">\n<tbody>\n<tr>\n<td width=\"81\"><strong>CLASE<\/strong><\/td>\n<td width=\"76\"><strong>PUESTO<\/strong><\/td>\n<td width=\"299\"><strong>PATR\u00d3N\/TRIPULANTE<\/strong><\/td>\n<td width=\"122\"><strong>CLUB<\/strong><\/td>\n<\/tr>\n<tr>\n<td width=\"81\">SNIPE<\/td>\n<td width=\"76\">1\u00ba<\/td>\n<td width=\"299\">Jorn Haga<\/p>\n<p>C\u00e9sar Travado<\/td>\n<td width=\"122\">R.C.N. MOTRIL<\/td>\n<\/tr>\n<tr>\n<td width=\"81\">SNIPE<\/td>\n<td width=\"76\">2\u00ba<\/td>\n<td width=\"299\">\u00c1ngel Ballesteros Mart\u00ednez de la C\u00e1mara<\/p>\n<p>Javier Ballesteros Mart\u00ednez de la C\u00e1mara<\/td>\n<td width=\"122\">R.C.N. MOTRIL<\/td>\n<\/tr>\n<tr>\n<td width=\"81\">SNIPE<\/td>\n<td width=\"76\">3\u00ba<\/td>\n<td width=\"299\">Jos\u00e9 Mar\u00eda Guerrero<\/p>\n<p>Paola Reina Ortiz<\/td>\n<td width=\"122\">R.C.M. M\u00c1LAGA<\/td>\n<\/tr>\n<\/tbody>\n<\/table>\n<p style=\"text-align: justify;\">\n<table width=\"578\">\n<tbody>\n<tr>\n<td width=\"81\"><strong>CLASE<\/strong><\/td>\n<td width=\"76\"><strong>PUESTO<\/strong><\/td>\n<td width=\"299\"><strong>PATR\u00d3N<\/strong><\/td>\n<td width=\"122\"><strong>CLUB<\/strong><\/td>\n<\/tr>\n<tr>\n<td width=\"81\">OPTIMIST<\/td>\n<td width=\"76\">1\u00ba<\/td>\n<td width=\"299\">Javier Nollet Guti\u00e9rrez<\/td>\n<td width=\"122\">R.C.N. MOTRIL<\/td>\n<\/tr>\n<tr>\n<td width=\"81\">OPTIMIST<\/td>\n<td width=\"76\">2\u00ba<\/td>\n<td width=\"299\">\u00c1lvaro Ballesteros L\u00f3pez<\/td>\n<td width=\"122\">R.C.N. MOTRIL<\/td>\n<\/tr>\n<tr>\n<td width=\"81\">OPTIMIST<\/td>\n<td width=\"76\">3\u00ba<\/td>\n<td width=\"299\">Ezequiel Carrascosa Torres<\/td>\n<td width=\"122\">R.C.N. MOTRIL<\/td>\n<\/tr>\n<\/tbody>\n<\/table>\n<p style=\"text-align: justify;\">\n<p style=\"text-align: justify;\">\n<p style=\"text-align: justify;\">\n<p>&nbsp;<\/p>\n","protected":false},"excerpt":{"rendered":"<p>Cuatro d\u00edas\u00a0 de competici\u00f3n han dado color a la COSTA TROPICAL llen\u00e1ndola de velas para dar el mayor espect\u00e1culo que&hellip;<\/p>\n","protected":false},"author":2,"featured_media":13779,"comment_status":"open","ping_status":"open","sticky":false,"template":"","format":"standard","meta":{"om_disable_all_campaigns":false,"_mi_skip_tracking":false,"_monsterinsights_sitenote_active":false,"_monsterinsights_sitenote_note":"","_monsterinsights_sitenote_category":0,"footnotes":""},"categories":[22],"tags":[],"aioseo_notices":[],"_links":{"self":[{"href":"https:\/\/granadacostaglobal.es\/index.php?rest_route=\/wp\/v2\/posts\/13778"}],"collection":[{"href":"https:\/\/granadacostaglobal.es\/index.php?rest_route=\/wp\/v2\/posts"}],"about":[{"href":"https:\/\/granadacostaglobal.es\/index.php?rest_route=\/wp\/v2\/types\/post"}],"author":[{"embeddable":true,"href":"https:\/\/granadacostaglobal.es\/index.php?rest_route=\/wp\/v2\/users\/2"}],"replies":[{"embeddable":true,"href":"https:\/\/granadacostaglobal.es\/index.php?rest_route=%2Fwp%2Fv2%2Fcomments&post=13778"}],"version-history":[{"count":0,"href":"https:\/\/granadacostaglobal.es\/index.php?rest_route=\/wp\/v2\/posts\/13778\/revisions"}],"wp:featuredmedia":[{"embeddable":true,"href":"https:\/\/granadacostaglobal.es\/index.php?rest_route=\/"}],"wp:attachment":[{"href":"https:\/\/granadacostaglobal.es\/index.php?rest_route=%2Fwp%2Fv2%2Fmedia&parent=13778"}],"wp:term":[{"taxonomy":"category","embeddable":true,"href":"https:\/\/granadacostaglobal.es\/index.php?rest_route=%2Fwp%2Fv2%2Fcategories&post=13778"},{"taxonomy":"post_tag","embeddable":true,"href":"https:\/\/granadacostaglobal.es\/index.php?rest_route=%2Fwp%2Fv2%2Ftags&post=13778"}],"curies":[{"name":"wp","href":"https:\/\/api.w.org\/{rel}","templated":true}]}}