{"id":13774,"date":"2017-07-22T11:42:06","date_gmt":"2017-07-22T11:42:06","guid":{"rendered":"http:\/\/granadacostanacional.es\/?p=13774"},"modified":"2017-07-22T11:42:06","modified_gmt":"2017-07-22T11:42:06","slug":"jose-fiscal-presenta-el-plan-estrategico-del-castanar-para-aumentar-el-rendimiento-del-fruto-y-fomentar-su-valor-paisajistico","status":"publish","type":"post","link":"https:\/\/granadacostaglobal.es\/?p=13774","title":{"rendered":"Jos\u00e9 Fiscal presenta el Plan Estrat\u00e9gico del Casta\u00f1ar para aumentar el rendimiento del fruto y fomentar su valor paisaj\u00edstico"},"content":{"rendered":"<h2 style=\"text-align: justify;\">El documento propone crear la Mesa Andaluza del Casta\u00f1ar y aplicar\u00a0acciones de mejora de la producci\u00f3n, transformaci\u00f3n y comercializaci\u00f3n<\/h2>\n<p style=\"text-align: justify;\">\u00a0El consejero de Medio Ambiente y Ordenaci\u00f3n del Territorio, Jos\u00e9 Fiscal, ha presentado hoy en la localidad onubense de Galaroza el Plan Estrat\u00e9gico del Casta\u00f1ar en Andaluc\u00eda. Seg\u00fan ha explicado Jos\u00e9 Fiscal, el objetivo que se persigue con este plan es el de lograr el aumento del rendimiento econ\u00f3mico de la casta\u00f1a y la perdurabilidad del casta\u00f1o como elemento natural, social y paisaj\u00edstico definitorios de las comarcas donde se desarrolla.<\/p>\n<p style=\"text-align: justify;\">En este sentido, Jos\u00e9 Fiscal ha indicado que se pretende que sea un documento abierto y vivo,\u00a0 para lo que se va a crear la Mesa andaluza del Casta\u00f1ar, con el objetivo de consensuar acciones con el sector y mantener un constante y fluido di\u00e1logo. Entre los prop\u00f3sitos que se marca el plan destacan la necesidad de conseguir una estructura productiva adecuada, obtener explotaciones sanas y recuperadas, y alcanzar una sociedad participativa e implicada.<\/p>\n<p style=\"text-align: justify;\">El Plan Estrat\u00e9gico del Casta\u00f1ar aborda una serie de acciones encaminadas a mejorar el estado actual en el que se encuentran las masas de casta\u00f1o en Andaluc\u00eda y dinamizar el sector de la casta\u00f1a como elemento esencial de desarrollo socioecon\u00f3mico en las comarcas donde el casta\u00f1o ha existido y perdura desde hace cientos de a\u00f1os.<\/p>\n<p style=\"text-align: justify;\"><a href=\"http:\/\/granadacostanacional.es\/wp-content\/uploads\/2017\/07\/IMG_0137.jpg\"><img decoding=\"async\" loading=\"lazy\" class=\"aligncenter size-large wp-image-13775\" src=\"http:\/\/granadacostanacional.es\/wp-content\/uploads\/2017\/07\/IMG_0137-1024x768.jpg\" alt=\"IMG_0137\" width=\"1024\" height=\"768\" \/><\/a><\/p>\n<p style=\"text-align: justify;\">Andaluc\u00eda se sit\u00faa como la cuarta regi\u00f3n productora de este fruto, pero muy lejos de Galicia y Castilla y Le\u00f3n. La producci\u00f3n andaluza de casta\u00f1as se extiende sobre una superficie de 12.800 hect\u00e1reas de las que se extraen 5.200 toneladas. M\u00e1laga es la provincia que posee mayor superficie, seguida de Huelva, Sevilla, Granada, Almer\u00eda y C\u00f3rdoba.<\/p>\n<p style=\"text-align: justify;\">Por ello, el titular de Medio Ambiente ha recalcado que se tiene que ser\u00a0 conscientes del espacio productivo que ocupa Andaluc\u00eda, de ah\u00ed que lo importante de la casta\u00f1a no sea solo el fruto, que por supuesto es imprescindible; sino el casta\u00f1ar en s\u00ed como masa que da forma y personalidad al paisaje.<\/p>\n<p style=\"text-align: justify;\">Jos\u00e9 Fiscal ha abogado porque se realice un trabajo en una doble vertiente; tanto desde el punto de vista del producto, mejorando la producci\u00f3n y la transformaci\u00f3n de la casta\u00f1a, como desde la perspectiva del casta\u00f1ar, saneando y recuperando su masa forestal y favoreciendo su introducci\u00f3n en \u00e1reas de turismo ambiental por su extraordinario valor paisaj\u00edstico.<\/p>\n<p style=\"text-align: justify;\">Fiscal ha incidido en que se tiene que aspirar a trabajar la transformaci\u00f3n de la casta\u00f1a en Andaluc\u00eda para conseguir convertirla en un producto gourmet, demandado en los mercados por su excelencia y peculiaridades \u00fanicas.<\/p>\n","protected":false},"excerpt":{"rendered":"<p>El documento propone crear la Mesa Andaluza del Casta\u00f1ar y aplicar\u00a0acciones de mejora de la producci\u00f3n, transformaci\u00f3n y comercializaci\u00f3n \u00a0El&hellip;<\/p>\n","protected":false},"author":2,"featured_media":13776,"comment_status":"open","ping_status":"open","sticky":false,"template":"","format":"standard","meta":{"om_disable_all_campaigns":false,"_mi_skip_tracking":false,"_monsterinsights_sitenote_active":false,"_monsterinsights_sitenote_note":"","_monsterinsights_sitenote_category":0,"footnotes":""},"categories":[22],"tags":[],"aioseo_notices":[],"_links":{"self":[{"href":"https:\/\/granadacostaglobal.es\/index.php?rest_route=\/wp\/v2\/posts\/13774"}],"collection":[{"href":"https:\/\/granadacostaglobal.es\/index.php?rest_route=\/wp\/v2\/posts"}],"about":[{"href":"https:\/\/granadacostaglobal.es\/index.php?rest_route=\/wp\/v2\/types\/post"}],"author":[{"embeddable":true,"href":"https:\/\/granadacostaglobal.es\/index.php?rest_route=\/wp\/v2\/users\/2"}],"replies":[{"embeddable":true,"href":"https:\/\/granadacostaglobal.es\/index.php?rest_route=%2Fwp%2Fv2%2Fcomments&post=13774"}],"version-history":[{"count":0,"href":"https:\/\/granadacostaglobal.es\/index.php?rest_route=\/wp\/v2\/posts\/13774\/revisions"}],"wp:featuredmedia":[{"embeddable":true,"href":"https:\/\/granadacostaglobal.es\/index.php?rest_route=\/"}],"wp:attachment":[{"href":"https:\/\/granadacostaglobal.es\/index.php?rest_route=%2Fwp%2Fv2%2Fmedia&parent=13774"}],"wp:term":[{"taxonomy":"category","embeddable":true,"href":"https:\/\/granadacostaglobal.es\/index.php?rest_route=%2Fwp%2Fv2%2Fcategories&post=13774"},{"taxonomy":"post_tag","embeddable":true,"href":"https:\/\/granadacostaglobal.es\/index.php?rest_route=%2Fwp%2Fv2%2Ftags&post=13774"}],"curies":[{"name":"wp","href":"https:\/\/api.w.org\/{rel}","templated":true}]}}