{"id":13751,"date":"2017-07-20T05:37:33","date_gmt":"2017-07-20T05:37:33","guid":{"rendered":"http:\/\/granadacostanacional.es\/?p=13751"},"modified":"2017-07-20T05:37:33","modified_gmt":"2017-07-20T05:37:33","slug":"entrevista-a-la-doctora-joana-ma-segui","status":"publish","type":"post","link":"https:\/\/granadacostaglobal.es\/?p=13751","title":{"rendered":"ENTREVISTA A LA DOCTORA JOANA M\u00aa SEGU\u00cd"},"content":{"rendered":"<p style=\"text-align: justify;\"><strong>Conoc\u00ed a la doctora Joana M\u00aa Segu\u00ed Vicerrectora\u00a0 de la Universidad de Baleares en un acto cultural en el sal\u00f3n de actos de la Universidad, donde yo participaba con la lectura de dos poemas m\u00edos. Aunque no tuve la oportunidad de hablar con ella personalmente, s\u00ed me dirig\u00ed a ella para pedirle que en el futuro nos dejara dicho sal\u00f3n, para poder nosotros realizar algunos eventos culturales. Obviamente no tuve respuesta \u2013aunque creo que movi\u00f3 la cabeza afirmativamente-.<\/strong><\/p>\n<p style=\"text-align: justify;\"><strong>\u00a0\u00a0\u00a0\u00a0\u00a0\u00a0\u00a0\u00a0\u00a0\u00a0\u00a0 Ese momento ha llegado y, a trav\u00e9s de nuestro compa\u00f1ero Gabriel\u00a0 Mateu nos han concedido el sal\u00f3n para que los d\u00edas 5 y 6 de octubre, podamos realizar dos eventos: la presentaci\u00f3n del libro homenaje a nuestro compa\u00f1ero del Proyecto Cultural Granada Costa Diego Sabiote, Profesor Em\u00e9rito de dicha Universidad y el d\u00eda 6 la presentaci\u00f3n de la Antolog\u00eda po\u00e9tica, de este servidor de ustedes.<\/strong><\/p>\n<p style=\"text-align: justify;\"><strong>\u00a0\u00a0\u00a0\u00a0\u00a0\u00a0\u00a0\u00a0\u00a0\u00a0\u00a0 La doctora Joana M\u00aa Segu\u00ed es Vicerrectora de Projecci\u00f3 Cultural, Universitat Oberta i Seus Universit\u00e0ries. De ella depende la Universitat Oberta per a Majors (UOM). Es Catedr\u00e1tica de Geograf\u00eda Humana, imparte clases relacionadas con el Transporte y las comunicaciones.<\/strong><\/p>\n<p style=\"text-align: justify;\"><strong>\u00a0<\/strong><\/p>\n<p style=\"text-align: justify;\"><strong>\u00bfD\u00f3nde naci\u00f3?<\/strong><\/p>\n<p style=\"text-align: justify;\">Ciutadella de Menorca<\/p>\n<p style=\"text-align: justify;\"><strong>\u00a0<\/strong><\/p>\n<p style=\"text-align: justify;\"><strong>\u00bfC\u00f3mo transcurri\u00f3 su ni\u00f1ez e infancia?<\/strong><\/p>\n<p style=\"text-align: justify;\">Feliz, como una ni\u00f1a m\u00e1s de mi edad, correteando siempre fuera de la casa d\u00f3nde viv\u00eda,<\/p>\n<p style=\"text-align: justify;\"><strong>\u00a0<\/strong><\/p>\n<p style=\"text-align: justify;\"><strong>\u00bfDe d\u00f3nde proceden sus ra\u00edces familiares?<\/strong><\/p>\n<p style=\"text-align: justify;\">De Ciutadella de Menorca mis padres, abuelos, t\u00edos\u2026..<\/p>\n<p style=\"text-align: justify;\">A los 12 a\u00f1os nos trasladamos a vivir a Mallorca, en Inca, mis padres, mi abuela paterna que viv\u00eda con nosotros y mis dos hermanos<\/p>\n<p style=\"text-align: justify;\"><strong>\u00a0<\/strong><\/p>\n<p style=\"text-align: justify;\"><strong>\u00bfCree usted que sus padres hicieron por usted, cu\u00e1nto pudieron?<\/strong><\/p>\n<p style=\"text-align: justify;\">S\u00ed, por supuesto. Fui la primera universitaria de mi familia, incluidos mis primos. Me transmitieron amor y valores que han forjado mi vida<\/p>\n<p style=\"text-align: justify;\"><strong>\u00a0<a href=\"http:\/\/granadacostanacional.es\/wp-content\/uploads\/2017\/07\/vicerrectora-2.png\"><img decoding=\"async\" loading=\"lazy\" class=\"alignnone wp-image-13754\" src=\"http:\/\/granadacostanacional.es\/wp-content\/uploads\/2017\/07\/vicerrectora-2-300x186.png\" alt=\"vicerrectora 2\" width=\"626\" height=\"388\" \/><\/a><\/strong><\/p>\n<p style=\"text-align: justify;\"><strong>\u00bfC\u00f3mo transcurrieron sus a\u00f1os de estudios superiores y d\u00f3nde estudi\u00f3?<\/strong><\/p>\n<p style=\"text-align: justify;\">Viv\u00ed con mis padres hasta los 21 a\u00f1os y compagin\u00e9 los cuatro primeros a\u00f1os de la carrera estudiando y trabajando cada d\u00eda cinco horas. Estudi\u00e9 en la Universidad de les Illes Balears la carrera de Geograf\u00eda.<\/p>\n<p style=\"text-align: justify;\"><strong>\u00a0<\/strong><\/p>\n<p style=\"text-align: justify;\"><strong>\u00bfPuede usted decirnos que es la UOM para aquellos que no la conocen?<\/strong><\/p>\n<p style=\"text-align: justify;\">La Universidad Oberta per a Majors, \u00a0se centra en una oferta acad\u00e9mica para las personas de m\u00e1s de 50 a\u00f1os que quieren continuar estudiando. Cuenta con personal administrativo propio y el conjunto de profesores de la UIB como potencial. Tenemos coordinadores en Menorca y Eivissa-Formentera<\/p>\n<p style=\"text-align: justify;\">En la UOM se trabaja el aprendizaje a lo largo de la vida, en el marco del envejecimiento activo.<\/p>\n<p style=\"text-align: justify;\">Tenemos programas adaptados a las necesidades de cada una de las Islas\u2026..En Mallorca, el <em>Diploma S\u00e8nior de la UOM<\/em>, t\u00edtulo propio de la UIB de 30ECTS, dos Diplomas de Especializaci\u00f3n de la UOM, t\u00edtulos propios de la UIB de 8ECTS, el programa <em>La UOM als Pobles de Mallorca<\/em>, <em>La UOM al centre Flassaders<\/em>, i <em>La UOM als Barris de Palma<\/em>, todos son ciclos de 5 conferencias de temas variados. En Menorca, el Certificado de La UOM a Menorca de 60 horas lectivas, en las sedes de Alaior, Ciutadella y Ma\u00f3, y el programa <em>La UOM als Pobles de Menorca<\/em>, ciclo de 5 conferencias. En Ibiza, el certificado de La UOM a Eivissa de 60 horas lectivas, y el programa <em>La<\/em> <em>UOM als Pobles d\u2019Eivissa<\/em>, programa de 15 horas y un ciclo de 3 conferencias en diferentes entidades de poblaci\u00f3n de la isla. Y para terminar <em>La UOM a Formentera<\/em>, un ciclo de 7 conferencias en tres n\u00facleos de poblaci\u00f3n.<\/p>\n<p style=\"text-align: justify;\"><strong>\u00bfCu\u00e1ntos a\u00f1os lleva usted c\u00f3mo Vicerrectora?<\/strong><\/p>\n<p style=\"text-align: justify;\">Empec\u00e9 como directora de la UOM el curso 2013-14 y, a partir de marzo del 2015, asum\u00ed el <em>Vicerectorat de Projecci\u00f3 Cultural i Universitat Oberta<\/em>, llevando directamente la UOM. A partir del 12 de junio, con la reelecci\u00f3n como Rector del Dr. Huguet y la reestructuraci\u00f3n de competencias, he pasado a ser la vicerrectora de <em>Projecci\u00f3 Cultural, Universitat Oberta i Seus Universit\u00e0ries<\/em>. A partir del 20 de junio contamos con un director de la UOM, el Dr. Antoni Gamundi.<\/p>\n<p style=\"text-align: justify;\"><strong>\u00a0<\/strong><\/p>\n<p style=\"text-align: justify;\"><strong>\u00bfC\u00f3mo fue su experiencia como profesora visitante en la Universidad de Quebec en Montreal?<\/strong><\/p>\n<p style=\"text-align: justify;\">Muy interesante a muchos niveles. Ped\u00ed un a\u00f1o sab\u00e1tico en mi Universidad, en la UIB, ya ha llovido mucho, pues fue en el a\u00f1o 2005-2006, y fui acogida en el departamento de Geograf\u00eda de la UQ\u00c0M como profesora visitante. Impart\u00ed una serie de seminarios de mi especialidad, los transportes, y rechac\u00e9 la oferta de docencia de una asignatura completa, puesto que quer\u00eda abundar m\u00e1s en la investigaci\u00f3n. Dispuse de una beca del Ministerio de Asuntos Exteriores de Otawa para investigar.<\/p>\n<p style=\"text-align: justify;\">El clima era interesante. Tengo muy buenos contactos profesionales, que me han ido invitando, casi cada a\u00f1o, para impartir conferencias o seminarios.<\/p>\n<p style=\"text-align: justify;\"><strong>\u00a0<\/strong><\/p>\n<p style=\"text-align: justify;\"><strong>\u00bfExiste mucha diferencia en cuanto a m\u00e9todos de ense\u00f1anza entre aquellas Universidades y la nuestra?<\/strong><\/p>\n<p style=\"text-align: justify;\">No demasiados, los alumnos se dedicaban mucho al estudio y ten\u00edan que librar muchos trabajos. La mayor parte de ellos trabajaban a tiempo parcial y estudiaban a lo largo de su carrera y si no lo hac\u00edan dispon\u00edan de becas-pr\u00e9stamo del ministerio de educaci\u00f3n.<\/p>\n<p style=\"text-align: justify;\"><strong>\u00a0<\/strong><\/p>\n<p style=\"text-align: justify;\"><strong>Aparte del alumnado propio de las Islas \u00bfhay alumnos procedentes de la pen\u00ednsula en la Universidad de las Islas Baleares?<\/strong><\/p>\n<p style=\"text-align: justify;\">Son mayoritariamente de las Islas, aspecto l\u00f3gico por la propia insularidad, diferente de las universidades ubicadas en la pen\u00ednsula. Excepto en medicina, que hay mucha demanda en el Estado, el resto de Grados se nutren de estudiantes que residen aqu\u00ed. Sin embargo tenemos muchos alumnos extranjeros en calidad de Erasmus. Durante el curso pasado participaron en el programa ERASMUS Plus un total de 429 alumnos, de los cuales 217 alumnos UIB se desplazaron a alguna universidad extranjera, las m\u00e1s solicitadas fueron Alemania, Italia y Polonia para realizar estudios de la facultad de Econom\u00eda y Empresa y de la Facultad de Turismo; y 212 alumnos de otras universidades extranjeras visitaron la UIB, procediendo de los pa\u00edses anteriores y Francia para realizar estudios de las Facultades de Econom\u00eda, de Turismo y la de Filosof\u00eda y Letras.<\/p>\n<p style=\"text-align: justify;\">A parte del programa ERASMUS Plus existen otros programas de movilidad entre universidades, en los cuales participaron 779 alumnos en total.<\/p>\n<p style=\"text-align: justify;\"><strong>\u00bfCu\u00e1ntas facultades existen en nuestra Universidad?<\/strong><\/p>\n<p style=\"text-align: justify;\">La UIB cuenta con 9 Facultades m\u00e1s 1 Escuela Polit\u00e9cnica Superior, 4 centros adscritos y la Escuela de Hosteler\u00eda, Consorcio Comunidad aut\u00f3noma-Universidad. En total nos encontramos con 19 departamentos, 9 vicerrectorados y 2 sedes universitarias (Sede de Menorca y Sede de Eivissa y Formentera)<\/p>\n<p style=\"text-align: justify;\"><strong>\u00a0<\/strong><\/p>\n<p style=\"text-align: justify;\"><strong>\u00bfCu\u00e1l es la carrera m\u00e1s solicitadas por los estudiantes?<\/strong><\/p>\n<p style=\"text-align: justify;\">Con diferencia el estudio m\u00e1s solicitado en primera opci\u00f3n es el Grado de Medicina. A continuaci\u00f3n se encuentran los grados de Enfermer\u00eda, Educaci\u00f3n Primaria y Fisioterapia, en este mismo orden.<\/p>\n<p style=\"text-align: justify;\"><strong>\u00bfC\u00f3mo se encuentra econ\u00f3micamente nuestra Universidad?<\/strong><\/p>\n<p style=\"text-align: justify;\">Cuenta con una financiaci\u00f3n por alumno inferior a la media del estado, y es una de las reivindicaciones de nuestro Rector al Gobierno de las Islas Baleares. La crisis econ\u00f3mica ha impactado fuertemente a la Universidad y la recuperaci\u00f3n se hace a\u00f1o tras a\u00f1o, sin embargo se han congelado matr\u00edculas\u00a0 para no perjudicar a los estudiantes.<\/p>\n<p style=\"text-align: justify;\"><strong>Recientemente fue elegido nuevamente Rector de la Universidad D. Lloren\u00e7 Huguet \u00bfCu\u00e1ntos a\u00f1os lleva como rector? <\/strong><\/p>\n<p style=\"text-align: justify;\">Este es el segundo mandato de la segunda tanda pues fue Rector entre el 1995 y 2003.<\/p>\n<p style=\"text-align: justify;\"><strong>\u00a0<\/strong><\/p>\n<p style=\"text-align: justify;\"><strong>\u00bfQu\u00e9 podr\u00eda decirme usted de su labor en general como Rector de una empresa tan compleja como es la Universidad?<\/strong><\/p>\n<p style=\"text-align: justify;\">Es una persona muy dialogante con alta capacidad de trabajo y una gran cualidad, el saber escuchar, es un buen gestor y tambi\u00e9n buen pol\u00edtico.<\/p>\n<p style=\"text-align: justify;\"><a href=\"http:\/\/granadacostanacional.es\/wp-content\/uploads\/2017\/07\/vicerrectora-3.png\"><img decoding=\"async\" loading=\"lazy\" class=\"alignnone wp-image-13755\" src=\"http:\/\/granadacostanacional.es\/wp-content\/uploads\/2017\/07\/vicerrectora-3-300x200.png\" alt=\"vicerrectora 3\" width=\"575\" height=\"383\" \/><\/a><\/p>\n<p style=\"text-align: justify;\"><strong>\u00bfQu\u00e9 proyecci\u00f3n tiene la Universidad de las Islas Baleares, hacia el resto de Espa\u00f1a?<\/strong><\/p>\n<p style=\"text-align: justify;\">Mantenernos en los niveles altos en los rankings de docencia e investigaci\u00f3n, y subir pelda\u00f1os, a pesar de una financiaci\u00f3n deficitaria.<\/p>\n<p style=\"text-align: justify;\"><strong>\u00a0<\/strong><\/p>\n<p style=\"text-align: justify;\"><strong>\u00bfQu\u00e9 pregunta no le he hecho y le hubiera gustado que le hiciera?<\/strong><\/p>\n<p style=\"text-align: justify;\">Si pudiera volver atr\u00e1s, \u00bfcambiar\u00eda su trabajo?<\/p>\n<p style=\"text-align: justify;\">No. El estudio, los libros y el conocimiento me han formado tal como soy.<\/p>\n<p style=\"text-align: justify;\"><strong>\u00a0<\/strong><\/p>\n<p style=\"text-align: justify;\"><strong>TEST<\/strong><\/p>\n<p style=\"text-align: justify;\"><strong>\u00a0<\/strong><\/p>\n<p style=\"text-align: justify;\"><strong>-Un color.<\/strong><\/p>\n<p style=\"text-align: justify;\">El blanco crudo y el negro, he dicho dos<\/p>\n<p style=\"text-align: justify;\"><strong>\u00a0<\/strong><\/p>\n<p style=\"text-align: justify;\"><strong>-Un \u00e1rbol.<\/strong><\/p>\n<p style=\"text-align: justify;\">El pino<\/p>\n<p style=\"text-align: justify;\"><strong>\u00a0<\/strong><\/p>\n<p style=\"text-align: justify;\"><strong>-Un animal.<\/strong><\/p>\n<p style=\"text-align: justify;\">El gato<\/p>\n<p style=\"text-align: justify;\"><strong>\u00a0<\/strong><\/p>\n<p style=\"text-align: justify;\"><strong>-Un compositor.<\/strong><\/p>\n<p style=\"text-align: justify;\">J.S.Bach<\/p>\n<p style=\"text-align: justify;\"><strong>\u00a0<\/strong><\/p>\n<p style=\"text-align: justify;\"><strong>-Una m\u00fasica.<\/strong><\/p>\n<p style=\"text-align: justify;\">Mediterr\u00e1neo de Joan Manuel Serrat<\/p>\n<p style=\"text-align: justify;\"><em>The girl from Ipanema<\/em>, de Caros Jobim i Vinicius de Morais<\/p>\n<p style=\"text-align: justify;\"><strong>\u00a0<\/strong><\/p>\n<p style=\"text-align: justify;\"><strong>-Un escritor de poes\u00eda<\/strong><\/p>\n<p style=\"text-align: justify;\">Costa i Llobera<\/p>\n<p style=\"text-align: justify;\"><strong>\u00a0<\/strong><\/p>\n<p style=\"text-align: justify;\"><strong>-Una escritora de novelas<\/strong><\/p>\n<p style=\"text-align: justify;\">Almudena Grandes.<\/p>\n<p style=\"text-align: justify;\"><strong>\u00a0<\/strong><\/p>\n<p style=\"text-align: justify;\"><strong>-Un libro.<\/strong><\/p>\n<p style=\"text-align: justify;\"><em>El primer home<\/em> d\u2019Albert Camus<\/p>\n<p style=\"text-align: justify;\"><strong>\u00a0<\/strong><\/p>\n<p style=\"text-align: justify;\"><strong>-Un personaje.<\/strong><\/p>\n<p style=\"text-align: justify;\">Nelson Mandela<\/p>\n<p style=\"text-align: justify;\"><strong>\u00a0<\/strong><\/p>\n<p style=\"text-align: justify;\"><strong>-Un pa\u00eds.<\/strong><\/p>\n<p style=\"text-align: justify;\">Quebec (Canad\u00e1)<\/p>\n<p style=\"text-align: justify;\"><strong>\u00a0<\/strong><\/p>\n<p style=\"text-align: justify;\"><strong>-Un sitio para vivir.<\/strong><\/p>\n<p style=\"text-align: justify;\">Palma<\/p>\n<p style=\"text-align: justify;\"><strong>\u00a0<\/strong><\/p>\n<p style=\"text-align: justify;\"><strong>-Una pel\u00edcula.<\/strong><\/p>\n<p style=\"text-align: justify;\">Jules et Jim de F.Truffaut<\/p>\n<p style=\"text-align: justify;\"><strong>\u00a0<\/strong><\/p>\n<p style=\"text-align: justify;\"><strong>-Un actor.<\/strong><\/p>\n<p style=\"text-align: justify;\">Ben Kingsley<\/p>\n<p style=\"text-align: justify;\"><strong>\u00a0<\/strong><\/p>\n<p style=\"text-align: justify;\"><strong>-Una actriz.<\/strong><\/p>\n<p style=\"text-align: justify;\">Katharine Hepburn<\/p>\n<p style=\"text-align: justify;\"><strong>\u00a0<\/strong><\/p>\n<p style=\"text-align: justify;\"><strong>-Una flor.<\/strong><\/p>\n<p style=\"text-align: justify;\">Rosa blanca<\/p>\n<p style=\"text-align: justify;\"><strong>\u00a0<\/strong><\/p>\n<p style=\"text-align: justify;\"><strong>-Un perfume.<\/strong><\/p>\n<p style=\"text-align: justify;\">Eternity de Calvin Klein<\/p>\n<p style=\"text-align: justify;\"><strong>\u00a0<\/strong><\/p>\n<p style=\"text-align: justify;\"><strong>-\u00bfCon qui\u00e9n o quienes le gustar\u00eda hacer un viaje? <\/strong><\/p>\n<p style=\"text-align: justify;\">Con mi pareja o con mi hija<\/p>\n<p style=\"text-align: justify;\"><strong>\u00a0<\/strong><\/p>\n<p style=\"text-align: right;\"><strong>Marcelino Arellano Alabarces<\/strong><\/p>\n<p style=\"text-align: right;\"><strong>Director adjunto para Baleares del peri\u00f3dico Cultural \u201cGRANADA COSTA\u201d.<\/strong><\/p>\n","protected":false},"excerpt":{"rendered":"<p>Conoc\u00ed a la doctora Joana M\u00aa Segu\u00ed Vicerrectora\u00a0 de la Universidad de Baleares en un acto cultural en el sal\u00f3n&hellip;<\/p>\n","protected":false},"author":2,"featured_media":13752,"comment_status":"open","ping_status":"open","sticky":false,"template":"","format":"standard","meta":{"om_disable_all_campaigns":false,"_mi_skip_tracking":false,"_monsterinsights_sitenote_active":false,"_monsterinsights_sitenote_note":"","_monsterinsights_sitenote_category":0,"footnotes":""},"categories":[21,22],"tags":[],"aioseo_notices":[],"_links":{"self":[{"href":"https:\/\/granadacostaglobal.es\/index.php?rest_route=\/wp\/v2\/posts\/13751"}],"collection":[{"href":"https:\/\/granadacostaglobal.es\/index.php?rest_route=\/wp\/v2\/posts"}],"about":[{"href":"https:\/\/granadacostaglobal.es\/index.php?rest_route=\/wp\/v2\/types\/post"}],"author":[{"embeddable":true,"href":"https:\/\/granadacostaglobal.es\/index.php?rest_route=\/wp\/v2\/users\/2"}],"replies":[{"embeddable":true,"href":"https:\/\/granadacostaglobal.es\/index.php?rest_route=%2Fwp%2Fv2%2Fcomments&post=13751"}],"version-history":[{"count":0,"href":"https:\/\/granadacostaglobal.es\/index.php?rest_route=\/wp\/v2\/posts\/13751\/revisions"}],"wp:featuredmedia":[{"embeddable":true,"href":"https:\/\/granadacostaglobal.es\/index.php?rest_route=\/"}],"wp:attachment":[{"href":"https:\/\/granadacostaglobal.es\/index.php?rest_route=%2Fwp%2Fv2%2Fmedia&parent=13751"}],"wp:term":[{"taxonomy":"category","embeddable":true,"href":"https:\/\/granadacostaglobal.es\/index.php?rest_route=%2Fwp%2Fv2%2Fcategories&post=13751"},{"taxonomy":"post_tag","embeddable":true,"href":"https:\/\/granadacostaglobal.es\/index.php?rest_route=%2Fwp%2Fv2%2Ftags&post=13751"}],"curies":[{"name":"wp","href":"https:\/\/api.w.org\/{rel}","templated":true}]}}