{"id":13712,"date":"2017-07-19T05:29:53","date_gmt":"2017-07-19T05:29:53","guid":{"rendered":"http:\/\/granadacostanacional.es\/?p=13712"},"modified":"2017-07-19T05:29:53","modified_gmt":"2017-07-19T05:29:53","slug":"fiscal-resalta-el-alto-grado-de-ejecucion-de-las-obras-de-emergencia-para-paliar-los-efectos-del-temporal-de-diciembre","status":"publish","type":"post","link":"https:\/\/granadacostaglobal.es\/?p=13712","title":{"rendered":"Fiscal resalta el alto grado de ejecuci\u00f3n de las obras de emergencia para paliar los efectos del temporal de diciembre"},"content":{"rendered":"<p style=\"text-align: justify;\">Las actuaciones para minimizar los da\u00f1os ocasionados por las inundaciones\u00a0 han contado con un presupuesto de 6,6 millones de euros<\/p>\n<p style=\"text-align: justify;\">El consejero de Medio Ambiente y Ordenaci\u00f3n del Territorio, Jos\u00e9 Fiscal, ha destacado en el Parlamento la celeridad del Gobierno andaluz para minimizar los da\u00f1os ocasionados en cauces e infraestructuras hidr\u00e1ulicas de las provincias de C\u00e1diz, Huelva y M\u00e1laga, tras las inundaciones que se produjeron en Andaluc\u00eda entre el 1 y el 5 de diciembre de 2016. Tambi\u00e9n ha resaltado el alto grado de ejecuci\u00f3n de las obras de emergencia aprobadas por el Consejo de Gobierno de la Junta para paliar los efectos del temporal, que han contado con un presupuesto total de 6,6 millones de euros. En concreto,\u00a0 2,3 millones de euros para la restauraci\u00f3n de cauces y 4,3 millones de euros para reparar las infraestructuras hidr\u00e1ulicas.<\/p>\n<p style=\"text-align: justify;\">Durante su intervenci\u00f3n, el consejero ha recordado que los cauces sobre los que hab\u00eda que actuar se encontraban en los t\u00e9rminos de Barbate, Conil, La L\u00ednea de la Concepci\u00f3n, Los Barrios, Chiclana de la Frontera, San Roque, Medina Sidonia, Vejer de la Frontera, Estepona, Manilva, Fuengirola, Torremolinos, M\u00e1laga, Casares, Alhaur\u00edn de la Torre, Alhaur\u00edn El Grande, C\u00e1rtama, Casarabonella, Co\u00edn, \u00c1lora y Pizarra. Mientras que las infraestructuras hidr\u00e1ulicas afectadas fueron las conducciones que suministraban a el Campo de Gibraltar y \u00e1reas metropolitanas de Huelva y M\u00e1laga, en las Cuencas Mediterr\u00e1neas, en Tinto-Odiel-Piedras y Cuenca Encomendada del Guadiana.<\/p>\n<p style=\"text-align: justify;\">Respecto a las actuaciones previstas en la provincia de M\u00e1laga, con un presupuesto de m\u00e1s de 3,5 millones de euros, Fiscal ha avanzado que en la actualidad se encuentran ejecutadas en un 89,67 % de media, lo que supone que muchas de ellas est\u00e1n ya terminadas y que se llegar\u00e1 al 100% en este mismo mes de julio. Entre los trabajos realizados sobresalen los efectuados en la zona regable y en la presa del Guadalhorce, en la Estaci\u00f3n de Bombeo Morquecho, en el Viaducto Camino Servicio y en canales y acequias como la de Santa Ana, reconstruida por completa. Tambi\u00e9n destacan los encaminados a reparar los caminos de servicio asociados al sistema de riegos del Guadalhorce, en especial en los t\u00e9rminos de \u00c1lora, C\u00e1rtama, Pizarra, Alhaur\u00edn El Grande, Alhaur\u00edn de la Torre, Co\u00edn y M\u00e1laga.<\/p>\n<p style=\"text-align: justify;\">Respecto a la provincia de C\u00e1diz, la suma total de las actuaciones encomendadas tambi\u00e9n a la Agencia de Medio Ambiente y Agua alcanza los 326.933 euros. Las obras, ya finalizadas se centraron en la presa de Charco Redondo, en el Vaso del Azud de Trasvase de La Hoya, en las conducciones del sistema de explotaci\u00f3n de presas del Campo de Gibraltar, en accesos a desag\u00fces de fondo y a la presa de Guadarranque\u00a0 y en camino de la margen izquierda del Canal de La Almoraima.<\/p>\n<p style=\"text-align: justify;\">En el caso de la provincia de Huelva los trabajos, con un total de 306.153 euros, han ido encaminados a la reposici\u00f3n de infraestructuras hidr\u00e1ulicas del Sistema de Explotaci\u00f3n And\u00e9valo- Chanza- Piedras- Los Machos.<\/p>\n<p style=\"text-align: justify;\">Junto a estas actuaciones, el Consejo de Gobierno de la Junta acord\u00f3 tambi\u00e9n el pasado 13 de diciembre de 2016 financiar otras obras destinadas a paliar los da\u00f1os causados por los temporales y lluvias torrenciales en las infraestructuras p\u00fablicas\u00a0 de competencia auton\u00f3mica,\u00a0 a trav\u00e9s de la Consejer\u00eda de Fomento y Vivienda (6,7 millones de euros) y de la Consejer\u00eda de Educaci\u00f3n (2 millones).<\/p>\n","protected":false},"excerpt":{"rendered":"<p>Las actuaciones para minimizar los da\u00f1os ocasionados por las inundaciones\u00a0 han contado con un presupuesto de 6,6 millones de euros&hellip;<\/p>\n","protected":false},"author":2,"featured_media":13713,"comment_status":"open","ping_status":"open","sticky":false,"template":"","format":"standard","meta":{"om_disable_all_campaigns":false,"_mi_skip_tracking":false,"_monsterinsights_sitenote_active":false,"_monsterinsights_sitenote_note":"","_monsterinsights_sitenote_category":0,"footnotes":""},"categories":[22],"tags":[],"aioseo_notices":[],"_links":{"self":[{"href":"https:\/\/granadacostaglobal.es\/index.php?rest_route=\/wp\/v2\/posts\/13712"}],"collection":[{"href":"https:\/\/granadacostaglobal.es\/index.php?rest_route=\/wp\/v2\/posts"}],"about":[{"href":"https:\/\/granadacostaglobal.es\/index.php?rest_route=\/wp\/v2\/types\/post"}],"author":[{"embeddable":true,"href":"https:\/\/granadacostaglobal.es\/index.php?rest_route=\/wp\/v2\/users\/2"}],"replies":[{"embeddable":true,"href":"https:\/\/granadacostaglobal.es\/index.php?rest_route=%2Fwp%2Fv2%2Fcomments&post=13712"}],"version-history":[{"count":0,"href":"https:\/\/granadacostaglobal.es\/index.php?rest_route=\/wp\/v2\/posts\/13712\/revisions"}],"wp:featuredmedia":[{"embeddable":true,"href":"https:\/\/granadacostaglobal.es\/index.php?rest_route=\/"}],"wp:attachment":[{"href":"https:\/\/granadacostaglobal.es\/index.php?rest_route=%2Fwp%2Fv2%2Fmedia&parent=13712"}],"wp:term":[{"taxonomy":"category","embeddable":true,"href":"https:\/\/granadacostaglobal.es\/index.php?rest_route=%2Fwp%2Fv2%2Fcategories&post=13712"},{"taxonomy":"post_tag","embeddable":true,"href":"https:\/\/granadacostaglobal.es\/index.php?rest_route=%2Fwp%2Fv2%2Ftags&post=13712"}],"curies":[{"name":"wp","href":"https:\/\/api.w.org\/{rel}","templated":true}]}}