{"id":13575,"date":"2017-07-10T10:36:25","date_gmt":"2017-07-10T10:36:25","guid":{"rendered":"http:\/\/granadacostanacional.es\/?p=13575"},"modified":"2017-07-10T10:36:25","modified_gmt":"2017-07-10T10:36:25","slug":"una-delegacion-del-061-desplazada-a-el-salvador-para-formar-a-instructores-en-la-atencion-a-pacientes-politraumatizados-y-cardiologicos","status":"publish","type":"post","link":"https:\/\/granadacostaglobal.es\/?p=13575","title":{"rendered":"Una delegaci\u00f3n del 061 desplazada a El Salvador para formar a instructores en la atenci\u00f3n a pacientes politraumatizados y cardiol\u00f3gicos"},"content":{"rendered":"<p style=\"text-align: justify;\"><strong>La Empresa P\u00fablica de Emergencias Sanitarias ha impulsado la creaci\u00f3n de un sistema de emergencias sanitarias extrahospitalario a semejanza del andaluz y de un centro coordinador de urgencias y emergencias en el pa\u00eds centroamericano.<\/strong><\/p>\n<p style=\"text-align: justify;\">\n<p style=\"text-align: justify;\">Una delegaci\u00f3n de expertos de la Empresa P\u00fablica de Emergencias Sanitarias 061 de la Consejer\u00eda de Salud de la Junta de Andaluc\u00eda se ha desplazado a El Salvador para entrenar como instructores en soporte vital avanzado cardiol\u00f3gico y de trauma grave, as\u00ed como en soporte vital b\u00e1sico y uso del desfibrilador autom\u00e1tico externo a un total de 72 personas, profesionales de la Red de Hospitales Nacionales, del Instituto Salvadore\u00f1o de la Seguridad Social, del Sistema Nacional de Emergencias M\u00e9dicas y de Fosalud.<\/p>\n<p style=\"text-align: justify;\">\nEsta formaci\u00f3n est\u00e1 enmarcada dentro de los acuerdos de colaboraci\u00f3n y consultor\u00edas que la Empresa P\u00fablica de Emergencias Sanitaria viene llevando a cabo con el Ministerio de Salud salvadore\u00f1o desde el a\u00f1o 2012. A trav\u00e9s de ellos, la Consejer\u00eda de Salud de la Junta de Andaluc\u00eda ha asesorado al Ministerio de Salud de El Salvador en la creaci\u00f3n de un sistema de emergencias sanitarias extrahospitalario a semejanza del andaluz y de un centro coordinador de urgencias y emergencias, que fue puesto en marcha en diciembre de 2013 en el pa\u00eds centroamericano.<\/p>\n<p style=\"text-align: justify;\">\n<p>Los expertos del 061 desplazados desde finales de junio a El Salvador est\u00e1n impartiendo tres cursos de formaci\u00f3n, financiados por el Banco Mundial, que finalizar\u00e1n en el pr\u00f3ximo 14 de julio. Esta iniciativa tiene como finalidad la formaci\u00f3n de 24 instructores en cada una de las tres \u00e1reas de conocimiento \u2014el soporte vital avanzado en trauma grave, el soporte vital avanzado cardiol\u00f3gico y el soporte vital b\u00e1sico y uso del desfibrilador externo autom\u00e1tico\u2014 seleccionadas por el Ministerio de Salud de El Salvador para el entrenamiento posterior de los equipos de emergencias sanitarias en el pa\u00eds.<\/p>\n<p style=\"text-align: justify;\">\nEl conjunto de profesionales salvadore\u00f1os que est\u00e1n siendo formados como instructores impartir\u00e1n, dentro de su entrenamiento, tres talleres de soporte vital b\u00e1sico cardiol\u00f3gico y otros tres en trauma grave, tutorizados por los expertos del 061. Las seis sesiones de entrenamiento est\u00e1n dirigidas a un total de 261 alumnos del centro coordinador del Sistema de Emergencias M\u00e9dicas de El Salvador y de las bases operativas de este servicio ubicadas en Monserrat, Sayopango Santa Tecla y Zacamil. Estos profesionales salvadore\u00f1os conocer\u00e1n los protocolos de asistencia ante las emergencias sanitarias m\u00e1s frecuentes, tales como las cardiol\u00f3gicas, traumatol\u00f3gicas o pedi\u00e1tricas, y se formar\u00e1n en Soporte vital b\u00e1sico y avanzado, as\u00ed como en la coordinaci\u00f3n de los recursos sanitarios y en el transporte de pacientes cr\u00edticos.<\/p>\n<p style=\"text-align: justify;\">\n<strong>Modelo de referencia<\/strong><\/p>\n<p style=\"text-align: justify;\">\nEl modelo de organizaci\u00f3n de las urgencias y emergencias sanitarias de Andaluc\u00eda fue seleccionado como referente por el gobierno salvadore\u00f1o. Los centros coordinadores de urgencias y emergencias del 061 en Andaluc\u00eda fueron creados en los a\u00f1os 90 y actualmente gestionan m\u00e1s de tres millones de llamadas, de las que cerca de un 1,2 millones son peticiones de atenci\u00f3n urgente o emergente. La experiencia adquirida y el alto nivel de satisfacci\u00f3n manifestado por los usuarios del servicio, situado por encima del 9 sobre 10, hacen de la Empresa P\u00fablica de Emergencias Sanitarias un referente de salud para otros pa\u00edses.<\/p>\n<p style=\"text-align: justify;\">\nCon m\u00e1s de 6 millones de habitantes, El Salvador tiene la densidad poblacional m\u00e1s alta de Am\u00e9rica continental y una gran demanda de servicios de emergencias. Es por ello que el gobierno salvadore\u00f1o ha priorizado la creaci\u00f3n de un sistema nacional de emergencias m\u00e9dicas con el fin de reducir la mortalidad y las secuelas causadas por enfermedades card\u00edacas\u00a0 y respiratorias, entre otras, o las derivadas de accidentes de tr\u00e1fico o actos violentos.<\/p>\n<p style=\"text-align: justify;\">\n<p>La Consejer\u00eda de Salud de la Junta de Andaluc\u00eda ha asesorado desde 2012 al Ministerio de Salud de El Salvador en la creaci\u00f3n de un sistema de emergencias sanitarias extrahospitalario a semejanza del andaluz y de un centro coordinador de urgencias y emergencias. La Empresa P\u00fablica de Emergencias Sanitarias fue la encargada de llevar a cabo este compromiso de cooperaci\u00f3n, sellado en diciembre de 2012 a trav\u00e9s de un acuerdo con la Rep\u00fablica de El Salvador, al tiempo que don\u00f3 el software sobre el que se soporta el flujo y gesti\u00f3n de las llamadas de emergencias.<\/p>\n<p style=\"text-align: justify;\">\n<p>El grupo de expertos que ha trabajado a lo largo de estos a\u00f1os junto con el Ministerio de Salud de El Salvador ha estado formado por m\u00e1s de una veintena de profesionales andaluces, entre sanitarios, desarrolladores inform\u00e1ticos y gestores de emergencias. Los buenos resultados obtenidos han permitido continuar con nuevas l\u00edneas de colaboraci\u00f3n en materia de formaci\u00f3n y entrenamiento de profesionales, para de desarrollar y consolidar el primer Sistema de Emergencias M\u00e9dicas de Centroam\u00e9rica.<\/p>\n<p style=\"text-align: justify;\">\n<p>En el contexto de las l\u00edneas estrat\u00e9gicas de cooperaci\u00f3n que prioriza el sistema sanitario p\u00fablico de Andaluc\u00eda, la Empresa P\u00fablica de Emergencias Sanitarias ha desarrollado programas de cooperaci\u00f3n internacional previos con Marruecos, Turqu\u00eda y Bulgaria, al tiempo que estimula a sus profesionales a participar en misiones de ayuda humanitaria urgente coordinados por la Agencia de Desarrollo y Cooperaci\u00f3n Internacional, como la reciente misi\u00f3n llevada a cabo en Filipinas.<\/p>\n","protected":false},"excerpt":{"rendered":"<p>La Empresa P\u00fablica de Emergencias Sanitarias ha impulsado la creaci\u00f3n de un sistema de emergencias sanitarias extrahospitalario a semejanza del&hellip;<\/p>\n","protected":false},"author":2,"featured_media":13576,"comment_status":"open","ping_status":"open","sticky":false,"template":"","format":"standard","meta":{"om_disable_all_campaigns":false,"_mi_skip_tracking":false,"_monsterinsights_sitenote_active":false,"_monsterinsights_sitenote_note":"","_monsterinsights_sitenote_category":0,"footnotes":""},"categories":[22],"tags":[],"aioseo_notices":[],"_links":{"self":[{"href":"https:\/\/granadacostaglobal.es\/index.php?rest_route=\/wp\/v2\/posts\/13575"}],"collection":[{"href":"https:\/\/granadacostaglobal.es\/index.php?rest_route=\/wp\/v2\/posts"}],"about":[{"href":"https:\/\/granadacostaglobal.es\/index.php?rest_route=\/wp\/v2\/types\/post"}],"author":[{"embeddable":true,"href":"https:\/\/granadacostaglobal.es\/index.php?rest_route=\/wp\/v2\/users\/2"}],"replies":[{"embeddable":true,"href":"https:\/\/granadacostaglobal.es\/index.php?rest_route=%2Fwp%2Fv2%2Fcomments&post=13575"}],"version-history":[{"count":0,"href":"https:\/\/granadacostaglobal.es\/index.php?rest_route=\/wp\/v2\/posts\/13575\/revisions"}],"wp:featuredmedia":[{"embeddable":true,"href":"https:\/\/granadacostaglobal.es\/index.php?rest_route=\/"}],"wp:attachment":[{"href":"https:\/\/granadacostaglobal.es\/index.php?rest_route=%2Fwp%2Fv2%2Fmedia&parent=13575"}],"wp:term":[{"taxonomy":"category","embeddable":true,"href":"https:\/\/granadacostaglobal.es\/index.php?rest_route=%2Fwp%2Fv2%2Fcategories&post=13575"},{"taxonomy":"post_tag","embeddable":true,"href":"https:\/\/granadacostaglobal.es\/index.php?rest_route=%2Fwp%2Fv2%2Ftags&post=13575"}],"curies":[{"name":"wp","href":"https:\/\/api.w.org\/{rel}","templated":true}]}}