{"id":13572,"date":"2017-07-10T09:48:35","date_gmt":"2017-07-10T09:48:35","guid":{"rendered":"http:\/\/granadacostanacional.es\/?p=13572"},"modified":"2017-07-10T09:48:35","modified_gmt":"2017-07-10T09:48:35","slug":"autores-granada-costa-junio-2017-2","status":"publish","type":"post","link":"https:\/\/granadacostaglobal.es\/?p=13572","title":{"rendered":"Autores Granada Costa. Junio 2017"},"content":{"rendered":"<p style=\"text-align: justify;\"><span style=\"font-family: 'Georgia',serif; color: #333333;\">A todos los socios\/as, compa\u00f1eros\/as y simpatizantes del Proyecto Nacional de Cultura Granada Costa,<\/span><\/p>\n<p style=\"text-align: justify;\"><span style=\"font-family: 'Georgia',serif; color: #333333;\"><span style=\"font-family: 'Georgia',serif; color: #333333;\">Ya se encuentra editada y publicada en la web de Granada Costa la tercera\u00a0de las 12 ediciones del libro\u00a0<strong><span style=\"font-family: 'Georgia',serif;\">Autores Granada Costa<\/span><\/strong>, empezando con la primera edici\u00f3n correspondiente al mes de abril 2017 y terminando en marzo de 2018. Se trata de un libro antolog\u00eda donde todos los socios y simpatizantes del Proyecto Nacional de Cultura Granada Costa han participado tanto con poes\u00edas, \u00a0como con art\u00edculos de su propia autor\u00eda.<\/span><\/span><\/p>\n<p style=\"text-align: justify;\"><span style=\"font-family: 'Georgia',serif; color: #333333;\"><span style=\"font-family: 'Georgia',serif; color: #333333;\">Podr\u00e1 visualizar esta primera edici\u00f3n en versi\u00f3n digital entrando en la p\u00e1gina web<span class=\"apple-converted-space\">\u00a0<\/span><\/span><\/span><span style=\"color: #0000ff;\"><span><span style=\"font-family: 'Georgia',serif; color: blue;\"><a style=\"color: #0000ff;\" href=\"http:\/\/granadacostanacional.es\/\">granadacostanacional.es<\/a><\/span><\/span><\/span><span class=\"apple-converted-space\"><span style=\"font-family: 'Georgia',serif; color: #333333;\"><span style=\"font-family: 'Georgia',serif; color: #333333;\">\u00a0<\/span><\/span><\/span><span><span style=\"font-family: 'Georgia',serif; color: #333333;\">en la pesta\u00f1a<span class=\"apple-converted-space\">\u00a0<\/span><u>Libros de Antolog\u00eda<\/u><span class=\"apple-converted-space\">\u00a0<\/span>o a trav\u00e9s del siguiente enlace:<\/span><\/span><\/p>\n<p><span style=\"color: #0000ff;\"><a style=\"color: #0000ff;\" href=\"http:\/\/granadacostanacional.es\/downloads\/Libro%20Autores%20junio%202017%20web.pdf\">http:\/\/granadacostanacional.es\/downloads\/Libro%20Autores%20junio%202017%20web.pdf<\/a><\/span><\/p>\n<p style=\"text-align: justify;\"><span style=\"font-family: 'Georgia',serif; color: #333333;\"><span style=\"font-family: 'Georgia',serif; color: #333333;\"><a href=\"http:\/\/granadacostanacional.es\/wp-content\/uploads\/2017\/07\/Portada-Autores-junio-3d-1.jpg\"><img decoding=\"async\" loading=\"lazy\" class=\"alignnone  wp-image-13571\" src=\"http:\/\/granadacostanacional.es\/wp-content\/uploads\/2017\/07\/Portada-Autores-junio-3d-1-263x300.jpg\" alt=\"Portada Autores junio 3d\" width=\"572\" height=\"652\" \/><\/a><\/span><\/span><\/p>\n<p style=\"text-align: justify;\"><span style=\"font-family: 'Georgia',serif; color: #333333;\"><span style=\"font-family: 'Georgia',serif; color: #333333;\">Caracter\u00edsticas del libro:<\/span><\/span><\/p>\n<p style=\"text-align: justify;\"><span style=\"font-family: 'Georgia',serif; color: #333333;\"><span style=\"font-family: 'Georgia',serif; color: #333333;\">\u2013 Medidas: 17 x 24 cm<\/span><\/span><\/p>\n<p style=\"text-align: justify;\"><span style=\"font-family: 'Georgia',serif; color: #333333;\"><span style=\"font-family: 'Georgia',serif; color: #333333;\">\u2013 Portada y contraportada con solapas: a color, cartulina de 350 gr. y plastificada.<\/span><\/span><\/p>\n<p style=\"text-align: justify;\"><span style=\"font-family: 'Georgia',serif; color: #333333;\"><span style=\"font-family: 'Georgia',serif; color: #333333;\">\u2013 Papel estucado blanco 125 gr.<\/span><\/span><\/p>\n<p style=\"text-align: justify;\"><span style=\"font-family: 'Georgia',serif; color: #333333;\"><span style=\"font-family: 'Georgia',serif; color: #333333;\">\u2013 Encuadernado en r\u00fastica<\/span><\/span><\/p>\n<p style=\"text-align: justify;\"><span style=\"font-family: 'Georgia',serif; color: #333333;\"><span style=\"font-family: 'Georgia',serif; color: #333333;\">\u2013 Autores: varios y temas libres; poes\u00eda, prosa y reportajes.<\/span><\/span><\/p>\n<p style=\"text-align: justify;\">\n<p style=\"text-align: justify;\"><span style=\"font-family: 'Georgia',serif; color: #333333;\"><span style=\"font-family: 'Georgia',serif; color: #333333;\">Para m\u00e1s informaci\u00f3n contactar a trav\u00e9s del correo electr\u00f3nico: fundaci\u00f3n@granadacosta.es o a trav\u00e9s del tel\u00e9fono: 958 62 64 73<\/span><\/span><\/p>\n","protected":false},"excerpt":{"rendered":"<p>A todos los socios\/as, compa\u00f1eros\/as y simpatizantes del Proyecto Nacional de Cultura Granada Costa, Ya se encuentra editada y publicada&hellip;<\/p>\n","protected":false},"author":2,"featured_media":13573,"comment_status":"open","ping_status":"open","sticky":false,"template":"","format":"standard","meta":{"om_disable_all_campaigns":false,"_mi_skip_tracking":false,"_monsterinsights_sitenote_active":false,"_monsterinsights_sitenote_note":"","_monsterinsights_sitenote_category":0,"footnotes":""},"categories":[21,22],"tags":[],"aioseo_notices":[],"_links":{"self":[{"href":"https:\/\/granadacostaglobal.es\/index.php?rest_route=\/wp\/v2\/posts\/13572"}],"collection":[{"href":"https:\/\/granadacostaglobal.es\/index.php?rest_route=\/wp\/v2\/posts"}],"about":[{"href":"https:\/\/granadacostaglobal.es\/index.php?rest_route=\/wp\/v2\/types\/post"}],"author":[{"embeddable":true,"href":"https:\/\/granadacostaglobal.es\/index.php?rest_route=\/wp\/v2\/users\/2"}],"replies":[{"embeddable":true,"href":"https:\/\/granadacostaglobal.es\/index.php?rest_route=%2Fwp%2Fv2%2Fcomments&post=13572"}],"version-history":[{"count":0,"href":"https:\/\/granadacostaglobal.es\/index.php?rest_route=\/wp\/v2\/posts\/13572\/revisions"}],"wp:featuredmedia":[{"embeddable":true,"href":"https:\/\/granadacostaglobal.es\/index.php?rest_route=\/"}],"wp:attachment":[{"href":"https:\/\/granadacostaglobal.es\/index.php?rest_route=%2Fwp%2Fv2%2Fmedia&parent=13572"}],"wp:term":[{"taxonomy":"category","embeddable":true,"href":"https:\/\/granadacostaglobal.es\/index.php?rest_route=%2Fwp%2Fv2%2Fcategories&post=13572"},{"taxonomy":"post_tag","embeddable":true,"href":"https:\/\/granadacostaglobal.es\/index.php?rest_route=%2Fwp%2Fv2%2Ftags&post=13572"}],"curies":[{"name":"wp","href":"https:\/\/api.w.org\/{rel}","templated":true}]}}