{"id":13462,"date":"2017-07-06T15:53:41","date_gmt":"2017-07-06T15:53:41","guid":{"rendered":"http:\/\/granadacostanacional.es\/?p=13462"},"modified":"2017-07-06T15:53:41","modified_gmt":"2017-07-06T15:53:41","slug":"la-dra-tello-nos-hace-reflexionar-sobre-los-malos-tratos-infantiles-y-sus-repercusiones-en-la-vida-adulta","status":"publish","type":"post","link":"https:\/\/granadacostaglobal.es\/?p=13462","title":{"rendered":"La DRA TEllo  nos hace reflexionar sobre : \u201cLos malos tratos infantiles y sus repercusiones en la vida adulta\u201d"},"content":{"rendered":"<p>Por To\u00f1y castillo<\/p>\n<p style=\"text-align: justify;\"><a href=\"http:\/\/granadacostanacional.es\/wp-content\/uploads\/2017\/07\/WhatsApp-Image-2017-07-06-at-17.39.57.jpeg\"><img decoding=\"async\" loading=\"lazy\" class=\"size-medium wp-image-13463 alignleft\" src=\"http:\/\/granadacostanacional.es\/wp-content\/uploads\/2017\/07\/WhatsApp-Image-2017-07-06-at-17.39.57-225x300.jpeg\" alt=\"WhatsApp Image 2017-07-06 at 17.39.57\" width=\"225\" height=\"300\" \/><\/a>\u201cEls armats de Lleida\u201d organizaron, el pasado 27 de junio, la conferencia \u201cLos malos tratos infantiles y sus repercusiones en la vida adulta\u201d a cargo de la Dra. Carme Tello Casany, presidenta de la Asociaci\u00f3n Catalana para la Infancia Maltratada (ACIM). Planteo la necesidad de hacer visible el problema de los malos tratos y el abuso sexual infantil. Este problema es mucho m\u00e1s extendido y grave de lo que podemos pensar. El Consejo de Europa hace a\u00f1os tiene la campa\u00f1a \u201cUno de cada 5\u201d que alerta de esta cuesti\u00f3n. Puede parecer muy exagerado que uno de cada cinco ni\u00f1os hayan padecido alg\u00fan tipo de abuso sexual, pero las estad\u00edsticas lo confirman.\u00a0 El grave problema es que normalmente es intrafamiliar. En el 95% de casos el agresor es el padre, abuelos, t\u00edos, hermanos, vecinos, etc&#8230; Es bastante dif\u00edcil de poderse detectarlo y ayudar a la v\u00edctima sino no lo confiesa por los factores de vinculaci\u00f3n afectiva y culpa de la v\u00edctima. Adem\u00e1s el tema es que si confiesa la v\u00edctima es separada de su familia e ingresada en un centro de protecci\u00f3n. La Dra. Tello planteo que lo realmente importante es poder detectar las se\u00f1ales al inicio del problema, dado que si es una agresi\u00f3n aguada tiene mejor pron\u00f3stico, mientras que las cr\u00f3nicas de larga evoluci\u00f3n son las que m\u00e1s pueden afectar la evoluci\u00f3n psicosexual y social de la v\u00edctima en su vida adulta. Propuso que los profesionales \u00a0implicados en la atenci\u00f3n de ni\u00f1os y adolescentes (m\u00e9dicos, maestros, educadores, etc.\u2026) deben tener una formaci\u00f3n espec\u00edfica en el tema para poder detectar las se\u00f1ales de posible mal trato o abuso sexual. Pero insisti\u00f3 en que era un problema que afecta a toda la sociedad y que todos estamos implicados en ese problema.<\/p>\n<p style=\"text-align: justify;\">No perdamos de vista que el buen trato de los ni\u00f1os es la forma que los adultos tengan un buen futuro.<\/p>\n<p style=\"text-align: justify;\">\n<p style=\"text-align: justify;\">\n","protected":false},"excerpt":{"rendered":"<p>Por To\u00f1y castillo \u201cEls armats de Lleida\u201d organizaron, el pasado 27 de junio, la conferencia \u201cLos malos tratos infantiles y&hellip;<\/p>\n","protected":false},"author":4,"featured_media":13464,"comment_status":"open","ping_status":"open","sticky":false,"template":"","format":"standard","meta":{"om_disable_all_campaigns":false,"_mi_skip_tracking":false,"_monsterinsights_sitenote_active":false,"_monsterinsights_sitenote_note":"","_monsterinsights_sitenote_category":0,"footnotes":""},"categories":[21,22,30],"tags":[],"aioseo_notices":[],"_links":{"self":[{"href":"https:\/\/granadacostaglobal.es\/index.php?rest_route=\/wp\/v2\/posts\/13462"}],"collection":[{"href":"https:\/\/granadacostaglobal.es\/index.php?rest_route=\/wp\/v2\/posts"}],"about":[{"href":"https:\/\/granadacostaglobal.es\/index.php?rest_route=\/wp\/v2\/types\/post"}],"author":[{"embeddable":true,"href":"https:\/\/granadacostaglobal.es\/index.php?rest_route=\/wp\/v2\/users\/4"}],"replies":[{"embeddable":true,"href":"https:\/\/granadacostaglobal.es\/index.php?rest_route=%2Fwp%2Fv2%2Fcomments&post=13462"}],"version-history":[{"count":0,"href":"https:\/\/granadacostaglobal.es\/index.php?rest_route=\/wp\/v2\/posts\/13462\/revisions"}],"wp:featuredmedia":[{"embeddable":true,"href":"https:\/\/granadacostaglobal.es\/index.php?rest_route=\/"}],"wp:attachment":[{"href":"https:\/\/granadacostaglobal.es\/index.php?rest_route=%2Fwp%2Fv2%2Fmedia&parent=13462"}],"wp:term":[{"taxonomy":"category","embeddable":true,"href":"https:\/\/granadacostaglobal.es\/index.php?rest_route=%2Fwp%2Fv2%2Fcategories&post=13462"},{"taxonomy":"post_tag","embeddable":true,"href":"https:\/\/granadacostaglobal.es\/index.php?rest_route=%2Fwp%2Fv2%2Ftags&post=13462"}],"curies":[{"name":"wp","href":"https:\/\/api.w.org\/{rel}","templated":true}]}}