{"id":13395,"date":"2017-07-04T10:31:57","date_gmt":"2017-07-04T10:31:57","guid":{"rendered":"http:\/\/granadacostanacional.es\/?p=13395"},"modified":"2017-07-04T10:31:57","modified_gmt":"2017-07-04T10:31:57","slug":"visita-de-manuel-zamora-buenafuente-al-museo-fundacion-granada-costa","status":"publish","type":"post","link":"https:\/\/granadacostaglobal.es\/?p=13395","title":{"rendered":"Visita de Manuel Zamora Buenafuente al Museo Fundaci\u00f3n Granada Costa"},"content":{"rendered":"<h4>El d\u00eda 22 de mayo de 2017, Manuel Zamora Buenafuente visit\u00f3 el museo fundaci\u00f3n Granada Costa, obsequiando con varios regalos.<\/h4>\n<p>El pasado d\u00eda 22 de mayo de 2017, Manuel Zamora Buenafuente coincidiendo con sus vacaciones en la Costa Tropical de Granada aprovech\u00f3 su estancia para visitar \u00a0nuestra sede en Molvizar donde se encuentra ubicada la redacci\u00f3n y el Museo Fundaci\u00f3n Granada Costa, donde quiso dejar en \u00e9l para la posteridad dos regalos:<\/p>\n<ul>\n<li>El primero de ellos se trata de un poema enmarcado en las medidas de 60 x 85 cm, un poema de su autor\u00eda titulado: <strong>LAGRIMAS SILENCIOSAS<\/strong>. Donde se adentra en el sufrimiento de la mujer en la violencia de g\u00e9nero.<\/li>\n<\/ul>\n<p><a href=\"http:\/\/granadacostanacional.es\/wp-content\/uploads\/2017\/07\/IMG_20170629_103025063.jpg\"><img decoding=\"async\" loading=\"lazy\" class=\"alignnone wp-image-13396\" src=\"http:\/\/granadacostanacional.es\/wp-content\/uploads\/2017\/07\/IMG_20170629_103025063-266x300.jpg\" alt=\"IMG_20170629_103025063\" width=\"517\" height=\"583\" \/><\/a><\/p>\n<ul>\n<li style=\"text-align: justify;\">Su libro titulado: <strong>MI MUNDO<\/strong>. Libro cuya estructura consta de dos partes, en la primera de ellas su biograf\u00eda donde podemos descubrir verdaderamente a Manuel Zamora Buenafuente y la segunda parte del libro se encuentran m\u00faltiples colaboraciones y dedicatorias de diferentes personalidades amigos de Manuel Zamora Buenafuente.<\/li>\n<\/ul>\n<p><a href=\"http:\/\/granadacostanacional.es\/wp-content\/uploads\/2017\/07\/1.jpg\"><img decoding=\"async\" loading=\"lazy\" class=\"alignnone wp-image-13397\" src=\"http:\/\/granadacostanacional.es\/wp-content\/uploads\/2017\/07\/1-300x212.jpg\" alt=\"1\" width=\"638\" height=\"451\" \/><\/a><\/p>\n<p><a href=\"http:\/\/granadacostanacional.es\/wp-content\/uploads\/2017\/07\/IMG_20170704_0021.jpg\"><img decoding=\"async\" loading=\"lazy\" class=\"alignnone wp-image-13398\" src=\"http:\/\/granadacostanacional.es\/wp-content\/uploads\/2017\/07\/IMG_20170704_0021-195x300.jpg\" alt=\"IMG_20170704_0021\" width=\"394\" height=\"606\" \/><\/a><\/p>\n<p style=\"text-align: right;\"><em><strong>Gabriel Garc\u00eda Albertus<\/strong><\/em><\/p>\n","protected":false},"excerpt":{"rendered":"<p>El d\u00eda 22 de mayo de 2017, Manuel Zamora Buenafuente visit\u00f3 el museo fundaci\u00f3n Granada Costa, obsequiando con varios regalos.&hellip;<\/p>\n","protected":false},"author":2,"featured_media":13399,"comment_status":"open","ping_status":"open","sticky":false,"template":"","format":"standard","meta":{"om_disable_all_campaigns":false,"_mi_skip_tracking":false,"_monsterinsights_sitenote_active":false,"_monsterinsights_sitenote_note":"","_monsterinsights_sitenote_category":0,"footnotes":""},"categories":[21,22],"tags":[],"aioseo_notices":[],"_links":{"self":[{"href":"https:\/\/granadacostaglobal.es\/index.php?rest_route=\/wp\/v2\/posts\/13395"}],"collection":[{"href":"https:\/\/granadacostaglobal.es\/index.php?rest_route=\/wp\/v2\/posts"}],"about":[{"href":"https:\/\/granadacostaglobal.es\/index.php?rest_route=\/wp\/v2\/types\/post"}],"author":[{"embeddable":true,"href":"https:\/\/granadacostaglobal.es\/index.php?rest_route=\/wp\/v2\/users\/2"}],"replies":[{"embeddable":true,"href":"https:\/\/granadacostaglobal.es\/index.php?rest_route=%2Fwp%2Fv2%2Fcomments&post=13395"}],"version-history":[{"count":0,"href":"https:\/\/granadacostaglobal.es\/index.php?rest_route=\/wp\/v2\/posts\/13395\/revisions"}],"wp:featuredmedia":[{"embeddable":true,"href":"https:\/\/granadacostaglobal.es\/index.php?rest_route=\/"}],"wp:attachment":[{"href":"https:\/\/granadacostaglobal.es\/index.php?rest_route=%2Fwp%2Fv2%2Fmedia&parent=13395"}],"wp:term":[{"taxonomy":"category","embeddable":true,"href":"https:\/\/granadacostaglobal.es\/index.php?rest_route=%2Fwp%2Fv2%2Fcategories&post=13395"},{"taxonomy":"post_tag","embeddable":true,"href":"https:\/\/granadacostaglobal.es\/index.php?rest_route=%2Fwp%2Fv2%2Ftags&post=13395"}],"curies":[{"name":"wp","href":"https:\/\/api.w.org\/{rel}","templated":true}]}}