{"id":13392,"date":"2017-07-04T08:58:21","date_gmt":"2017-07-04T08:58:21","guid":{"rendered":"http:\/\/granadacostanacional.es\/?p=13392"},"modified":"2017-07-04T08:58:21","modified_gmt":"2017-07-04T08:58:21","slug":"medio-ambiente-licita-por-mas-de-714-300-euros-las-obras-de-ampliacion-de-la-estacion-de-transferencia-de-la-redondela","status":"publish","type":"post","link":"https:\/\/granadacostaglobal.es\/?p=13392","title":{"rendered":"Medio Ambiente licita por m\u00e1s de 714.300 euros las obras de ampliaci\u00f3n de la estaci\u00f3n de transferencia de La Redondela"},"content":{"rendered":"<p class=\"Subtitulo\" style=\"text-align: justify;\"><strong>Los trabajos para ampliar la planta ubicada en Isla Cristina (Huelva) generar\u00e1 590 jornales.<\/strong><\/p>\n<p style=\"text-align: justify;\">La Consejer\u00eda de Medio Ambiente y Ordenaci\u00f3n del Territorio ha sacado a concurso p\u00fablico por un importe de 714.354 euros las obras de ampliaci\u00f3n de la estaci\u00f3n de transferencia de La Redondela, en Isla Cristina (Huelva), que dar\u00e1 servicio a una poblaci\u00f3n de 88.389 habitantes. La ampliaci\u00f3n de esta instalaci\u00f3n, que se financiar\u00e1 en un 80% por fondos europeos Feder, gener\u00e1 590 jornales.<\/p>\n<p style=\"text-align: justify;\">Esta planta de transferencia que trata las basuras que generan los municipios de Ayamonte, Cartaya, Lepe e Isla Cristina, tendr\u00e1 capacidad para gestionar alrededor de 48.032 toneladas anuales de residuos.<\/p>\n<p style=\"text-align: justify;\">Esta instalaci\u00f3n, gestionada por la Diputaci\u00f3n Provincial de Huelva,\u00a0 se encarga de recepcionar, compactar y almacenar temporalmente los residuos urbanos para su posterior env\u00edo a la planta de recuperaci\u00f3n y compostaje de Villarrasa.<\/p>\n<p style=\"text-align: justify;\"><strong>Plan de Gesti\u00f3n<\/strong><\/p>\n<p class=\"Subtitulo\" style=\"text-align: justify;\">La construcci\u00f3n de esta estaci\u00f3n de transferencia se desarrolla en el marco del Plan Director Territorial de Gesti\u00f3n de Residuos no Peligrosos de Andaluc\u00eda 2010-2019, que adem\u00e1s de dotar de infraestructuras adecuadas a la comunidad aut\u00f3noma, tiene entre sus objetivos preferentes la reducci\u00f3n en la producci\u00f3n de residuos, el fomento de la recogida selectiva como pieza clave en la gesti\u00f3n integral de la basura, su reciclaje y cada vez una mayor reutilizaci\u00f3n.<\/p>\n","protected":false},"excerpt":{"rendered":"<p>Los trabajos para ampliar la planta ubicada en Isla Cristina (Huelva) generar\u00e1 590 jornales. La Consejer\u00eda de Medio Ambiente y&hellip;<\/p>\n","protected":false},"author":2,"featured_media":13393,"comment_status":"open","ping_status":"open","sticky":false,"template":"","format":"standard","meta":{"om_disable_all_campaigns":false,"_mi_skip_tracking":false,"_monsterinsights_sitenote_active":false,"_monsterinsights_sitenote_note":"","_monsterinsights_sitenote_category":0,"footnotes":""},"categories":[22],"tags":[],"aioseo_notices":[],"_links":{"self":[{"href":"https:\/\/granadacostaglobal.es\/index.php?rest_route=\/wp\/v2\/posts\/13392"}],"collection":[{"href":"https:\/\/granadacostaglobal.es\/index.php?rest_route=\/wp\/v2\/posts"}],"about":[{"href":"https:\/\/granadacostaglobal.es\/index.php?rest_route=\/wp\/v2\/types\/post"}],"author":[{"embeddable":true,"href":"https:\/\/granadacostaglobal.es\/index.php?rest_route=\/wp\/v2\/users\/2"}],"replies":[{"embeddable":true,"href":"https:\/\/granadacostaglobal.es\/index.php?rest_route=%2Fwp%2Fv2%2Fcomments&post=13392"}],"version-history":[{"count":0,"href":"https:\/\/granadacostaglobal.es\/index.php?rest_route=\/wp\/v2\/posts\/13392\/revisions"}],"wp:featuredmedia":[{"embeddable":true,"href":"https:\/\/granadacostaglobal.es\/index.php?rest_route=\/"}],"wp:attachment":[{"href":"https:\/\/granadacostaglobal.es\/index.php?rest_route=%2Fwp%2Fv2%2Fmedia&parent=13392"}],"wp:term":[{"taxonomy":"category","embeddable":true,"href":"https:\/\/granadacostaglobal.es\/index.php?rest_route=%2Fwp%2Fv2%2Fcategories&post=13392"},{"taxonomy":"post_tag","embeddable":true,"href":"https:\/\/granadacostaglobal.es\/index.php?rest_route=%2Fwp%2Fv2%2Ftags&post=13392"}],"curies":[{"name":"wp","href":"https:\/\/api.w.org\/{rel}","templated":true}]}}