{"id":13384,"date":"2017-07-04T08:50:49","date_gmt":"2017-07-04T08:50:49","guid":{"rendered":"http:\/\/granadacostanacional.es\/?p=13384"},"modified":"2017-07-04T08:50:49","modified_gmt":"2017-07-04T08:50:49","slug":"2a-antologia-poetica-50-voces","status":"publish","type":"post","link":"https:\/\/granadacostaglobal.es\/?p=13384","title":{"rendered":"2\u00aa Antolog\u00eda Po\u00e9tica 50 Voces"},"content":{"rendered":"<p style=\"text-align: justify;\">Podr\u00e1n leer al completo la 2\u00aa edici\u00f3n de la 2\u00aa Antolog\u00eda po\u00e9tica 50 voces Granada Costa.<\/p>\n<p style=\"text-align: justify;\">En primer lugar se encuentra una breve introducci\u00f3n del Proyecto Nacional de Cultura Granada Costa, junto al prologo desarrollado por Jos\u00e9 Romero y las participaciones de 50 personas de toda la geograf\u00eda espa\u00f1ola.<\/p>\n<p style=\"text-align: justify;\">Podr\u00e1n ver el archivo digital al completo en la p\u00e1gina web www.granadacostanacional.es, en la pesta\u00f1a LIBROS DE ANTOLOG\u00cdA o a trav\u00e9s del siguiente enlace: <strong><span style=\"color: #0000ff;\"><a style=\"color: #0000ff;\" href=\"http:\/\/granadacostanacional.es\/downloads\/Libro%202%20antolog%C3%ADa%2050%20voces%20reducido.pdf\">2\u00aa Antolog\u00eda po\u00e9tica 50 Voces 2\u00aa edici\u00f3n<\/a><\/span><\/strong><\/p>\n<p><a href=\"http:\/\/granadacostanacional.es\/wp-content\/uploads\/2017\/07\/2\u00aa-antologia-50-voces-3d-rgb.jpg\"><img decoding=\"async\" loading=\"lazy\" class=\"alignnone wp-image-13382\" src=\"http:\/\/granadacostanacional.es\/wp-content\/uploads\/2017\/07\/2\u00aa-antologia-50-voces-3d-rgb-263x300.jpg\" alt=\"2\u00aa antologia 50 voces 3d rgb\" width=\"558\" height=\"637\" \/><\/a><\/p>\n","protected":false},"excerpt":{"rendered":"<p>Podr\u00e1n leer al completo la 2\u00aa edici\u00f3n de la 2\u00aa Antolog\u00eda po\u00e9tica 50 voces Granada Costa. En primer lugar se&hellip;<\/p>\n","protected":false},"author":2,"featured_media":12007,"comment_status":"open","ping_status":"open","sticky":false,"template":"","format":"standard","meta":{"om_disable_all_campaigns":false,"_mi_skip_tracking":false,"_monsterinsights_sitenote_active":false,"_monsterinsights_sitenote_note":"","_monsterinsights_sitenote_category":0,"footnotes":""},"categories":[21,22],"tags":[],"aioseo_notices":[],"_links":{"self":[{"href":"https:\/\/granadacostaglobal.es\/index.php?rest_route=\/wp\/v2\/posts\/13384"}],"collection":[{"href":"https:\/\/granadacostaglobal.es\/index.php?rest_route=\/wp\/v2\/posts"}],"about":[{"href":"https:\/\/granadacostaglobal.es\/index.php?rest_route=\/wp\/v2\/types\/post"}],"author":[{"embeddable":true,"href":"https:\/\/granadacostaglobal.es\/index.php?rest_route=\/wp\/v2\/users\/2"}],"replies":[{"embeddable":true,"href":"https:\/\/granadacostaglobal.es\/index.php?rest_route=%2Fwp%2Fv2%2Fcomments&post=13384"}],"version-history":[{"count":0,"href":"https:\/\/granadacostaglobal.es\/index.php?rest_route=\/wp\/v2\/posts\/13384\/revisions"}],"wp:featuredmedia":[{"embeddable":true,"href":"https:\/\/granadacostaglobal.es\/index.php?rest_route=\/"}],"wp:attachment":[{"href":"https:\/\/granadacostaglobal.es\/index.php?rest_route=%2Fwp%2Fv2%2Fmedia&parent=13384"}],"wp:term":[{"taxonomy":"category","embeddable":true,"href":"https:\/\/granadacostaglobal.es\/index.php?rest_route=%2Fwp%2Fv2%2Fcategories&post=13384"},{"taxonomy":"post_tag","embeddable":true,"href":"https:\/\/granadacostaglobal.es\/index.php?rest_route=%2Fwp%2Fv2%2Ftags&post=13384"}],"curies":[{"name":"wp","href":"https:\/\/api.w.org\/{rel}","templated":true}]}}