{"id":13376,"date":"2017-07-04T06:42:00","date_gmt":"2017-07-04T06:42:00","guid":{"rendered":"http:\/\/granadacostanacional.es\/?p=13376"},"modified":"2017-07-04T06:42:00","modified_gmt":"2017-07-04T06:42:00","slug":"el-desfile-worldpride-ha-demostrado-por-primera-vez-un-acercamiento-de-las-posiciones-politicas-no-ocurrido-desde-el-transito-a-la-democracia","status":"publish","type":"post","link":"https:\/\/granadacostaglobal.es\/?p=13376","title":{"rendered":"El desfile, WORLDPRIDE ha demostrado por primera vez un acercamiento de las posiciones pol\u00edticas, no ocurrido desde el tr\u00e1nsito a la democracia."},"content":{"rendered":"<h2 style=\"text-align: justify;\"><strong>El desfile, <\/strong><strong>WORLDPRIDE<\/strong><strong> que <\/strong>es el Orgullo Mundial, fundado en el a\u00f1o 2000<strong>, sobre la libertad de g\u00e9nero y orientaci\u00f3n sexual celebrado en Madrid a finales de junio de 2017, ha demostrado por primera vez un acercamiento de las posiciones pol\u00edticas, no ocurrido desde el tr\u00e1nsito a la democracia.<\/strong><\/h2>\n<p style=\"text-align: justify;\">La manifestaci\u00f3n del Orgullo Gay para reivindicar los derechos del colectivo LGTBI se ha expresado con un aire festivo y reivindicativo y se ha cerrado con la presencia de entre uno y dos millones de participantes, y\u00a0un despliegue de 3.500 agentes de polic\u00eda y servicios de emergencia y sanitarios que han estado a la altura de este colosal evento. Para exigir que los transexuales y cualquier opci\u00f3n de g\u00e9nero\u00a0 o sexual dejen de ser considerados personas enfermas, dentro del respeto a la libertad elegida. Han desfilado para el mundo entero 52 carrozas desde el pasado 23 de junio hasta el 2 de julio, fecha que va a ceder el testigo de la pr\u00f3xima edici\u00f3n a Nueva York. Respecto al g\u00e9nero, normalmente se ha confundido con el sexo biol\u00f3gico y con las caracter\u00edsticas f\u00edsicas de cada individuo, como los genitales, pero no tiene relaci\u00f3n. Nos reivindica que cada uno no se define por c\u00f3mo nace, sino por c\u00f3mo se siente. Y en cuanto a la orientaci\u00f3n sexual: la atracci\u00f3n emocional o f\u00edsica por otras personas se define seg\u00fan su clasificaci\u00f3n por sexo y que todos deben poder vivir en libertad. Lo que todos debemos sentir sobre nuestra manera de ser. Es el sentimiento de afirmaci\u00f3n de una persona sobre su orientaci\u00f3n sexual o g\u00e9nero, o de la comunidad a la que pertenece. Es una festividad, reivindicativa a nivel\u00a0 mundial que se celebra \u00a0con el compromiso de defender la igualdad, la dignidad y la libertad que compartido y difundido en las redes sociales se ha convertido en el mejor ejemplo, para romper las barreras del espacio y el tiempo.<\/p>\n<p style=\"text-align: justify;\"><a href=\"http:\/\/granadacostanacional.es\/wp-content\/uploads\/2017\/07\/LGBT_Marcha_del_Orgullo_2010_5165589222.jpg\"><img decoding=\"async\" loading=\"lazy\" class=\"aligncenter size-large wp-image-13378\" src=\"http:\/\/granadacostanacional.es\/wp-content\/uploads\/2017\/07\/LGBT_Marcha_del_Orgullo_2010_5165589222-1024x686.jpg\" alt=\"LGBT_Marcha_del_Orgullo_2010_(5165589222)\" width=\"1024\" height=\"686\" \/><\/a><\/p>\n<p style=\"text-align: justify;\">\u00a0\u00a0\u00a0\u00a0\u00a0\u00a0\u00a0\u00a0\u00a0\u00a0\u00a0 Haciendo\u00a0 un repaso etimol\u00f3gico, diremos que <strong>LGBT<\/strong>\u00a0es la\u00a0sigla\u00a0compuesta por las iniciales\u00a0 de <strong>L<\/strong>esbianas,\u00a0<strong>G<\/strong>ais,\u00a0<strong>B<\/strong>isexuales\u00a0y <strong>T<\/strong>ransexuales. En sentido estricto agrupa a las personas con las\u00a0<em>orientaciones sexuales\u00a0e identidades de g\u00e9nero<\/em>\u00a0relativas a esas cuatro palabras, as\u00ed como las comunidades formadas por ellas. La expresi\u00f3n tuvo su origen en la lengua inglesa en los\u00a0a\u00f1os noventa. Incluye a diversas comunidades discriminadas por su sexualidad. El t\u00e9rmino conjunto LGBT no genera un consenso entre todos. Por ejemplo, algunos argumentan que los problemas y objetivos de las personas transexuales y travestis no son las mismos que los de los homosexuales, las lesbianas y las personas bisexuales. Este argumento se centra en la idea de que las personas \u201ctransg\u00e9nero\u201d y la transexualidad tienen que ver con la\u00a0identidad de g\u00e9nero\u00a0o con el hecho de sentirse hombre o mujer, no con la\u00a0orientaci\u00f3n sexual. En cambio, los temas de estos colectivos son percibidos como un asunto de orientaci\u00f3n sexual o de atracci\u00f3n, no de identidad. Otros niegan la existencia o el derecho a la igualdad de las orientaciones\u00a0y de la transexualidad.<\/p>\n<p style=\"text-align: justify;\"><a href=\"http:\/\/granadacostanacional.es\/wp-content\/uploads\/2017\/07\/640px-Rainbow_flag_and_blue_skies.jpg\"><img decoding=\"async\" loading=\"lazy\" class=\"aligncenter size-full wp-image-13379\" src=\"http:\/\/granadacostanacional.es\/wp-content\/uploads\/2017\/07\/640px-Rainbow_flag_and_blue_skies.jpg\" alt=\"640px-Rainbow_flag_and_blue_skies\" width=\"640\" height=\"426\" \/><\/a><\/p>\n<p style=\"text-align: justify;\">Los prejuicios o etiquetas han dado muchas connotaciones negativas para las personas \u00a0diferentes, como un insulto y una provocaci\u00f3n. El t\u00e9rmino no ha sido adoptado por todos, al entender algunos que es demasiado pol\u00edticamente correcto; sin embargo en nuestro pa\u00eds ha logrado unir por primera vez a los partidos m\u00e1s representativos, que es lo importante como si de un verdadero pacto se tratase; ojo vayan tomando nota y sirva como ejemplo para trasladarlo a otros asuntos que son preocupantes y no menos discriminatorios; v\u00e9ase la precariedad laboral, la educaci\u00f3n o ense\u00f1anza del no esfuerzo, una sanidad no claramente universal que excluye a gente que ni siquiera puede pagarse los medicamentos o la Ley de dependencia\u2026 a no ser que lamentablemente sea por criterios materialistas o econ\u00f3micos. Con un slogam \u00a0de \u201cMadrid por Amor\u201d que ser\u00eda un intento de empatizar tan importante como el de solidarizarse con los m\u00e1s desvalidos, grupos desfavorecidos de personas, que suponen tambi\u00e9n una preocupaci\u00f3n y prioridad, que deber\u00eda de los principales grupos pol\u00edticos recibir igual consideraci\u00f3n.<\/p>\n<p style=\"text-align: justify;\">Algunos no suscriben o aprueban\u00a0<a href=\"https:\/\/es.wikipedia.org\/wiki\/Legislaci%C3%B3n_sobre_la_homosexualidad_en_el_mundo\">la campa\u00f1a pol\u00edtica y socialmente solidaria de derechos humanos, y la visibilidad<\/a>\u00a0que normalmente va con ella. Creen que agruparse por orientaciones no heterosexuales perpetua el mito de que ser gay\/lesbiana\/bisexual o transexual \u00a0hace a una persona deficientemente distinta de otras personas. Asimismo supone que se apoya la liberaci\u00f3n y la visibilidad del colectivo en la sociedad, incluyendo el derecho a vivir la vida que uno quiera de un modo distinto al de la mayor\u00eda, como en la canci\u00f3n: \u201ca\u00a0 qui\u00e9n le importa lo que yo diga, a qui\u00e9n le importa lo que yo haga\u2026\u201d<\/p>\n<p style=\"text-align: justify;\"><a href=\"http:\/\/granadacostanacional.es\/wp-content\/uploads\/2017\/07\/Marcha_del_Orgullo_LGBT_7477888738.jpg\"><img decoding=\"async\" loading=\"lazy\" class=\"aligncenter size-large wp-image-13380\" src=\"http:\/\/granadacostanacional.es\/wp-content\/uploads\/2017\/07\/Marcha_del_Orgullo_LGBT_7477888738-1024x686.jpg\" alt=\"Marcha_del_Orgullo_LGBT_(7477888738)\" width=\"1024\" height=\"686\" \/><\/a><\/p>\n<p style=\"text-align: right;\"><em><strong>Francisco Velasco Rey<\/strong><\/em><\/p>\n","protected":false},"excerpt":{"rendered":"<p>El desfile, WORLDPRIDE que es el Orgullo Mundial, fundado en el a\u00f1o 2000, sobre la libertad de g\u00e9nero y orientaci\u00f3n&hellip;<\/p>\n","protected":false},"author":2,"featured_media":13377,"comment_status":"open","ping_status":"open","sticky":false,"template":"","format":"standard","meta":{"om_disable_all_campaigns":false,"_mi_skip_tracking":false,"_monsterinsights_sitenote_active":false,"_monsterinsights_sitenote_note":"","_monsterinsights_sitenote_category":0,"footnotes":""},"categories":[22],"tags":[],"aioseo_notices":[],"_links":{"self":[{"href":"https:\/\/granadacostaglobal.es\/index.php?rest_route=\/wp\/v2\/posts\/13376"}],"collection":[{"href":"https:\/\/granadacostaglobal.es\/index.php?rest_route=\/wp\/v2\/posts"}],"about":[{"href":"https:\/\/granadacostaglobal.es\/index.php?rest_route=\/wp\/v2\/types\/post"}],"author":[{"embeddable":true,"href":"https:\/\/granadacostaglobal.es\/index.php?rest_route=\/wp\/v2\/users\/2"}],"replies":[{"embeddable":true,"href":"https:\/\/granadacostaglobal.es\/index.php?rest_route=%2Fwp%2Fv2%2Fcomments&post=13376"}],"version-history":[{"count":0,"href":"https:\/\/granadacostaglobal.es\/index.php?rest_route=\/wp\/v2\/posts\/13376\/revisions"}],"wp:featuredmedia":[{"embeddable":true,"href":"https:\/\/granadacostaglobal.es\/index.php?rest_route=\/"}],"wp:attachment":[{"href":"https:\/\/granadacostaglobal.es\/index.php?rest_route=%2Fwp%2Fv2%2Fmedia&parent=13376"}],"wp:term":[{"taxonomy":"category","embeddable":true,"href":"https:\/\/granadacostaglobal.es\/index.php?rest_route=%2Fwp%2Fv2%2Fcategories&post=13376"},{"taxonomy":"post_tag","embeddable":true,"href":"https:\/\/granadacostaglobal.es\/index.php?rest_route=%2Fwp%2Fv2%2Ftags&post=13376"}],"curies":[{"name":"wp","href":"https:\/\/api.w.org\/{rel}","templated":true}]}}