{"id":13370,"date":"2017-07-03T14:38:05","date_gmt":"2017-07-03T14:38:05","guid":{"rendered":"http:\/\/granadacostanacional.es\/?p=13370"},"modified":"2017-07-03T14:38:05","modified_gmt":"2017-07-03T14:38:05","slug":"ciudadanos-almunecar-la-herradura-denuncia-el-estado-de-abandono-de-las-jardineras-de-las-aceras-y-los-oasis-de-las-playas","status":"publish","type":"post","link":"https:\/\/granadacostaglobal.es\/?p=13370","title":{"rendered":"Ciudadanos Almu\u00f1\u00e9car \u2013 La Herradura denuncia el estado de abandono de las jardineras de las aceras y los oasis de las playas"},"content":{"rendered":"<ul>\n<li style=\"text-align: justify;\">\n<h2><strong>\u201cConsideramos que el equipo de gobierno debe responder con actuaciones urgentes, ya que esta dejadez es totalmente impropia de una ciudad eminentemente tur\u00edstica\u201d<\/strong>, se\u00f1ala el portavoz de la agrupaci\u00f3n local, Francisco Torrecillas<\/h2>\n<\/li>\n<\/ul>\n<p style=\"text-align: justify;\"><a href=\"http:\/\/granadacostanacional.es\/wp-content\/uploads\/2017\/07\/Almu\u00f1\u00e9car-2.jpg\"><img decoding=\"async\" loading=\"lazy\" class=\"aligncenter size-large wp-image-13372\" src=\"http:\/\/granadacostanacional.es\/wp-content\/uploads\/2017\/07\/Almu\u00f1\u00e9car-2-831x1024.jpg\" alt=\"Almu\u00f1\u00e9car 2\" width=\"831\" height=\"1024\" \/><\/a><\/p>\n<p style=\"text-align: justify;\"><strong>Almu\u00f1\u00e9car (Granada), lunes 3 de julio de 2017.\u00a0<\/strong>La agrupaci\u00f3n local de Ciudadanos Almu\u00f1\u00e9car \u2013 La Herradura ha denunciado el estado de abandono de las jardineras de las aceras de la ciudad y de la vegetaci\u00f3n de los oasis de las playas y ha exigido al equipo de gobierno<strong> \u201cactuaciones urgentes\u201d<\/strong> para recuperar estos espacios p\u00fablicos.<\/p>\n<p style=\"text-align: justify;\"><strong>\u201cConsideramos necesario dar soluci\u00f3n cuanto antes al abandono que presentan zonas como los oasis ubicados desde la desembocadura del R\u00edo Verde hasta el puesto de socorro, donde nos encontramos con metros y metros de malas hierbas y c\u00e9sped descuidado\u201d<\/strong>, ha puesto de manifiesto el portavoz de la agrupaci\u00f3n, Francisco Torrecillas, quien ha se\u00f1alado tambi\u00e9n la importante p\u00e9rdida de la vegetaci\u00f3n del oasis de palmeras de la playa Puerta del Mar.<\/p>\n<p style=\"text-align: justify;\">Seg\u00fan ha lamentado Torrecillas, esta dejadez es totalmente impropia de una ciudad eminentemente tur\u00edstica como Almu\u00f1\u00e9car y puede tener consecuencias durante toda esta \u00e9poca estival: <strong>\u201cSi nuestro municipio quiere aspirar a ser el mejor destino tur\u00edstico de la costa granadina, debemos preocuparnos por ofrecer calidad en todos los servicios que ofertamos. Nuestros mejores escenarios no merecen verse empa\u00f1ados por algo que es m\u00e1s propio de monte bald\u00edo que de paseos mar\u00edtimos\u201d<\/strong>.<\/p>\n<p style=\"text-align: justify;\"><a href=\"http:\/\/granadacostanacional.es\/wp-content\/uploads\/2017\/07\/Almu\u00f1\u00e9car-4.jpg\"><img decoding=\"async\" loading=\"lazy\" class=\"aligncenter size-large wp-image-13373\" src=\"http:\/\/granadacostanacional.es\/wp-content\/uploads\/2017\/07\/Almu\u00f1\u00e9car-4-848x1024.jpg\" alt=\"Almu\u00f1\u00e9car 4\" width=\"848\" height=\"1024\" \/><\/a> <a href=\"http:\/\/granadacostanacional.es\/wp-content\/uploads\/2017\/07\/Almu\u00f1\u00e9car-3.jpg\"><img decoding=\"async\" loading=\"lazy\" class=\"aligncenter size-large wp-image-13374\" src=\"http:\/\/granadacostanacional.es\/wp-content\/uploads\/2017\/07\/Almu\u00f1\u00e9car-3-722x1024.jpg\" alt=\"Almu\u00f1\u00e9car 3\" width=\"722\" height=\"1024\" \/><\/a><\/p>\n","protected":false},"excerpt":{"rendered":"<p>\u201cConsideramos que el equipo de gobierno debe responder con actuaciones urgentes, ya que esta dejadez es totalmente impropia de una&hellip;<\/p>\n","protected":false},"author":2,"featured_media":13371,"comment_status":"open","ping_status":"open","sticky":false,"template":"","format":"standard","meta":{"om_disable_all_campaigns":false,"_mi_skip_tracking":false,"_monsterinsights_sitenote_active":false,"_monsterinsights_sitenote_note":"","_monsterinsights_sitenote_category":0,"footnotes":""},"categories":[22],"tags":[],"aioseo_notices":[],"_links":{"self":[{"href":"https:\/\/granadacostaglobal.es\/index.php?rest_route=\/wp\/v2\/posts\/13370"}],"collection":[{"href":"https:\/\/granadacostaglobal.es\/index.php?rest_route=\/wp\/v2\/posts"}],"about":[{"href":"https:\/\/granadacostaglobal.es\/index.php?rest_route=\/wp\/v2\/types\/post"}],"author":[{"embeddable":true,"href":"https:\/\/granadacostaglobal.es\/index.php?rest_route=\/wp\/v2\/users\/2"}],"replies":[{"embeddable":true,"href":"https:\/\/granadacostaglobal.es\/index.php?rest_route=%2Fwp%2Fv2%2Fcomments&post=13370"}],"version-history":[{"count":0,"href":"https:\/\/granadacostaglobal.es\/index.php?rest_route=\/wp\/v2\/posts\/13370\/revisions"}],"wp:featuredmedia":[{"embeddable":true,"href":"https:\/\/granadacostaglobal.es\/index.php?rest_route=\/"}],"wp:attachment":[{"href":"https:\/\/granadacostaglobal.es\/index.php?rest_route=%2Fwp%2Fv2%2Fmedia&parent=13370"}],"wp:term":[{"taxonomy":"category","embeddable":true,"href":"https:\/\/granadacostaglobal.es\/index.php?rest_route=%2Fwp%2Fv2%2Fcategories&post=13370"},{"taxonomy":"post_tag","embeddable":true,"href":"https:\/\/granadacostaglobal.es\/index.php?rest_route=%2Fwp%2Fv2%2Ftags&post=13370"}],"curies":[{"name":"wp","href":"https:\/\/api.w.org\/{rel}","templated":true}]}}