{"id":13365,"date":"2017-07-03T14:35:34","date_gmt":"2017-07-03T14:35:34","guid":{"rendered":"http:\/\/granadacostanacional.es\/?p=13365"},"modified":"2017-07-03T14:35:34","modified_gmt":"2017-07-03T14:35:34","slug":"junta-y-sector-analizan-en-la-mesa-del-turismo-las-previsiones-del-verano-y-la-nueva-normativa-de-hoteles-agencias-y-campin","status":"publish","type":"post","link":"https:\/\/granadacostaglobal.es\/?p=13365","title":{"rendered":"Junta y sector analizan en la Mesa del Turismo las previsiones del verano y la nueva normativa de hoteles, agencias y campin"},"content":{"rendered":"<h2 style=\"text-align: justify;\">Francisco Javier Fern\u00e1ndez presidi\u00f3 en Marbella la reuni\u00f3n de este \u00f3rgano\u00a0de interlocuci\u00f3n del que forman parte los sindicatos y los empresarios<\/h2>\n<p style=\"text-align: justify;\">El consejero de Turismo y Deporte, Francisco Javier Fern\u00e1ndez, presidi\u00f3 hoy en Marbella (M\u00e1laga) la reuni\u00f3n de la Mesa del Turismo -\u00f3rgano de interlocuci\u00f3n en la materia\u00a0 integrado por los sindicatos UGT y CC.OO. y la Confederaci\u00f3n de Empresarios de Andaluc\u00eda (CEA)-, en la que se abordaron las previsiones para el verano y los nuevos\u00a0 decretos de calificaci\u00f3n hotelera, de agencias de viajes y de campamentos tur\u00edsticos.<\/p>\n<p style=\"text-align: justify;\">En declaraciones a los medios, el consejero se\u00f1al\u00f3 que este encuentro se enmarca en el trabajo de interlocuci\u00f3n \u201cfluido y continuo\u201d que mantiene su departamento con los representantes del sector, con el objetivo de analizar c\u00f3mo va a ser la evoluci\u00f3n de la actividad tur\u00edstica en el segundo semestre del a\u00f1o y de conocer de antemano cu\u00e1les son los posibles problemas que se puedan dar para buscar las soluciones.<\/p>\n<p style=\"text-align: justify;\">As\u00ed, Francisco Javier Fern\u00e1ndez record\u00f3 que las previsiones del verano \u201cson muy buenas\u201d, ya que en el periodo junio-septiembre se prev\u00e9 un repunte de las pernoctaciones en los establecimientos hoteleros de la comunidad de casi el 3%, hasta alcanzar los 25,5 millones de estancias, y resultados positivos en todas las provincias, especialmente, en las de interior, donde se estiman repuntes de en torno al 6%.<\/p>\n<p style=\"text-align: justify;\">En este sentido, aunque las cifras son buenas tanto para la \u00e9poca estival como para el conjunto del a\u00f1o, el consejero avanz\u00f3 que se van a poner el marcha medidas espec\u00edficas para consolidar al destino en el mercado nacional ante la \u201cestabilizaci\u00f3n\u201d de este emisor y otras para romper la estacionalidad porque \u201ctenemos que conseguir distribuir mejor\u201d los flujos de viajeros en el tiempo y el territorio.<\/p>\n<p style=\"text-align: justify;\">Igualmente, Fern\u00e1ndez destac\u00f3 la necesidad de que los resultados que se est\u00e1n registrando en el sector tur\u00edstico se trasladen \u201ca la creaci\u00f3n de empleo de calidad, con unas condiciones justas y con salarios justos\u201d. A su juicio, \u201ces la hora de solicitar esta responsabilidad y compromiso a los empresarios\u201d para que se \u201crepartan esos beneficios que est\u00e1n creando en los profesionales\u201d.<\/p>\n<p style=\"text-align: justify;\"><a href=\"http:\/\/granadacostanacional.es\/wp-content\/uploads\/2017\/07\/Mesa-Turismo-Marbella-2.jpg\"><img decoding=\"async\" loading=\"lazy\" class=\"aligncenter size-large wp-image-13366\" src=\"http:\/\/granadacostanacional.es\/wp-content\/uploads\/2017\/07\/Mesa-Turismo-Marbella-2-1024x768.jpg\" alt=\"Mesa Turismo Marbella 2\" width=\"1024\" height=\"768\" \/><\/a><\/p>\n<p style=\"text-align: justify;\"><strong>Nueva regulaci\u00f3n<\/strong><\/p>\n<p style=\"text-align: justify;\"><strong>\u00a0<\/strong>Asimismo, explic\u00f3 el contenido de los nuevos decretos que se est\u00e1 elaborando en cuanto a la calificaci\u00f3n hotelera por puntos, en respuesta a una demanda de los empresarios para adaptar la normativa a la realidad de estos establecimientos; as\u00ed como el de agencias de viajes, para incorporar las directivas europeas, y el de campamentos, que servir\u00e1 para actualizar la regulaci\u00f3n de esta modalidad.<\/p>\n<p style=\"text-align: justify;\">\u00a0\u00a0\u00a0\u00a0\u00a0\u00a0\u00a0\u00a0\u00a0\u00a0\u00a0 Por otra parte, Fern\u00e1ndez defendi\u00f3 la normativa auton\u00f3mica sobre viviendas con fines tur\u00edsticos, como instrumento para garantizar la calidad de los servicios que se prestan a los viajeros que usan este tipo de alojamiento, y reclam\u00f3 la colaboraci\u00f3n ciudadana y de las plataformas de comercializaci\u00f3n \u201ccontra la clandestinidad\u201d y para que \u201cexijan siempre\u201d el correspondiente n\u00famero de registro.<\/p>\n<p style=\"text-align: justify;\">\n<p><a href=\"http:\/\/granadacostanacional.es\/wp-content\/uploads\/2017\/07\/Mesa-Turismo-Marbella-03-07-17.jpg\"><img decoding=\"async\" loading=\"lazy\" class=\"aligncenter size-large wp-image-13367\" src=\"http:\/\/granadacostanacional.es\/wp-content\/uploads\/2017\/07\/Mesa-Turismo-Marbella-03-07-17-1024x768.jpg\" alt=\"Mesa Turismo Marbella 03-07-17\" width=\"1024\" height=\"768\" \/><\/a><\/p>\n","protected":false},"excerpt":{"rendered":"<p>Francisco Javier Fern\u00e1ndez presidi\u00f3 en Marbella la reuni\u00f3n de este \u00f3rgano\u00a0de interlocuci\u00f3n del que forman parte los sindicatos y los&hellip;<\/p>\n","protected":false},"author":2,"featured_media":13368,"comment_status":"open","ping_status":"open","sticky":false,"template":"","format":"standard","meta":{"om_disable_all_campaigns":false,"_mi_skip_tracking":false,"_monsterinsights_sitenote_active":false,"_monsterinsights_sitenote_note":"","_monsterinsights_sitenote_category":0,"footnotes":""},"categories":[22],"tags":[],"aioseo_notices":[],"_links":{"self":[{"href":"https:\/\/granadacostaglobal.es\/index.php?rest_route=\/wp\/v2\/posts\/13365"}],"collection":[{"href":"https:\/\/granadacostaglobal.es\/index.php?rest_route=\/wp\/v2\/posts"}],"about":[{"href":"https:\/\/granadacostaglobal.es\/index.php?rest_route=\/wp\/v2\/types\/post"}],"author":[{"embeddable":true,"href":"https:\/\/granadacostaglobal.es\/index.php?rest_route=\/wp\/v2\/users\/2"}],"replies":[{"embeddable":true,"href":"https:\/\/granadacostaglobal.es\/index.php?rest_route=%2Fwp%2Fv2%2Fcomments&post=13365"}],"version-history":[{"count":0,"href":"https:\/\/granadacostaglobal.es\/index.php?rest_route=\/wp\/v2\/posts\/13365\/revisions"}],"wp:featuredmedia":[{"embeddable":true,"href":"https:\/\/granadacostaglobal.es\/index.php?rest_route=\/"}],"wp:attachment":[{"href":"https:\/\/granadacostaglobal.es\/index.php?rest_route=%2Fwp%2Fv2%2Fmedia&parent=13365"}],"wp:term":[{"taxonomy":"category","embeddable":true,"href":"https:\/\/granadacostaglobal.es\/index.php?rest_route=%2Fwp%2Fv2%2Fcategories&post=13365"},{"taxonomy":"post_tag","embeddable":true,"href":"https:\/\/granadacostaglobal.es\/index.php?rest_route=%2Fwp%2Fv2%2Ftags&post=13365"}],"curies":[{"name":"wp","href":"https:\/\/api.w.org\/{rel}","templated":true}]}}