{"id":13360,"date":"2017-07-03T14:31:52","date_gmt":"2017-07-03T14:31:52","guid":{"rendered":"http:\/\/granadacostanacional.es\/?p=13360"},"modified":"2017-07-03T14:31:52","modified_gmt":"2017-07-03T14:31:52","slug":"medio-ambiente-realiza-el-marcaje-del-segundo-pollo-de-quebrantahuesos-nacido-en-libertad-en-andalucia","status":"publish","type":"post","link":"https:\/\/granadacostaglobal.es\/?p=13360","title":{"rendered":"Medio Ambiente realiza el marcaje del segundo pollo  de quebrantahuesos nacido en libertad en Andaluc\u00eda"},"content":{"rendered":"<h2 style=\"text-align: justify;\">El ejemplar es el primero de la pareja formada por Hortelano y Marchena<\/h2>\n<p style=\"text-align: justify;\">\n<p style=\"text-align: justify;\">T\u00e9cnicos de la Consejer\u00eda de Medio Ambiente y Ordenaci\u00f3n del Territorio han realizado el marcaje del segundo pollo de quebrantahuesos nacido en libertad en Andaluc\u00eda y el primero de la pareja formada por Hortelano, un macho liberado en 2010, y Marchena, una hembra soltada al medio natural en 2012. Esta iniciativa se desarrolla en el marco del proyecto de reintroducci\u00f3n de la especie, iniciado en 2006 con las primeras liberaciones de ejemplares en el Parque Natural Sierras de Cazorla, Segura y Las Villas (Ja\u00e9n) y en el Parque Natural Sierra de Castril (Granada).<\/p>\n<p style=\"text-align: justify;\">Al ejemplar, que responde al nombre de Fergurson y cuya captura se realiz\u00f3 utilizando t\u00e9cnicas de trabajos verticales en roca, se le ha hecho un exhaustivo chequeo sanitario y se le ha decolorado dos plumas para que pueda ser identificado en vuelo durante los dos primeros a\u00f1os de vida, previo a la muda del plumaje. Tambi\u00e9n ha sido anillado y marcado con un transmisor GPS satelital que proporcionar\u00e1 informaci\u00f3n sus movimientos al personal del plan de recuperaci\u00f3n encargado de realizar el seguimiento de la poblaci\u00f3n.<\/p>\n<p style=\"text-align: justify;\">Una vez depositado el pollo de nuevo en el nido y el equipo &#8211; integrado por t\u00e9cnicos de la consejer\u00eda y agentes de Medio Ambiente- abandona la zona se ha podido observar a la hembra sobrevolando el cortado de cr\u00eda y entrando al nido con total normalidad. Este hecho viene a confirmar que la reproducci\u00f3n contin\u00faa con \u00e9xito y que en aproximadamente un mes el pollo podr\u00e1 realizar sus primeros vuelos. A partir de ese momento se podr\u00e1 conocer sus desplazamientos &#8211; en un principio con sus padres y despu\u00e9s en solitario-, sus relaciones con otros ejemplares marcados; as\u00ed como las zonas de alimentaci\u00f3n y dormideros que utilice. Todo ello aportar\u00e1 informaci\u00f3n al proyecto de reintroducci\u00f3n del quebrantahuesos que desarrolla la Junta en\u00a0 Andaluc\u00eda.<\/p>\n<p style=\"text-align: justify;\"><a href=\"http:\/\/granadacostanacional.es\/wp-content\/uploads\/2017\/07\/anillamiento-quebranrahuesos.jpg\"><img decoding=\"async\" loading=\"lazy\" class=\"aligncenter size-large wp-image-13361\" src=\"http:\/\/granadacostanacional.es\/wp-content\/uploads\/2017\/07\/anillamiento-quebranrahuesos-576x1024.jpg\" alt=\"anillamiento quebranrahuesos\" width=\"576\" height=\"1024\" \/><\/a><\/p>\n<p style=\"text-align: justify;\"><strong>Plan de reintroducci\u00f3n<\/strong><\/p>\n<p style=\"text-align: justify;\">El Programa de Reintroducci\u00f3n del Quebrantahuesos que desarrolla la consejer\u00eda pretende conseguir una poblaci\u00f3n aut\u00f3noma y estable de la especie en la regi\u00f3n mediante la liberaci\u00f3n de j\u00f3venes ejemplares por el sistema de la cr\u00eda campestre o\u00a0 hacking. Con el empleo de esta t\u00e9cnica, originalmente utilizada en cetrer\u00eda, se persigue lograr que el ejemplar asimile el \u00e1rea de la suelta como su lugar de nacimiento y, por tanto, regrese a ella para asentarse y reproducirse.<\/p>\n<p style=\"text-align: justify;\">La labor desarrollada por la consejer\u00eda en el marco de la estrategia para la erradicaci\u00f3n del uso ilegal de cebos envenenado ha permitido este nuevo hito en el proyecto de reintroducci\u00f3n al minimizar los efectos de esta pr\u00e1ctica ilegal, una de las principales causas de mortalidad de numerosas especies amenazadas.<\/p>\n<p style=\"text-align: justify;\"><a href=\"http:\/\/granadacostanacional.es\/wp-content\/uploads\/2017\/07\/anillamiento-quebranahuesos-2.jpg\"><img decoding=\"async\" loading=\"lazy\" class=\"aligncenter size-large wp-image-13362\" src=\"http:\/\/granadacostanacional.es\/wp-content\/uploads\/2017\/07\/anillamiento-quebranahuesos-2-576x1024.jpg\" alt=\"anillamiento quebranahuesos 2\" width=\"576\" height=\"1024\" \/><\/a><\/p>\n","protected":false},"excerpt":{"rendered":"<p>El ejemplar es el primero de la pareja formada por Hortelano y Marchena T\u00e9cnicos de la Consejer\u00eda de Medio Ambiente&hellip;<\/p>\n","protected":false},"author":2,"featured_media":13363,"comment_status":"open","ping_status":"open","sticky":false,"template":"","format":"standard","meta":{"om_disable_all_campaigns":false,"_mi_skip_tracking":false,"_monsterinsights_sitenote_active":false,"_monsterinsights_sitenote_note":"","_monsterinsights_sitenote_category":0,"footnotes":""},"categories":[22],"tags":[],"aioseo_notices":[],"_links":{"self":[{"href":"https:\/\/granadacostaglobal.es\/index.php?rest_route=\/wp\/v2\/posts\/13360"}],"collection":[{"href":"https:\/\/granadacostaglobal.es\/index.php?rest_route=\/wp\/v2\/posts"}],"about":[{"href":"https:\/\/granadacostaglobal.es\/index.php?rest_route=\/wp\/v2\/types\/post"}],"author":[{"embeddable":true,"href":"https:\/\/granadacostaglobal.es\/index.php?rest_route=\/wp\/v2\/users\/2"}],"replies":[{"embeddable":true,"href":"https:\/\/granadacostaglobal.es\/index.php?rest_route=%2Fwp%2Fv2%2Fcomments&post=13360"}],"version-history":[{"count":0,"href":"https:\/\/granadacostaglobal.es\/index.php?rest_route=\/wp\/v2\/posts\/13360\/revisions"}],"wp:featuredmedia":[{"embeddable":true,"href":"https:\/\/granadacostaglobal.es\/index.php?rest_route=\/"}],"wp:attachment":[{"href":"https:\/\/granadacostaglobal.es\/index.php?rest_route=%2Fwp%2Fv2%2Fmedia&parent=13360"}],"wp:term":[{"taxonomy":"category","embeddable":true,"href":"https:\/\/granadacostaglobal.es\/index.php?rest_route=%2Fwp%2Fv2%2Fcategories&post=13360"},{"taxonomy":"post_tag","embeddable":true,"href":"https:\/\/granadacostaglobal.es\/index.php?rest_route=%2Fwp%2Fv2%2Ftags&post=13360"}],"curies":[{"name":"wp","href":"https:\/\/api.w.org\/{rel}","templated":true}]}}