{"id":1334,"date":"2015-05-20T11:51:19","date_gmt":"2015-05-20T11:51:19","guid":{"rendered":"http:\/\/granadacosta.es\/?p=1334"},"modified":"2015-05-20T11:51:19","modified_gmt":"2015-05-20T11:51:19","slug":"presentacion-de-un-nuevo-libro-de-nuestro-companero-marcelino-arellano-alabarces-en-palma-de-mallorca","status":"publish","type":"post","link":"https:\/\/granadacostaglobal.es\/?p=1334","title":{"rendered":"PRESENTACI\u00d3N DE UN NUEVO LIBRO DE NUESTRO COMPA\u00d1ERO, MARCELINO ARELLANO ALABARCES, EN PALMA DE MALLORCA"},"content":{"rendered":"<p style=\"text-align: justify;\"><strong>C<\/strong>omo ya va siendo costumbre, cada a\u00f1o por estas fechas, nuestro compa\u00f1ero de la <strong>Fundaci\u00f3n Granada Costa<\/strong> ha presentado un nuevo libro de poes\u00eda titulado <strong>\u201cEL PERFIL DE TU SOMBRA\u201d. <\/strong>En esta ocasi\u00f3n fue el pasado d\u00eda 24 de abril, en <strong>\u00a0<\/strong>el<strong> Club Sa Banca<\/strong> de Palma.<\/p>\n<p style=\"text-align: justify;\">\u00a0\u00a0\u00a0\u00a0\u00a0\u00a0\u00a0\u00a0\u00a0\u00a0\u00a0 Acudieron gran cantidad de amigos de Marcelino y aficionados a la poes\u00eda. El libro, como ya viene siendo costumbre, ha sido editado por la <strong>Editorial Granada Club Selecci\u00f3n<\/strong>, magn\u00edficamente presentado. La portada preciosa y acorde con la \u00e9poca actual de primavera.<\/p>\n<p style=\"text-align: justify;\">\u00a0\u00a0\u00a0\u00a0\u00a0\u00a0\u00a0\u00a0\u00a0\u00a0\u00a0 El pr\u00f3logo ha sido escrito en esta ocasi\u00f3n por el gran poeta <strong>Francisco Mena Cantero<\/strong>, afincado en Sevilla y Manchego por convicci\u00f3n y cari\u00f1o. Ha sabido entrar en la poes\u00eda de <strong>Marcelino Arellano<\/strong>. Destaco algunos <em>p\u00e1rrafos del pr\u00f3logo: \u201cMarcelino Arellano, poeta andaluz y mallorqu\u00edn, se nos muestra en<\/em> <em>\u201cLa lejan\u00eda de tu sombra\u201d m\u00e1s dig\u00e1moslo as\u00ed, rom\u00e1ntico,<\/em> <em>que nunca\u201d. <\/em>En otro apartado, el prologuista nos dice: \u201c<em>Tampoco es extra\u00f1o el poema extenso que Arellano maneja con soltura, como es el caso de \u201cBajo la p\u00e1lida luz de la tarde\u201d, en el que el propio autor de forma on\u00edrica, naufraga entre el amor y la desesperanza, entre lo real y lo so\u00f1ado para, despu\u00e9s, a partir de \u201cCalle ermita\u201d surja la a\u00f1oranza del tiempo pasado irrecuperable, todo ello sin desmelenamiento po\u00e9tico del autor; m\u00e1s bien es una emoci\u00f3n serena, triste y contenida\u201d.<\/em><\/p>\n<p style=\"text-align: justify;\"><a href=\"http:\/\/granadacosta.es\/wp-content\/uploads\/2015\/05\/marcelino-1.jpg\"><img decoding=\"async\" loading=\"lazy\" class=\"aligncenter size-large wp-image-1336\" src=\"http:\/\/granadacosta.es\/wp-content\/uploads\/2015\/05\/marcelino-1-1024x548.jpg\" alt=\"marcelino 1\" width=\"1024\" height=\"548\" \/><\/a><\/p>\n<p style=\"text-align: center;\">grupo de personas asistente al acto.<\/p>\n<p style=\"text-align: justify;\"><em>\u00a0\u00a0\u00a0\u00a0\u00a0\u00a0\u00a0\u00a0\u00a0\u00a0\u00a0 <\/em>En esta ocasi\u00f3n nuestra amiga <strong>Pepa V\u00e9lez<\/strong>, hizo la presentaci\u00f3n del libro magn\u00edficamente, con palabras acertadas y gran conocimiento del mismo, destac\u00f3 algunas de sus palabras: <em>\u201cLa lejan\u00eda de tu sombra\u201d, debo decir que su nombre ya me gust\u00f3. Nos habla de una presencia que estuvo, pero que sigue presente a trav\u00e9s de su sombra, que el poeta evoca casi en contra de su voluntad. Cuando recuerda los momentos felices, junto a ella, sus ojos verdes, su inmanente presencia que emerge en el silencio de la noche, que se presenta en sue\u00f1os, que se le dibuja a trav\u00e9s del paisaje granadino y de la huella indeleble que ha dejado en su alma y en su sensibilidad\u201d.<\/em><\/p>\n<p style=\"text-align: justify;\"><em>\u00a0\u00a0\u00a0\u00a0\u00a0\u00a0\u00a0\u00a0\u00a0\u00a0\u00a0 <\/em>En otro momento de su presentaci\u00f3n Pepa V\u00e9lez a\u00f1adi\u00f3: <em>En este libro se ve claramente las fases por las que se pasa en un duelo. En este caso por la p\u00e9rdida del amor y la rotura de un coraz\u00f3n, cuyos pedazos no acaban de recomponerse. La negaci\u00f3n, la ira y el desaire, la negociaci\u00f3n para tratar de volver con ella, la tristeza y el dolor que no le abandona y la final \u00a0aceptaci\u00f3n, parece que no vaya a llegar nunca. Tan solo aparece en algunos versos, como un resignado conformismo ante la evidencia de un amor que se ha perdido para siempre.<\/em><\/p>\n<p style=\"text-align: justify;\"><em>\u00a0\u00a0\u00a0\u00a0\u00a0\u00a0\u00a0\u00a0\u00a0\u00a0\u00a0 <\/em>De nuestro amigo Marcelino, que a\u00f1adir m\u00e1s, que en cada poema suyo nos deja con la miel en los labios. Porque cada poema que lees es m\u00e1s hermoso que el anterior. Sus poemas son como la vida misma, llenos de sentimiento y ternura.<\/p>\n<p style=\"text-align: justify;\">\u00a0\u00a0\u00a0\u00a0\u00a0\u00a0\u00a0\u00a0\u00a0\u00a0\u00a0 Dentro de la presentaci\u00f3n, tanto el p\u00fablico asistente como Marcelino, recibimos una grata sorpresa al requerir la presentadora del acto, la presencia del nieto de Marcelino: <strong>Miguel \u00c1ngel Arellano Mart\u00ednez<\/strong> de 11 a\u00f1os, que ley\u00f3 un poema del libro,\u00a0 muy bien recitado, \u00a0quedamos todos encantados. Lo ley\u00f3 perfectamente bien, se ve que lo lleva en los genes y fue sobre todo, emocionante para Marcelino, que nada sab\u00eda de ello.<\/p>\n<p style=\"text-align: justify;\">\u00a0\u00a0\u00a0\u00a0\u00a0\u00a0\u00a0\u00a0\u00a0\u00a0\u00a0 Al terminar la presentaci\u00f3n del libro, Marcelino ley\u00f3 varios poemas muy hermosos, y que seg\u00fan \u00e9l, dichos poemas estar\u00e1n incluidos en su pr\u00f3ximo libro de poes\u00eda, ya terminado. Acto seguido, se pas\u00f3 a la firma del libro y al finalizar este, se sirvi\u00f3 un estupendo aperitivo, con producto de la tierra. Tarde maravillosa porque tambi\u00e9n sirvi\u00f3 para estar con estupendo y queridos amigos.<\/p>\n<p style=\"text-align: justify;\">\u00a0\u00a0\u00a0\u00a0\u00a0\u00a0\u00a0\u00a0\u00a0\u00a0\u00a0 Asistieron entre otros: <strong>Luc\u00eda Caparr\u00f3s, Mercedes Carballar, Caty Celdr\u00e1n, Norberto Espinosa, Antonio Bonet San Cler, Jos\u00e9 Balaguer, Mar\u00eda Dolores Alabarces Villa, Jes\u00fas Lozano, Loli Garc\u00eda Hern\u00e1ndez, Rafael Dur\u00e1n Lucena, Ignacio Mart\u00ed, Andr\u00e9s Pujol, Sres. Taranc\u00f3n, Jos\u00e9 Mar\u00eda Guti\u00e9rrez, Fernanda Llabr\u00e9s, Jos\u00e9 Tamayo, Inocencia Frisuelo, Mar\u00eda Eugenia Santandreu, Hortensia de Carlos, Anny Sastre, Mari Carmen Sastre, Concepci\u00f3n Coll, Juan Jes\u00fas D\u00edaz, Jos\u00e9 Heredia, Magdalena Heredia, Oscar Donaire, Heraclio L\u00f3pez Bonilla <\/strong>acompa\u00f1ado de su esposa, <strong>Juan Arellano Moreno, Isabel Mart\u00ednez Ferragut, Miguel \u00c1ngel Arellano Mart\u00ednez, Francisca Ferragut, Joaquina Le\u00f3n, Josefina Castillo, Pep Ramis, <\/strong>etc\u2026<\/p>\n<p style=\"text-align: justify;\">\u00a0\u00a0\u00a0\u00a0\u00a0\u00a0\u00a0\u00a0\u00a0\u00a0\u00a0 Esperamos con ansiedad, el pr\u00f3ximo libro de nuestro querido amigo Marcelino, que seg\u00fan nos comunic\u00f3, ser\u00e1 de relatos.<\/p>\n<p>\u00a0<a href=\"http:\/\/granadacosta.es\/wp-content\/uploads\/2015\/05\/DOC080515-2.jpg\"><img decoding=\"async\" loading=\"lazy\" class=\"aligncenter size-large wp-image-1337\" src=\"http:\/\/granadacosta.es\/wp-content\/uploads\/2015\/05\/DOC080515-2-685x1024.jpg\" alt=\"DOC080515 - 2\" width=\"685\" height=\"1024\" \/><\/a><\/p>\n<p style=\"text-align: center;\">Miguel \u00c1ngel Arellano Mart\u00ednez.<\/p>\n<p>Paqui Cano<\/p>\n<p>Sa Torre\u00a0 (Mallorca)<\/p>\n","protected":false},"excerpt":{"rendered":"<p>Como ya va siendo costumbre, cada a\u00f1o por estas fechas, nuestro compa\u00f1ero de la Fundaci\u00f3n Granada Costa ha presentado un&hellip;<\/p>\n","protected":false},"author":2,"featured_media":1335,"comment_status":"open","ping_status":"open","sticky":false,"template":"","format":"standard","meta":{"om_disable_all_campaigns":false,"_mi_skip_tracking":false,"_monsterinsights_sitenote_active":false,"_monsterinsights_sitenote_note":"","_monsterinsights_sitenote_category":0,"footnotes":""},"categories":[21,22],"tags":[],"aioseo_notices":[],"_links":{"self":[{"href":"https:\/\/granadacostaglobal.es\/index.php?rest_route=\/wp\/v2\/posts\/1334"}],"collection":[{"href":"https:\/\/granadacostaglobal.es\/index.php?rest_route=\/wp\/v2\/posts"}],"about":[{"href":"https:\/\/granadacostaglobal.es\/index.php?rest_route=\/wp\/v2\/types\/post"}],"author":[{"embeddable":true,"href":"https:\/\/granadacostaglobal.es\/index.php?rest_route=\/wp\/v2\/users\/2"}],"replies":[{"embeddable":true,"href":"https:\/\/granadacostaglobal.es\/index.php?rest_route=%2Fwp%2Fv2%2Fcomments&post=1334"}],"version-history":[{"count":0,"href":"https:\/\/granadacostaglobal.es\/index.php?rest_route=\/wp\/v2\/posts\/1334\/revisions"}],"wp:featuredmedia":[{"embeddable":true,"href":"https:\/\/granadacostaglobal.es\/index.php?rest_route=\/"}],"wp:attachment":[{"href":"https:\/\/granadacostaglobal.es\/index.php?rest_route=%2Fwp%2Fv2%2Fmedia&parent=1334"}],"wp:term":[{"taxonomy":"category","embeddable":true,"href":"https:\/\/granadacostaglobal.es\/index.php?rest_route=%2Fwp%2Fv2%2Fcategories&post=1334"},{"taxonomy":"post_tag","embeddable":true,"href":"https:\/\/granadacostaglobal.es\/index.php?rest_route=%2Fwp%2Fv2%2Ftags&post=1334"}],"curies":[{"name":"wp","href":"https:\/\/api.w.org\/{rel}","templated":true}]}}