{"id":13285,"date":"2017-06-28T15:55:57","date_gmt":"2017-06-28T15:55:57","guid":{"rendered":"http:\/\/granadacostanacional.es\/?p=13285"},"modified":"2017-06-28T15:55:57","modified_gmt":"2017-06-28T15:55:57","slug":"el-festival-internacional-de-cartago-celebra-su-53a-edicion","status":"publish","type":"post","link":"https:\/\/granadacostaglobal.es\/?p=13285","title":{"rendered":"EL FESTIVAL INTERNACIONAL DE CARTAGO CELEBRA SU 53\u00aa EDICI\u00d3N"},"content":{"rendered":"<p style=\"text-align: justify;\"><strong><em>Madrid, 28 de junio de 2017<\/em><\/strong><strong>-.<\/strong> El prestigioso Festival Internacional de Cartago regresa a T\u00fanez para celebrar su 53\u00aa edici\u00f3n, que tendr\u00e1 lugar este a\u00f1o del 13 de julio al 19 de agosto con un completo programa de espect\u00e1culos de m\u00fasica, baile y teatro que combina tradici\u00f3n y modernidad.<\/p>\n<p style=\"text-align: justify;\"><a href=\"http:\/\/granadacostanacional.es\/wp-content\/uploads\/2017\/06\/Cartel-Festival-Internacional-de-Cartago.jpg\"><img decoding=\"async\" loading=\"lazy\" class=\"aligncenter size-full wp-image-13289\" src=\"http:\/\/granadacostanacional.es\/wp-content\/uploads\/2017\/06\/Cartel-Festival-Internacional-de-Cartago.jpg\" alt=\"Cartel Festival Internacional de Cartago\" width=\"667\" height=\"960\" \/><\/a><\/p>\n<p style=\"text-align: justify;\">Los escenarios protagonistas elegidos son tres emplazamientos emblem\u00e1ticos de la hist\u00f3rica ciudad de Cartago: el teatro romano \u2013con capacidad para 7.500 personas\u2013, la Catedral de San Luis \u2013o Acropolium\u2013 y el Museo de Cartago. Como novedad, el espacio Cinevog, ubicado en el Centro Cultural Mad&#8217;art Cartago, ofrecer\u00e1 talleres para ni\u00f1os y j\u00f3venes amantes del teatro y de la m\u00fasica.<\/p>\n<p style=\"text-align: justify;\">Artistas nacionales e internacionales se dar\u00e1n cita en la ciudad durante estas cinco semanas, con rostros muy conocidos como los tunecinos Sofia Sadek, Walid Tounsi y Morthada, entre muchos otros. El pistoletazo de salida ir\u00e1 de la mano de \u201cFen Tounes\u201d, espect\u00e1culo concebido y dirigido por Chadi Garfi, que reunir\u00e1 a numerosos talentos del pa\u00eds en el teatro, como Aden Chaouachi, Soulef Mohamed Jebali, Asma Ben Ahmed Noureddine El Beji, Kacem Kefi, Rachid El Mejri, Rihab El Seghia y Mongia El Sfaxi. Adem\u00e1s, estar\u00e1n acompa\u00f1ados por la Orquesta y Coro de la Filarm\u00f3nica.<\/p>\n<p style=\"text-align: justify;\"><a href=\"http:\/\/granadacostanacional.es\/wp-content\/uploads\/2017\/06\/Fen-Tounes.jpg\"><img decoding=\"async\" loading=\"lazy\" class=\"aligncenter size-full wp-image-13286\" src=\"http:\/\/granadacostanacional.es\/wp-content\/uploads\/2017\/06\/Fen-Tounes.jpg\" alt=\"Fen Tounes\" width=\"721\" height=\"479\" \/><\/a><\/p>\n<p style=\"text-align: justify;\">La mezcla de culturas de todo el mundo forma parte de la identidad del festival, donde debutar\u00e1n importantes grupos internacionales como la banda de swing y jazz neoyorkina Postmodern Jukebox; el compositor contempor\u00e1neo Zucchero, procedente de Italia; la famosa estrella de m\u00fasica pop libanesa Nancy Ajram, que ya ha participado en ediciones anteriores; o la conocida cantante libanesa Nassif Zeytoun.<\/p>\n<p style=\"text-align: justify;\"><a href=\"http:\/\/granadacostanacional.es\/wp-content\/uploads\/2017\/06\/Sofia-Sadek.jpg\"><img decoding=\"async\" loading=\"lazy\" class=\"aligncenter size-full wp-image-13287\" src=\"http:\/\/granadacostanacional.es\/wp-content\/uploads\/2017\/06\/Sofia-Sadek.jpg\" alt=\"Sofia Sadek\" width=\"646\" height=\"429\" \/><\/a><\/p>\n<p style=\"text-align: justify;\">El teatro y la danza son otras manifestaciones art\u00edsticas presentes en esta cita. Destaca la comedia musical \u201cLa Reina de las Nieves\u201d, dirigida tanto a ni\u00f1os como a adultos. Por su parte, la programaci\u00f3n de agosto se abre con \u201cArgentina tango\u201d, un espect\u00e1culo que re\u00fane a cantantes, int\u00e9rpretes y bailarines para rendir homenaje a los compositores y poetas m\u00e1s trascendentales de Argentina.<\/p>\n<p style=\"text-align: justify;\"><a href=\"http:\/\/granadacostanacional.es\/wp-content\/uploads\/2017\/06\/Teatro-romano-de-Cartago.jpg\"><img decoding=\"async\" loading=\"lazy\" class=\"aligncenter size-full wp-image-13288\" src=\"http:\/\/granadacostanacional.es\/wp-content\/uploads\/2017\/06\/Teatro-romano-de-Cartago.jpg\" alt=\"Teatro romano de Cartago\" width=\"1012\" height=\"635\" \/><\/a><\/p>\n<p style=\"text-align: justify;\">El <a href=\"http:\/\/www.festivaldecarthage.tn\/\">Festival Internacional de Cartago<\/a> despedir\u00e1 su 53\u00aa edici\u00f3n con la representaci\u00f3n teatral \u201cBharati 2 &#8211; Dans le palais des illusions\u201d, en el que solistas, m\u00fasicos y acr\u00f3batas recrear\u00e1n una historia de amor a trav\u00e9s de una inusual coreograf\u00eda.<\/p>\n","protected":false},"excerpt":{"rendered":"<p>Madrid, 28 de junio de 2017-. El prestigioso Festival Internacional de Cartago regresa a T\u00fanez para celebrar su 53\u00aa edici\u00f3n,&hellip;<\/p>\n","protected":false},"author":2,"featured_media":13290,"comment_status":"open","ping_status":"open","sticky":false,"template":"","format":"standard","meta":{"om_disable_all_campaigns":false,"_mi_skip_tracking":false,"_monsterinsights_sitenote_active":false,"_monsterinsights_sitenote_note":"","_monsterinsights_sitenote_category":0,"footnotes":""},"categories":[21,22],"tags":[],"aioseo_notices":[],"_links":{"self":[{"href":"https:\/\/granadacostaglobal.es\/index.php?rest_route=\/wp\/v2\/posts\/13285"}],"collection":[{"href":"https:\/\/granadacostaglobal.es\/index.php?rest_route=\/wp\/v2\/posts"}],"about":[{"href":"https:\/\/granadacostaglobal.es\/index.php?rest_route=\/wp\/v2\/types\/post"}],"author":[{"embeddable":true,"href":"https:\/\/granadacostaglobal.es\/index.php?rest_route=\/wp\/v2\/users\/2"}],"replies":[{"embeddable":true,"href":"https:\/\/granadacostaglobal.es\/index.php?rest_route=%2Fwp%2Fv2%2Fcomments&post=13285"}],"version-history":[{"count":0,"href":"https:\/\/granadacostaglobal.es\/index.php?rest_route=\/wp\/v2\/posts\/13285\/revisions"}],"wp:featuredmedia":[{"embeddable":true,"href":"https:\/\/granadacostaglobal.es\/index.php?rest_route=\/"}],"wp:attachment":[{"href":"https:\/\/granadacostaglobal.es\/index.php?rest_route=%2Fwp%2Fv2%2Fmedia&parent=13285"}],"wp:term":[{"taxonomy":"category","embeddable":true,"href":"https:\/\/granadacostaglobal.es\/index.php?rest_route=%2Fwp%2Fv2%2Fcategories&post=13285"},{"taxonomy":"post_tag","embeddable":true,"href":"https:\/\/granadacostaglobal.es\/index.php?rest_route=%2Fwp%2Fv2%2Ftags&post=13285"}],"curies":[{"name":"wp","href":"https:\/\/api.w.org\/{rel}","templated":true}]}}