{"id":13281,"date":"2017-06-28T15:44:10","date_gmt":"2017-06-28T15:44:10","guid":{"rendered":"http:\/\/granadacostanacional.es\/?p=13281"},"modified":"2017-06-28T15:44:10","modified_gmt":"2017-06-28T15:44:10","slug":"los-medios-de-comunicacion-invitados-a-participar-en-la-iii-edicion-de-los-premios-supercuidadores","status":"publish","type":"post","link":"https:\/\/granadacostaglobal.es\/?p=13281","title":{"rendered":"Los medios de comunicaci\u00f3n, invitados a participar en la III edici\u00f3n de los Premios SUPERCUIDADORES"},"content":{"rendered":"<p style=\"text-align: justify;\"><em>En la imagen, los responsables de los medios de comunicaci\u00f3n premiados junto a los miembros de la mesa presidencial.<\/em><\/p>\n<ul style=\"text-align: justify;\">\n<li><em>Podr\u00e1n participar todas los medios de comunicaci\u00f3n y especialmente los enfocados en Salud, Asistencia Social, RSC y colectivos vulnerables<\/em><\/li>\n<\/ul>\n<p style=\"text-align: justify;\"><strong><em>Madrid, 28 de junio de 2017<\/em><\/strong><\/p>\n<p style=\"text-align: justify;\"><strong>\u00a0<\/strong><\/p>\n<p style=\"text-align: justify;\">Este a\u00f1o se celebra la <a href=\"http:\/\/cuidadores.unir.net\/informacion\/premios\"><strong>III edici\u00f3n de los Premios SUPERCUIDADORES<\/strong><\/a>, con el objetivo de <strong>reconocer la labor <\/strong>de aquellos <strong>medios de comunicaci\u00f3n<\/strong> que impulsen medidas y acciones comunicativas dirigidas a <strong>dar voz a la figura del cuidador<\/strong>, de las personas en situaci\u00f3n de dependencia y\/o discapacidad, as\u00ed como a la difusi\u00f3n de las pol\u00edticas de Responsabilidad Social.<\/p>\n<p style=\"text-align: justify;\">Estas acciones y medidas pueden ser de diversos tipos. Desde un <strong>espacio espec\u00edfico<\/strong> para el cuidado de la salud, para asociaciones de pacientes, personas mayores, personas en situaci\u00f3n de discapacidad y\/o dependencia u otros colectivos vulnerables, hasta la <strong>comunicaci\u00f3n de pol\u00edticas de Responsabilidad Social en las empresas<\/strong>. Podr\u00e1n participar todos los medios de comunicaci\u00f3n que quieran, siempre y cuando est\u00e9n en espa\u00f1ol.<\/p>\n<p style=\"text-align: justify;\">Los <strong>candidatos<\/strong><a href=\"http:\/\/cuidadores.unir.net\/informacion\/premios-supercuidadores-2016\/enviar-candidatura-premios-supercuidadores-2016\"><strong> podr\u00e1n inscribirse de manera directa<\/strong><\/a> o <strong>por medio de cualquier otra persona f\u00edsica o jur\u00eddica<\/strong> <strong>hasta el 30 de julio de 2017<\/strong>. En la <strong>categor\u00eda de \u201cMedios de Comunicaci\u00f3n\u201d <\/strong>habr\u00e1 un<strong> ganador y dos acc\u00e9sits<\/strong>. Los ganadores recibir\u00e1n un <strong>galard\u00f3n <\/strong>realizado por una asociaci\u00f3n de personas en situaci\u00f3n de discapacidad o diversidad funcional, un <strong>diploma acreditativo<\/strong> y un <strong>reportaje escrito<\/strong> sobre sus acciones. Los acc\u00e9sit recibir\u00e1n un diploma acreditativo.<\/p>\n<p style=\"text-align: justify;\">Los premios se fallar\u00e1n antes del 15 de septiembre y ser\u00e1n comunicados y entregados en un acto que tendr\u00e1 lugar en Madrid el 28 de septiembre.<\/p>\n<p style=\"text-align: justify;\">El jurado de los Premios SUPERCUIDADORES <strong>estar\u00e1 formado por representantes cualificados del \u00e1mbito de la salud y sociosanitario<\/strong>, as\u00ed como por las empresas <strong>patrocinadoras<\/strong> y\/o <strong>colaboradoras<\/strong> de los premios.<\/p>\n<p style=\"text-align: justify;\">Aquellos medios de comunicaci\u00f3n que quieran participar como <strong>entidad colaboradora<\/strong> lo podr\u00e1n hacer de <strong>manera gratuita<\/strong>. S\u00f3lo tendr\u00e1n que poner un <strong>banner<\/strong> de los <strong>Premios SUPERCUIDADORES<\/strong> en su p\u00e1gina web. De esta manera, <strong>dar\u00e1n a conocer estos galardones a las personas que leen, escuchan o ven su medio<\/strong>, los cuales podr\u00e1n participar en las categor\u00edas de cuidador profesional y cuidador familiar, con premios en ambas categor\u00edas de hasta <strong>1.000\u20ac<\/strong>.<\/p>\n<p style=\"text-align: justify;\">A cambio de esta ayuda en la difusi\u00f3n, <strong>en SUPER Cuidadores incluir\u00eda el logo de la entidad colaboradora en la campa\u00f1a de difusi\u00f3n de los premios. <\/strong>Es decir, tanto en la p\u00e1gina web como en la carteler\u00eda impresa, as\u00ed como en el acto de entrega de los galardones<strong>, <\/strong>aumentando la <strong>RSC y visibilidad del medio de comunicaci\u00f3n.<\/strong><\/p>\n<p style=\"text-align: justify;\">En la <strong>II Edici\u00f3n de los Premios SUPERCUIDADORES<\/strong>, el <strong>primer premio <\/strong>en la categor\u00eda de medios de comunicaci\u00f3n <a href=\"http:\/\/cuidadores.unir.net\/images\/pdf\/Dossier_Premios_Supercuidadores_2015.pdf\"><strong>se lo llev\u00f3<\/strong><\/a><strong> la candidatura conjunta de Gestiona Radio y Down Madrid, <\/strong>siendo el primer y segundo acc\u00e9sit para <strong>ABC Familia<\/strong> y <strong>Balance Sociosanitario<\/strong>, respectivamente.<\/p>\n<p style=\"text-align: justify;\">\n<p style=\"text-align: justify;\">\n<p style=\"text-align: justify;\">(*) <a href=\"http:\/\/cuidadores.unir.net\/\">SUPER CUIDADORES<\/a>, entidad impulsada por la Universidad Internacional de la Rioja (UNIR) tiene entre sus objetivos principales la prestaci\u00f3n de servicios dirigidos a los colectivos de la familia, cuidadores familiares y profesionales, personas que sufran alg\u00fan tipo de enfermedad, personas mayores, o que se encuentren en situaci\u00f3n de Discapacidad y\/o Dependencia. SUPER Cuidadores es la empresa de referencia en formaci\u00f3n sociosanitaria, acreditada por el SEPE (Ministerio de Empleo), con m\u00e1s de 200 cursos disponibles en su cat\u00e1logo formativo. Adem\u00e1s, ofrece informaci\u00f3n especializada, un consultorio o servicio de asistencia online, la prestaci\u00f3n de un recomendador de productos, servicios y aplicaciones m\u00f3viles de inter\u00e9s para los colectivos a los que se dirige, as\u00ed como la gesti\u00f3n de una bolsa de empleo para facilitar a las familias, empresas e instituciones cuidadores profesionales debidamente formados. SUPER Cuidadores ofrece tambi\u00e9n servicios de asistencia a empresas, asociaciones y todo tipo de colectivos.<\/p>\n","protected":false},"excerpt":{"rendered":"<p>En la imagen, los responsables de los medios de comunicaci\u00f3n premiados junto a los miembros de la mesa presidencial. Podr\u00e1n&hellip;<\/p>\n","protected":false},"author":2,"featured_media":13282,"comment_status":"open","ping_status":"open","sticky":false,"template":"","format":"standard","meta":{"om_disable_all_campaigns":false,"_mi_skip_tracking":false,"_monsterinsights_sitenote_active":false,"_monsterinsights_sitenote_note":"","_monsterinsights_sitenote_category":0,"footnotes":""},"categories":[22],"tags":[],"aioseo_notices":[],"_links":{"self":[{"href":"https:\/\/granadacostaglobal.es\/index.php?rest_route=\/wp\/v2\/posts\/13281"}],"collection":[{"href":"https:\/\/granadacostaglobal.es\/index.php?rest_route=\/wp\/v2\/posts"}],"about":[{"href":"https:\/\/granadacostaglobal.es\/index.php?rest_route=\/wp\/v2\/types\/post"}],"author":[{"embeddable":true,"href":"https:\/\/granadacostaglobal.es\/index.php?rest_route=\/wp\/v2\/users\/2"}],"replies":[{"embeddable":true,"href":"https:\/\/granadacostaglobal.es\/index.php?rest_route=%2Fwp%2Fv2%2Fcomments&post=13281"}],"version-history":[{"count":0,"href":"https:\/\/granadacostaglobal.es\/index.php?rest_route=\/wp\/v2\/posts\/13281\/revisions"}],"wp:featuredmedia":[{"embeddable":true,"href":"https:\/\/granadacostaglobal.es\/index.php?rest_route=\/"}],"wp:attachment":[{"href":"https:\/\/granadacostaglobal.es\/index.php?rest_route=%2Fwp%2Fv2%2Fmedia&parent=13281"}],"wp:term":[{"taxonomy":"category","embeddable":true,"href":"https:\/\/granadacostaglobal.es\/index.php?rest_route=%2Fwp%2Fv2%2Fcategories&post=13281"},{"taxonomy":"post_tag","embeddable":true,"href":"https:\/\/granadacostaglobal.es\/index.php?rest_route=%2Fwp%2Fv2%2Ftags&post=13281"}],"curies":[{"name":"wp","href":"https:\/\/api.w.org\/{rel}","templated":true}]}}