{"id":13272,"date":"2017-06-27T16:32:15","date_gmt":"2017-06-27T16:32:15","guid":{"rendered":"http:\/\/granadacostanacional.es\/?p=13272"},"modified":"2017-06-27T16:32:15","modified_gmt":"2017-06-27T16:32:15","slug":"el-presidente-de-la-mancomunidad-visita-las-obras-de-mejoras-en-las-infraestructuras-hidraulicas-de-los-municipios-de-molvizar-itrabo-y-lentegi","status":"publish","type":"post","link":"https:\/\/granadacostaglobal.es\/?p=13272","title":{"rendered":"El Presidente de la Mancomunidad visita las obras de mejoras en las infraestructuras hidr\u00e1ulicas de los municipios de Molv\u00edzar, \u00cdtrabo y Lenteg\u00ed."},"content":{"rendered":"<p style=\"text-align: justify;\"><em>Las obras, junto con otra veintena de proyectos para toda la comarca que suman un total de casi 8 millones de euros con cargo al canon de mejora y concesional para 2017, pretenden dar respuesta a las deficiencias en la red hidr\u00e1ulica de estos municipios.<\/em><\/p>\n<p style=\"text-align: justify;\">\u201cComo venimos haciendo en diferentes municipios de la Costa Tropical, tambi\u00e9n en estos tres municipios, Molv\u00edzar, Lenteg\u00ed e \u00cdtrabo, vamos a llevar a cabo obras de mejora y renovaci\u00f3n de las redes de abastecimiento, saneamiento y pluviales. Nuestro objetivo es que la totalidad de la comarca cuente con una red hidr\u00e1ulica en \u00f3ptimas condiciones\u201d. De esta manera comenzar\u00eda su argumentaci\u00f3n Sergio Garc\u00eda Alabarce.<\/p>\n<p style=\"text-align: justify;\">\u201cEn el caso de Molv\u00edzar, se va a proceder a hacer una ampliaci\u00f3n, mejora, modernizaci\u00f3n y refuerzo de la infraestructura hidr\u00e1ulica a su paso por la Avenida \u00cdtrabo. Los t\u00e9cnicos pudieron comprobar que el saneamiento y abastecimiento en esta zona hab\u00eda quedado completamente obsoleto y adem\u00e1s padec\u00eda de aver\u00edas, roturas y filtraciones por lo que una actuaci\u00f3n inminente era necesaria. Las obras que se van a acometer cuentan con un presupuesto de casi 225.000 euros y se prev\u00e9 que en tres meses y medio est\u00e9n listas para el disfrute de los molvice\u00f1os y molvice\u00f1as\u201d explico Garc\u00eda Alabarce.<\/p>\n<p style=\"text-align: justify;\">Seg\u00fan se\u00f1alan desde la Mancomunidad de Municipios de la Costa Tropical, en Lenteg\u00ed se va a llevar a cabo la finalizaci\u00f3n de la renovaci\u00f3n del colector general de saneamiento. \u201cEl colector se encuentra en un estado bastante deteriorado y por ello se hace necesaria su renovaci\u00f3n para evitar filtraciones y darle continuidad en todo el trazado. De esta manera se actuar\u00e1 mejorando las redes de saneamiento y abastecimiento a la altura de la carretera GR-430. Estas obras cuentan con un presupuesto de m\u00e1s de 67.000 euros y tenemos previsto que en dos meses se encuentren finalizadas\u201d.<\/p>\n<p style=\"text-align: justify;\"><a href=\"http:\/\/granadacostanacional.es\/wp-content\/uploads\/2017\/06\/lentegi.png\"><img decoding=\"async\" loading=\"lazy\" class=\"aligncenter size-full wp-image-13275\" src=\"http:\/\/granadacostanacional.es\/wp-content\/uploads\/2017\/06\/lentegi.png\" alt=\"lentegi\" width=\"640\" height=\"480\" \/><\/a><\/p>\n<p style=\"text-align: justify;\">\u201cPara \u00cdtrabo se est\u00e1 haciendo una inversi\u00f3n de m\u00e1s de 215.000 euros para realizar la mejora y renovaci\u00f3n de las redes de saneamiento, abastecimiento y pavimentaci\u00f3n de las calles Barrera y Mariana Pineda. En esta parte del casco urbano las redes estaban en muy mal estado como consecuencia del paso del tiempo y era urgente llevar a cabo estas actuaciones. La obra se realizara en una sola fase y prevemos que en seis meses est\u00e9n terminadas\u201d expuso el Presidente del ente mancomunado.<\/p>\n<p style=\"text-align: justify;\"><a href=\"http:\/\/granadacostanacional.es\/wp-content\/uploads\/2017\/06\/itrabo.jpg\"><img decoding=\"async\" loading=\"lazy\" class=\"aligncenter size-full wp-image-13273\" src=\"http:\/\/granadacostanacional.es\/wp-content\/uploads\/2017\/06\/itrabo.jpg\" alt=\"itrabo\" width=\"640\" height=\"480\" \/><\/a> <a href=\"http:\/\/granadacostanacional.es\/wp-content\/uploads\/2017\/06\/itrabo1.jpg\"><img decoding=\"async\" loading=\"lazy\" class=\"aligncenter size-large wp-image-13274\" src=\"http:\/\/granadacostanacional.es\/wp-content\/uploads\/2017\/06\/itrabo1.jpg\" alt=\"itrabo1\" width=\"640\" height=\"480\" \/><\/a><\/p>\n<p style=\"text-align: justify;\">Ya para concluir, Garc\u00eda Alabarce quiso pedir disculpas a los vecinos por las molestias que puedan causar las obras. \u201cSabemos que cualquier obra genera molestias. Se est\u00e1 trabajando para mejorar el bienestar de los vecinos y vecinas y seguros estamos de que cuando finalicen las obras, todos y todas nos alegraremos por el resultado puesto que los problemas que ven\u00edan d\u00e1ndose desde hace much\u00edsimos a\u00f1os, habr\u00e1n sido solucionados&#8221;.<\/p>\n","protected":false},"excerpt":{"rendered":"<p>Las obras, junto con otra veintena de proyectos para toda la comarca que suman un total de casi 8 millones&hellip;<\/p>\n","protected":false},"author":2,"featured_media":13276,"comment_status":"open","ping_status":"open","sticky":false,"template":"","format":"standard","meta":{"om_disable_all_campaigns":false,"_mi_skip_tracking":false,"_monsterinsights_sitenote_active":false,"_monsterinsights_sitenote_note":"","_monsterinsights_sitenote_category":0,"footnotes":""},"categories":[22],"tags":[],"aioseo_notices":[],"_links":{"self":[{"href":"https:\/\/granadacostaglobal.es\/index.php?rest_route=\/wp\/v2\/posts\/13272"}],"collection":[{"href":"https:\/\/granadacostaglobal.es\/index.php?rest_route=\/wp\/v2\/posts"}],"about":[{"href":"https:\/\/granadacostaglobal.es\/index.php?rest_route=\/wp\/v2\/types\/post"}],"author":[{"embeddable":true,"href":"https:\/\/granadacostaglobal.es\/index.php?rest_route=\/wp\/v2\/users\/2"}],"replies":[{"embeddable":true,"href":"https:\/\/granadacostaglobal.es\/index.php?rest_route=%2Fwp%2Fv2%2Fcomments&post=13272"}],"version-history":[{"count":0,"href":"https:\/\/granadacostaglobal.es\/index.php?rest_route=\/wp\/v2\/posts\/13272\/revisions"}],"wp:featuredmedia":[{"embeddable":true,"href":"https:\/\/granadacostaglobal.es\/index.php?rest_route=\/"}],"wp:attachment":[{"href":"https:\/\/granadacostaglobal.es\/index.php?rest_route=%2Fwp%2Fv2%2Fmedia&parent=13272"}],"wp:term":[{"taxonomy":"category","embeddable":true,"href":"https:\/\/granadacostaglobal.es\/index.php?rest_route=%2Fwp%2Fv2%2Fcategories&post=13272"},{"taxonomy":"post_tag","embeddable":true,"href":"https:\/\/granadacostaglobal.es\/index.php?rest_route=%2Fwp%2Fv2%2Ftags&post=13272"}],"curies":[{"name":"wp","href":"https:\/\/api.w.org\/{rel}","templated":true}]}}