{"id":13261,"date":"2017-06-27T16:22:52","date_gmt":"2017-06-27T16:22:52","guid":{"rendered":"http:\/\/granadacostanacional.es\/?p=13261"},"modified":"2017-06-27T16:22:52","modified_gmt":"2017-06-27T16:22:52","slug":"ciudadanos-pide-al-gobierno-informacion-sobre-las-actuaciones-llevadas-a-cabo-en-granada-dentro-de-la-estrategia-global-nacional-de-lucha-contra-el-cambio-climatico","status":"publish","type":"post","link":"https:\/\/granadacostaglobal.es\/?p=13261","title":{"rendered":"Ciudadanos pide al Gobierno informaci\u00f3n sobre las actuaciones llevadas a cabo en Granada dentro de la estrategia global nacional de lucha contra el cambio clim\u00e1tico"},"content":{"rendered":"<h2 style=\"text-align: justify;\"><strong>\u201cNos encontramos ante uno de los principales retos ambientales a los que debe hacer frente esta sociedad y cuyo mayor impacto lo sufrir\u00e1n con m\u00e1s intensidad las futuras generaciones\u201d<\/strong>, asegura el diputado granadino Luis Salvador<\/h2>\n<p style=\"text-align: justify;\">\n<p style=\"text-align: justify;\"><strong>Congreso de los Diputados, martes 27 de junio de 2017.\u00a0<\/strong>El diputado granadino del Grupo Parlamentario Ciudadanos (GPCs) en el Congreso de los Diputados, Luis Salvador, ha reivindicado al Ministerio de Agricultura, Alimentaci\u00f3n y Medio Ambiente informaci\u00f3n sobre las medidas espec\u00edficas que est\u00e1 impulsando para la provincia de Granada basadas en la Estrategia Espa\u00f1ola de Cambio Clim\u00e1tico y Energ\u00eda Limpia, as\u00ed como el grado de cumplimiento en el que se encuentran todas ellas.<\/p>\n<p style=\"text-align: justify;\">As\u00ed lo ha demandado Salvador a trav\u00e9s de una pregunta escrita que ha elevado a las Cortes y que evidencia la amenaza que est\u00e1 suponiendo ya el cambio clim\u00e1tico para un desarrollo sostenible. <strong>\u201cNos encontramos ante uno de los principales retos ambientales a los que debe hacer frente esta sociedad y que tiene, adem\u00e1s, efectos sobre la econom\u00eda global, la salud y el bienestar social\u201d<\/strong>, ha valorado el diputado, quien ha resaltado que <strong>\u201clos grandes impactos de este cambio clim\u00e1tico los sufrir\u00e1n a\u00fan con mayor intensidad las futuras generaciones\u201d<\/strong>.<\/p>\n<p style=\"text-align: justify;\">Salvador ha explicado que Espa\u00f1a, por su situaci\u00f3n geogr\u00e1fica y sus caracter\u00edsticas socioecon\u00f3micas, es un <strong>\u201cpa\u00eds vulnerable al cambio clim\u00e1tico\u201d<\/strong>, tal y como se viene poniendo de manifiesto en las evaluaciones e investigaciones m\u00e1s recientes. En este sentido, problemas ambientales graves como la disminuci\u00f3n de los recursos h\u00eddricos y la regresi\u00f3n de la costa, las p\u00e9rdidas de la biodiversidad biol\u00f3gica y ecosistemas naturales y los aumentos en los procesos de erosi\u00f3n del suelo se est\u00e1n viendo reforzados en los \u00faltimos tiempos por los efectos negativos de <strong>\u201cun cambio clim\u00e1tico que tambi\u00e9n va a provocar serias consecuencias en los sectores econ\u00f3micos\u201d<\/strong>.<\/p>\n<p style=\"text-align: justify;\">Con una vigencia de hasta el a\u00f1o 2020, la Estrategia Espa\u00f1ola de Cambio Clim\u00e1tico y Energ\u00eda Limpia fue puesta en marcha por el Gobierno a trav\u00e9s del Ministerio de Agricultura, Alimentaci\u00f3n y Medio Ambiente con el objetivo de hacer frente al impacto negativo del cambio clim\u00e1tico en todo el pa\u00eds mediante propuestas concretas de actuaci\u00f3n en diferentes niveles.<\/p>\n<p style=\"text-align: justify;\">En concreto, Salvador ha querido incidir en la situaci\u00f3n de la provincia de Granada en relaci\u00f3n a esta estrategia nacional y en la forma en la que est\u00e1 sufriendo unas condiciones clim\u00e1ticas cada vez m\u00e1s adversas, especialmente durante <strong>\u201cun verano marcado por las altas temperaturas y las nulas precipitaciones\u201d<\/strong> y que est\u00e1n trayendo consigo relevantes efectos negativos en la calidad de vida de los ciudadanos.<\/p>\n","protected":false},"excerpt":{"rendered":"<p>\u201cNos encontramos ante uno de los principales retos ambientales a los que debe hacer frente esta sociedad y cuyo mayor&hellip;<\/p>\n","protected":false},"author":2,"featured_media":13262,"comment_status":"open","ping_status":"open","sticky":false,"template":"","format":"standard","meta":{"om_disable_all_campaigns":false,"_mi_skip_tracking":false,"_monsterinsights_sitenote_active":false,"_monsterinsights_sitenote_note":"","_monsterinsights_sitenote_category":0,"footnotes":""},"categories":[22],"tags":[],"aioseo_notices":[],"_links":{"self":[{"href":"https:\/\/granadacostaglobal.es\/index.php?rest_route=\/wp\/v2\/posts\/13261"}],"collection":[{"href":"https:\/\/granadacostaglobal.es\/index.php?rest_route=\/wp\/v2\/posts"}],"about":[{"href":"https:\/\/granadacostaglobal.es\/index.php?rest_route=\/wp\/v2\/types\/post"}],"author":[{"embeddable":true,"href":"https:\/\/granadacostaglobal.es\/index.php?rest_route=\/wp\/v2\/users\/2"}],"replies":[{"embeddable":true,"href":"https:\/\/granadacostaglobal.es\/index.php?rest_route=%2Fwp%2Fv2%2Fcomments&post=13261"}],"version-history":[{"count":0,"href":"https:\/\/granadacostaglobal.es\/index.php?rest_route=\/wp\/v2\/posts\/13261\/revisions"}],"wp:featuredmedia":[{"embeddable":true,"href":"https:\/\/granadacostaglobal.es\/index.php?rest_route=\/"}],"wp:attachment":[{"href":"https:\/\/granadacostaglobal.es\/index.php?rest_route=%2Fwp%2Fv2%2Fmedia&parent=13261"}],"wp:term":[{"taxonomy":"category","embeddable":true,"href":"https:\/\/granadacostaglobal.es\/index.php?rest_route=%2Fwp%2Fv2%2Fcategories&post=13261"},{"taxonomy":"post_tag","embeddable":true,"href":"https:\/\/granadacostaglobal.es\/index.php?rest_route=%2Fwp%2Fv2%2Ftags&post=13261"}],"curies":[{"name":"wp","href":"https:\/\/api.w.org\/{rel}","templated":true}]}}