{"id":13213,"date":"2017-06-26T14:47:13","date_gmt":"2017-06-26T14:47:13","guid":{"rendered":"http:\/\/granadacostanacional.es\/?p=13213"},"modified":"2017-06-26T14:47:13","modified_gmt":"2017-06-26T14:47:13","slug":"la-cantaora-sanluquena-laura-vital-actuara-el-14-de-julio-de-2017-en-la-ix-edicion-de-los-patios-flamencos-de-motril","status":"publish","type":"post","link":"https:\/\/granadacostaglobal.es\/?p=13213","title":{"rendered":"La cantaora sanluque\u00f1a, laura vital, actuar\u00e1  el 14 de julio de 2017, en la  IX EDICI\u00d3N DE LOS PATIOS FLAMENCOS DE MOTRIL"},"content":{"rendered":"<h2 style=\"text-align: justify;\"><span style=\"font-family: 'Calibri',sans-serif; color: black;\">La cantaora sanluque\u00f1a, laura vital, actuar\u00e1 \u00a0el 14 de julio de 2017, en la \u00a0IX EDICI\u00d3N DE LOS PATIOS FLAMENCOS DE MOTRIL. El acto tendr\u00e1 lugar en la f\u00e1brica del Pilar, situada en la Azucarera de San Fernando , s\/n, Motril, (Granada). Acompa\u00f1ada de la guitarra del maestro Eduardo Rebollar.\u00a0<\/span><\/h2>\n<p style=\"text-align: justify;\"><span style=\"font-family: 'Calibri',sans-serif; color: black;\">La actuaci\u00f3n tendr\u00e1 un precio de 8 euros., siendo a las 22.00h.<\/span><\/p>\n<p style=\"text-align: justify;\"><span style=\"font-family: 'Calibri',sans-serif; color: black;\">\u00a0<\/span><span style=\"font-family: 'Calibri',sans-serif; color: black;\">Laura vital, naci\u00f3 en sanl\u00facar de bda. (C\u00e1diz). Debut\u00f3 en el espect\u00e1culo, &#8220;Flamencos y Toreros&#8221;. Dirigido por Eduardo Dominguez Lobato.\u00a0<\/span><\/p>\n<p style=\"text-align: justify;\"><span style=\"font-family: 'Calibri',sans-serif; color: black;\">\u00a0<\/span><span style=\"font-family: 'Calibri',sans-serif; color: black;\">En el a\u00f1o de 1994, saca al mercado su primer trabajo discogr\u00e1fico , titulado, &#8220;Cantando junto a la mar&#8221;.\u00a0<\/span><\/p>\n<p style=\"text-align: justify;\"><span style=\"font-family: 'Calibri',sans-serif; color: black;\">\u00a0<\/span><span style=\"font-family: 'Calibri',sans-serif; color: black;\">En el a\u00f1o 2000 , se alza con el Giraldillo de la IX Bienal internacional de flamenco de Sevilla.<\/span><\/p>\n<p style=\"text-align: justify;\"><a href=\"http:\/\/granadacostanacional.es\/wp-content\/uploads\/2017\/06\/IMG_20170611_181248.jpg\"><img decoding=\"async\" loading=\"lazy\" class=\"aligncenter size-full wp-image-13214\" src=\"http:\/\/granadacostanacional.es\/wp-content\/uploads\/2017\/06\/IMG_20170611_181248.jpg\" alt=\"IMG_20170611_181248\" width=\"917\" height=\"606\" \/><\/a><\/p>\n<p style=\"text-align: justify;\"><span style=\"font-family: 'Calibri',sans-serif; color: black;\">\u00a0<\/span><span style=\"font-family: 'Calibri',sans-serif; color: black;\">En el a\u00f1o 2005, actuar\u00eda en el teatro Real de Madrid. Junto artistas de la talla de Jorge pardo, y Enrique de Melchor. (Fallecido en 2012).<\/span><\/p>\n<p style=\"text-align: justify;\"><span style=\"font-family: 'Calibri',sans-serif; color: black;\">\u00a0<\/span><span style=\"font-family: 'Calibri',sans-serif; color: black;\">Actu\u00f3 en el espect\u00e1culo &#8220;A MIS SOLEDADES VOY&#8221;&#8230; Junto al maestro Jos\u00e9 Menese. (Fallecido en 2016).<\/span><\/p>\n<p style=\"text-align: justify;\"><span style=\"font-family: 'Calibri',sans-serif; color: black;\">\u00a0<\/span><span style=\"font-family: 'Calibri',sans-serif; color: black;\">En 2010. el ayto de sanl\u00faca de bda. le concede la medalla de la ciudad.<\/span><\/p>\n<p style=\"text-align: justify;\"><span style=\"font-family: 'Calibri',sans-serif; color: black;\">\u00a0<\/span><span style=\"font-family: 'Calibri',sans-serif; color: black;\">Sigue cosechando \u00e9xitos con su \u00faltimo trabajo discogr\u00e1fico , &#8220;TEJIENDO LUNAS&#8221;. (Galardonado como mejor disco revelaci\u00f3n por la cr\u00edtica nacional de flamenco en el a\u00f1o 2016). En los premios flamenco hoy.<\/span><\/p>\n<p style=\"text-align: justify;\"><span style=\"font-family: 'Calibri',sans-serif; color: black;\">\u00a0<\/span><span style=\"font-family: 'Calibri',sans-serif; color: black;\">Colabora habitualmente en el programa &#8220;EL P\u00daBLICO &#8221; de canal sur radio. que se emite los mi\u00e9rcoles a las 18.00h<\/span><\/p>\n<p style=\"text-align: justify;\"><span style=\"font-family: 'Calibri',sans-serif; color: black;\">\u00a0<\/span><span style=\"font-family: 'Calibri',sans-serif; color: black;\">En la actualidad est\u00e1 preparando la que ser\u00e1 su pr\u00f3xima producci\u00f3n, &#8220;DE BUENA RAMA&#8221;.<\/span><\/p>\n","protected":false},"excerpt":{"rendered":"<p>La cantaora sanluque\u00f1a, laura vital, actuar\u00e1 \u00a0el 14 de julio de 2017, en la \u00a0IX EDICI\u00d3N DE LOS PATIOS FLAMENCOS&hellip;<\/p>\n","protected":false},"author":2,"featured_media":13215,"comment_status":"open","ping_status":"open","sticky":false,"template":"","format":"standard","meta":{"om_disable_all_campaigns":false,"_mi_skip_tracking":false,"_monsterinsights_sitenote_active":false,"_monsterinsights_sitenote_note":"","_monsterinsights_sitenote_category":0,"footnotes":""},"categories":[21,22],"tags":[],"aioseo_notices":[],"_links":{"self":[{"href":"https:\/\/granadacostaglobal.es\/index.php?rest_route=\/wp\/v2\/posts\/13213"}],"collection":[{"href":"https:\/\/granadacostaglobal.es\/index.php?rest_route=\/wp\/v2\/posts"}],"about":[{"href":"https:\/\/granadacostaglobal.es\/index.php?rest_route=\/wp\/v2\/types\/post"}],"author":[{"embeddable":true,"href":"https:\/\/granadacostaglobal.es\/index.php?rest_route=\/wp\/v2\/users\/2"}],"replies":[{"embeddable":true,"href":"https:\/\/granadacostaglobal.es\/index.php?rest_route=%2Fwp%2Fv2%2Fcomments&post=13213"}],"version-history":[{"count":0,"href":"https:\/\/granadacostaglobal.es\/index.php?rest_route=\/wp\/v2\/posts\/13213\/revisions"}],"wp:featuredmedia":[{"embeddable":true,"href":"https:\/\/granadacostaglobal.es\/index.php?rest_route=\/"}],"wp:attachment":[{"href":"https:\/\/granadacostaglobal.es\/index.php?rest_route=%2Fwp%2Fv2%2Fmedia&parent=13213"}],"wp:term":[{"taxonomy":"category","embeddable":true,"href":"https:\/\/granadacostaglobal.es\/index.php?rest_route=%2Fwp%2Fv2%2Fcategories&post=13213"},{"taxonomy":"post_tag","embeddable":true,"href":"https:\/\/granadacostaglobal.es\/index.php?rest_route=%2Fwp%2Fv2%2Ftags&post=13213"}],"curies":[{"name":"wp","href":"https:\/\/api.w.org\/{rel}","templated":true}]}}