{"id":1317,"date":"2015-05-20T08:41:53","date_gmt":"2015-05-20T08:41:53","guid":{"rendered":"http:\/\/granadacosta.es\/?p=1317"},"modified":"2015-05-20T08:41:53","modified_gmt":"2015-05-20T08:41:53","slug":"se-presenta-el-cuento-de-la-dra-tony-castillo-mira-la-luna-desde-la-biblioteca-siendo-la-autora-elegida-para-realizar-el-encuentro-con-el-autor-en-ceuta","status":"publish","type":"post","link":"https:\/\/granadacostaglobal.es\/?p=1317","title":{"rendered":"Se presenta el Cuento de la Dra To\u00f1y Castillo: \u201cMira la Luna desde la Biblioteca\u201d Siendo la autora elegida para realizar el encuentro con el autor en Ceuta."},"content":{"rendered":"<p><span style=\"color: #800000;\"><a href=\"http:\/\/granadacosta.es\/wp-content\/uploads\/2015\/05\/cartel_to\u00f1y2.jpg\"><img decoding=\"async\" loading=\"lazy\" class=\"alignnone size-medium wp-image-1322\" src=\"http:\/\/granadacosta.es\/wp-content\/uploads\/2015\/05\/cartel_to\u00f1y2-212x300.jpg\" alt=\"cartel_to\u00f1y2\" width=\"212\" height=\"300\" \/><\/a>Yo de peque\u00f1o ten\u00eda d\u00e9ficit de atenci\u00f3n, pero como esto no se conoc\u00eda, dec\u00edan que era travieso y nervioso, que me distra\u00eda y que era incapaz de estarme un minuto sentado.<\/span><\/p>\n<p><span style=\"color: #800000;\">Suspend\u00eda en la escuela y mis padres estaban muy preocupados. con el tiempo no me he curado, pero he aprendido a canalizar ese exceso de energ\u00eda de forma constructiva. Tuve la suerte de encontrar personas que me ayudaron en la adolescencia &#8220;.<\/span><\/p>\n<p style=\"text-align: right;\"><span style=\"color: #800000;\">\u00a0Lu\u00eds Rojas Marcos, profesor de psiquiatr\u00eda<\/span><\/p>\n<p style=\"text-align: right;\"><span style=\"color: #800000;\">de la Universidad de Nueva York.<\/span><\/p>\n<figure id=\"attachment_1319\" aria-describedby=\"caption-attachment-1319\" style=\"width: 424px\" class=\"wp-caption aligncenter\"><a href=\"http:\/\/granadacosta.es\/wp-content\/uploads\/2015\/05\/IMG_0768.jpg\"><img decoding=\"async\" loading=\"lazy\" class=\" wp-image-1319\" src=\"http:\/\/granadacosta.es\/wp-content\/uploads\/2015\/05\/IMG_0768-300x169.jpg\" alt=\"IMG_0768\" width=\"424\" height=\"239\" \/><\/a><figcaption id=\"caption-attachment-1319\" class=\"wp-caption-text\">Sra Roc\u00edo Valrivera, Sr. Alberto Barcina, Dra To\u00f1y Castillo; Sr. Jos\u00e9 Alarc\u00f3n, Miguel Perez Pestana, Pablo Orozco,<\/figcaption><\/figure>\n<p style=\"text-align: justify;\"><strong>Desde la Biblioteca se ve la Luna<\/strong>, es la historia de muchos ni\u00f1os y ni\u00f1as, les cuesta concentrarse en la escuela, en casa&#8230; e incluso&#8230;en muchas de las actividades del d\u00eda a d\u00eda&#8230; de ellos dicen que tienen un trastorno de d\u00e9ficit de atenci\u00f3n&#8230;<\/p>\n<p style=\"text-align: justify;\">El Cuento \u201cDesde la biblioteca ve la Luna\u201d se present\u00f3 el lunes 11 de mayo en la Biblioteca \u00a0P\u00fablica del Estado de Ceuta, y ha sido el hilo conductor del encuentro con el autor de este a\u00f1o en la Feria del Libro de la Ciudad Aut\u00f3noma de Ceuta. .<\/p>\n<p style=\"text-align: justify;\">\u00a0En la sala de actos de la Biblioteca\u00a0 y bajo un p\u00fablico entregado\u00a0 se pudo escuchar:<\/p>\n<p style=\"text-align: justify;\"><a href=\"http:\/\/granadacosta.es\/wp-content\/uploads\/2015\/05\/4.bmp\"><img decoding=\"async\" loading=\"lazy\" class=\"alignnone wp-image-1320\" src=\"http:\/\/granadacosta.es\/wp-content\/uploads\/2015\/05\/4.bmp\" alt=\"4\" width=\"262\" height=\"185\" \/><\/a>\u2026 A Pablo le gustaba ir con sus padres a ba\u00f1arse a la playa de la Ribera en d\u00edas sin colegio. El mar de tonos azulados se convert\u00eda, junto a otros ni\u00f1os, en un compa\u00f1ero m\u00e1s de juegos, haciendo que vientos del levante y del poniente salpicaran la orilla de risas de vida\u2026.<\/p>\n<p style=\"text-align: justify;\">\u00a0De tal modo, comienza \u2018Desde la biblioteca se ve la Luna\u2019, cuento infantil escrito por la escritora ceut\u00ed\u00a0 To\u00f1y Castillo, en \u00e9l, l\u00edneas repletas \u00a0de significaci\u00f3n \u00a0pretenden ser una gu\u00eda y un manual de pautas para padres, profesores, orientadores en pro la educaci\u00f3n en may\u00fasculas, esta nueva obra de la autora est\u00e1\u00a0 dedicada a los ni\u00f1os con d\u00e9ficit de atenci\u00f3n y, en general a todos los ni\u00f1os y ni\u00f1as, el cuento es un texto educativo maravillosamente ilustrado por el pintor y acuarelista tambi\u00e9n \u00a0caballa, Juan Orozco.<\/p>\n<p style=\"text-align: justify;\">\u00a0El acto cont\u00f3 con la Presencia del Se\u00f1or Jos\u00e9 Alarc\u00f3n Director de la Biblioteca, que present\u00f3 el acto junto a la Se\u00f1ora Rocio Valrivera responsable del Archivo de la ciudad, as\u00ed como el Se\u00f1or Alberto Barcina Jefe del Negociado de Recursos Humanos \u00a0del Ayuntamiento de Ceuta, el Se\u00f1or\u00a0 Pablo 0rozco hermano del ilustrador y modelo del cuento, as\u00ed con la presencia del Se\u00f1or Miguel Perez Pestana , personaje de la historia.<\/p>\n<p style=\"text-align: justify;\">\u00a0La presentaci\u00f3n lleg\u00f3 a su punto m\u00e1ximo de emoci\u00f3n, cuando \u00a0los alumnos de los centros educativos presentes \u00a0recitaban una a una las p\u00e1ginas del libro, \u00a0bajo la atenta mirada de las personas asistentes al acto. \u00a0Los alumnos y alumnas del Colegio Andres Maj\u00f3n hab\u00edan trabajado el cuento donde cada apartado simbolizaba un contenido pedag\u00f3gico y hac\u00eda de hilo conductor a la Dra. Castillo que hablaba de orientaciones y pautas\u00a0 a la hora de educar.\u00a0Si algo se ha de decir de de la exposici\u00f3n, es que fue din\u00e1mica, sorprenderte por la vitalidad de las aportaciones de ni\u00f1os con un gran trabajo previo y en el cual, qued\u00f3 patente un gran trabajo desarrollado por el Centro Educativo y el profesorado de la Ciudad.<\/p>\n<p style=\"text-align: justify;\">\u00a0Se destaca \u00a0que la Dra Castillo\u00a0 ha sido la escritora encargada de atender a los alumnos de los Centros escolares de Ceuta, dentro de los actos de la Feria del Libro edici\u00f3n 2015. Alumnos que previamente hab\u00edan trabajado la obra desde el mes de febrero: \u201cDesde la Biblioteca se ve la Luna\u201d\u00a0 \u00a0llegaban repletos de preguntas a la autora.<\/p>\n<p style=\"text-align: justify;\">Desde el lunes 11 al viernes\u00a0 15 de mayo la\u00a0 Biblioteca P\u00fablica del Estado en Ceuta, se llen\u00f3 de alumnos que bajo la atenta mirada de profesores y la Se\u00f1ora Mati Miajas Responsable de la Sala Infantil de la Biblioteca, preguntaban sobre la historia de ese Pablo, protagonista de la obra o sobre la biograf\u00eda de la autora o inquietudes, \u00a0realizando aportaciones de gran inter\u00e9s.<\/p>\n<figure id=\"attachment_1321\" aria-describedby=\"caption-attachment-1321\" style=\"width: 314px\" class=\"wp-caption alignnone\"><a href=\"http:\/\/granadacosta.es\/wp-content\/uploads\/2015\/05\/FOTO4.jpg\"><img decoding=\"async\" loading=\"lazy\" class=\"wp-image-1321 \" src=\"http:\/\/granadacosta.es\/wp-content\/uploads\/2015\/05\/FOTO4-300x169.jpg\" alt=\"FOTO4\" width=\"314\" height=\"177\" \/><\/a><figcaption id=\"caption-attachment-1321\" class=\"wp-caption-text\">El Se\u00f1or Juan Vivas Presidente de la Ciudad Aut\u00f3noma de Ceuta con To\u00f1y Castillo<\/figcaption><\/figure>\n<p>&nbsp;<\/p>\n<p style=\"text-align: justify;\">El Viernes d\u00eda 14 el acto cont\u00f3 con la presencia del Presidente de la Ciudad, Juan Vivas, acompa\u00f1ado por la Consejera de Educaci\u00f3n,Cultura y Mujer, Mabel Deu y el Director del Centro bibliotecario, Jos\u00e9 Antonio Alarc\u00f3n.<\/p>\n<p style=\"text-align: justify;\"><a href=\"http:\/\/granadacosta.es\/wp-content\/uploads\/2015\/05\/IMG_0927.jpg\"><img decoding=\"async\" loading=\"lazy\" class=\"alignnone size-medium wp-image-1323\" src=\"http:\/\/granadacosta.es\/wp-content\/uploads\/2015\/05\/IMG_0927-300x169.jpg\" alt=\"IMG_0927\" width=\"300\" height=\"169\" \/><\/a><\/p>\n<p style=\"text-align: justify;\">La presencia del Se\u00f1or Juan Vivas aport\u00f3 al encuentro momentos entra\u00f1ables despertando el inter\u00e9s por parte del alumnado por las palabras del Presidente de la Ciudad que sigui\u00f3 con atenci\u00f3n cada explicaci\u00f3n de la Dra. Castillo daba a los estudiantes, as\u00ed como, las preguntas, ocurrencias e ideas planteadas y expuestas por los escolares, destacando \u201cla importancia que tiene el libro para la formaci\u00f3n de las personas y, en general, para la vida de todos\u201d. \u201cEl libro\u201d, indic\u00f3, el Se\u00f1or Vivas, \u00a0\u201ctiene que ser un componente fundamental en la vida de cualquier persona\u2026 Tenemos es que incentivar la cultura y poner de manifiesto la necesidad de que nuestros j\u00f3venes aprendan no solamente a leer sino que se asocien al h\u00e1bito de la lectura de por vida\u2026<\/p>\n<p style=\"text-align: justify;\">Retomando las palabras ser\u00eda l\u00edcito remarcar que:\u00a0 La lectura es un factor para el enriquecimiento de la persona y de la persona en su proyecci\u00f3n con los dem\u00e1s y cuentos como: \u201cDesde la Biblioteca se ve la Luna\u201d ayudan no solo a fomentar la lectura sino a crecer y a educarnos mientras lo hacemos.<\/p>\n<p style=\"text-align: justify;\">El encuentro con el autor de la presente edici\u00f3n, ha sido un \u00e9xito en la calidad y calidez del trabajo bien hecho por parte de todos, desde estas l\u00edneas <strong>Enhorabuena <\/strong><\/p>\n","protected":false},"excerpt":{"rendered":"<p>Yo de peque\u00f1o ten\u00eda d\u00e9ficit de atenci\u00f3n, pero como esto no se conoc\u00eda, dec\u00edan que era travieso y nervioso, que&hellip;<\/p>\n","protected":false},"author":4,"featured_media":2321,"comment_status":"open","ping_status":"open","sticky":false,"template":"","format":"standard","meta":{"om_disable_all_campaigns":false,"_mi_skip_tracking":false,"_monsterinsights_sitenote_active":false,"_monsterinsights_sitenote_note":"","_monsterinsights_sitenote_category":0,"footnotes":""},"categories":[25,21,22,19],"tags":[],"aioseo_notices":[],"_links":{"self":[{"href":"https:\/\/granadacostaglobal.es\/index.php?rest_route=\/wp\/v2\/posts\/1317"}],"collection":[{"href":"https:\/\/granadacostaglobal.es\/index.php?rest_route=\/wp\/v2\/posts"}],"about":[{"href":"https:\/\/granadacostaglobal.es\/index.php?rest_route=\/wp\/v2\/types\/post"}],"author":[{"embeddable":true,"href":"https:\/\/granadacostaglobal.es\/index.php?rest_route=\/wp\/v2\/users\/4"}],"replies":[{"embeddable":true,"href":"https:\/\/granadacostaglobal.es\/index.php?rest_route=%2Fwp%2Fv2%2Fcomments&post=1317"}],"version-history":[{"count":0,"href":"https:\/\/granadacostaglobal.es\/index.php?rest_route=\/wp\/v2\/posts\/1317\/revisions"}],"wp:featuredmedia":[{"embeddable":true,"href":"https:\/\/granadacostaglobal.es\/index.php?rest_route=\/"}],"wp:attachment":[{"href":"https:\/\/granadacostaglobal.es\/index.php?rest_route=%2Fwp%2Fv2%2Fmedia&parent=1317"}],"wp:term":[{"taxonomy":"category","embeddable":true,"href":"https:\/\/granadacostaglobal.es\/index.php?rest_route=%2Fwp%2Fv2%2Fcategories&post=1317"},{"taxonomy":"post_tag","embeddable":true,"href":"https:\/\/granadacostaglobal.es\/index.php?rest_route=%2Fwp%2Fv2%2Ftags&post=1317"}],"curies":[{"name":"wp","href":"https:\/\/api.w.org\/{rel}","templated":true}]}}