{"id":13131,"date":"2017-06-21T11:59:18","date_gmt":"2017-06-21T11:59:18","guid":{"rendered":"http:\/\/granadacostanacional.es\/?p=13131"},"modified":"2017-06-21T11:59:18","modified_gmt":"2017-06-21T11:59:18","slug":"asturias-andalucia-y-cantabria-lideres-en-reservas-para-el-verano-en-hoteles-con-encanto","status":"publish","type":"post","link":"https:\/\/granadacostaglobal.es\/?p=13131","title":{"rendered":"Asturias, Andaluc\u00eda y Cantabria, l\u00edderes en reservas para el verano en hoteles con encanto"},"content":{"rendered":"<p style=\"text-align: justify;\"><strong>Un a\u00f1o m\u00e1s, la costa es el principal destino de las vacaciones de verano en hoteles con encanto.<\/strong><\/p>\n<p style=\"text-align: justify;\"><strong>Asturias, Cantabria, Alicante, Girona y C\u00e1diz, las provincias con m\u00e1s demanda para las pr\u00f3ximas vacaciones estivales.<\/strong><\/p>\n<p style=\"text-align: justify;\"><strong>\u00a0<\/strong>Reci\u00e9n estrenada la nueva estaci\u00f3n, el verano es la etapa en la que los hoteles con encanto registran un mayor \u00edndice de reservas. Pero en funci\u00f3n de d\u00f3nde se encuentren, tendr\u00e1n m\u00e1s o menos solicitudes. Precisamente en esta temporada se nota un <strong>intenso crecimiento en la demanda de establecimientos en la costa<\/strong>. Aunque los datos pueden cambiar a medida que vayan pasando las semanas, por ahora, la l\u00edder en reservas est\u00e1 siendo <strong>Asturias con el 19.20%.<\/strong> Le siguen <strong>Andaluc\u00eda (14.94%), Cantabria (12.30%), Comunidad Valenciana (11.22%) y Galicia (9.10%)<\/strong> seg\u00fan el portal de hoteles con encanto https:\/\/www.selectahotels.com. Cinco comunidades litorales que convierten a la costa en la preferencia principal para el turista veraniego.<\/p>\n<p style=\"text-align: justify;\">Una tendencia que contin\u00faa en las provincias. Si analizamos las que tienen m\u00e1s demanda en el periodo de verano, el resultado es similar: predominan las costeras. <strong>Asturias (19.20%), Cantabria (12.30%), Alicante (6.58%), Girona (5.09%), C\u00e1diz (4.37%), M\u00e1laga (4.33%), Vizcaya (3.99%), A Coru\u00f1a (3.78%), Huesca (3.00%) y Almer\u00eda (2.80%)<\/strong> ocupan las primeras posiciones en cuanto a preferencia por parte de los turistas que viajan en esta etapa del a\u00f1o. Tan solo Huesca se cuela como la \u00fanica provincia de interior entre las prioridades del viajero.<\/p>\n<p style=\"text-align: justify;\">Y de nuevo, si este an\u00e1lisis se lleva a las localidades m\u00e1s solicitadas, se vuelve a confirmar la preferencia de la costa para los viajeros de verano. <strong>Agua Amarga (Almer\u00eda), Suances (Cantabria), Denia (Alicante), Luarca (Asturias), Getaria (Guipuzcoa), Lekeitio\u00a0 (Vizcaya), Toledo (Toledo), Camari\u00f1as (A Coru\u00f1a), Ruesga (Cantabria) y Cartavio (Asturias).<\/strong> Menos Toledo, que es la m\u00e1s alejada de la costa, las otras restantes est\u00e1n en la costa o a pocos minutos.<\/p>\n<p>&nbsp;<\/p>\n","protected":false},"excerpt":{"rendered":"<p>Un a\u00f1o m\u00e1s, la costa es el principal destino de las vacaciones de verano en hoteles con encanto. Asturias, Cantabria,&hellip;<\/p>\n","protected":false},"author":2,"featured_media":13132,"comment_status":"open","ping_status":"open","sticky":false,"template":"","format":"standard","meta":{"om_disable_all_campaigns":false,"_mi_skip_tracking":false,"_monsterinsights_sitenote_active":false,"_monsterinsights_sitenote_note":"","_monsterinsights_sitenote_category":0,"footnotes":""},"categories":[22],"tags":[],"aioseo_notices":[],"_links":{"self":[{"href":"https:\/\/granadacostaglobal.es\/index.php?rest_route=\/wp\/v2\/posts\/13131"}],"collection":[{"href":"https:\/\/granadacostaglobal.es\/index.php?rest_route=\/wp\/v2\/posts"}],"about":[{"href":"https:\/\/granadacostaglobal.es\/index.php?rest_route=\/wp\/v2\/types\/post"}],"author":[{"embeddable":true,"href":"https:\/\/granadacostaglobal.es\/index.php?rest_route=\/wp\/v2\/users\/2"}],"replies":[{"embeddable":true,"href":"https:\/\/granadacostaglobal.es\/index.php?rest_route=%2Fwp%2Fv2%2Fcomments&post=13131"}],"version-history":[{"count":0,"href":"https:\/\/granadacostaglobal.es\/index.php?rest_route=\/wp\/v2\/posts\/13131\/revisions"}],"wp:featuredmedia":[{"embeddable":true,"href":"https:\/\/granadacostaglobal.es\/index.php?rest_route=\/"}],"wp:attachment":[{"href":"https:\/\/granadacostaglobal.es\/index.php?rest_route=%2Fwp%2Fv2%2Fmedia&parent=13131"}],"wp:term":[{"taxonomy":"category","embeddable":true,"href":"https:\/\/granadacostaglobal.es\/index.php?rest_route=%2Fwp%2Fv2%2Fcategories&post=13131"},{"taxonomy":"post_tag","embeddable":true,"href":"https:\/\/granadacostaglobal.es\/index.php?rest_route=%2Fwp%2Fv2%2Ftags&post=13131"}],"curies":[{"name":"wp","href":"https:\/\/api.w.org\/{rel}","templated":true}]}}