{"id":13123,"date":"2017-06-20T11:51:13","date_gmt":"2017-06-20T11:51:13","guid":{"rendered":"http:\/\/granadacostanacional.es\/?p=13123"},"modified":"2017-06-20T11:51:13","modified_gmt":"2017-06-20T11:51:13","slug":"presentacion-del-nuevo-disco-de-montse-delgado","status":"publish","type":"post","link":"https:\/\/granadacostaglobal.es\/?p=13123","title":{"rendered":"Presentaci\u00f3n del nuevo disco de Montse Delgado"},"content":{"rendered":"<p style=\"text-align: justify;\">El pasado d\u00eda 17 de junio de 2017, se present\u00f3 en Antequera, el \u00faltimo disco de Montse Delgado.<\/p>\n<p style=\"text-align: justify;\">Este \u00faltimo disco de la autora, lleva dos canciones m\u00edas: &#8220;La distancia&#8221; y &#8220;A la orilla de la playa&#8221;. En resumen fue una tarde-noche inolvidable llena de alegr\u00eda y rodeados de grandes personas en un marco \u00fanico como es Antequera.<\/p>\n<p style=\"text-align: justify;\"><a href=\"http:\/\/granadacostanacional.es\/wp-content\/uploads\/2017\/06\/19225471_1890380697885295_358427626606474816_n.jpg\"><img decoding=\"async\" loading=\"lazy\" class=\"alignnone wp-image-13125\" src=\"http:\/\/granadacostanacional.es\/wp-content\/uploads\/2017\/06\/19225471_1890380697885295_358427626606474816_n-300x225.jpg\" alt=\"19225471_1890380697885295_358427626606474816_n\" width=\"596\" height=\"447\" \/><\/a><\/p>\n<p style=\"text-align: justify;\"><a href=\"http:\/\/granadacostanacional.es\/wp-content\/uploads\/2017\/06\/19225024_1890380781218620_2237429107420471258_n.jpg\"><img decoding=\"async\" loading=\"lazy\" class=\"alignnone wp-image-13126\" src=\"http:\/\/granadacostanacional.es\/wp-content\/uploads\/2017\/06\/19225024_1890380781218620_2237429107420471258_n-225x300.jpg\" alt=\"19225024_1890380781218620_2237429107420471258_n\" width=\"523\" height=\"697\" \/><\/a><\/p>\n<p style=\"text-align: justify;\"><a href=\"http:\/\/granadacostanacional.es\/wp-content\/uploads\/2017\/06\/19275138_1243629785748037_2491509095728124_n.jpg\"><img decoding=\"async\" loading=\"lazy\" class=\"alignnone wp-image-13127\" src=\"http:\/\/granadacostanacional.es\/wp-content\/uploads\/2017\/06\/19275138_1243629785748037_2491509095728124_n-300x223.jpg\" alt=\"19275138_1243629785748037_2491509095728124_n\" width=\"680\" height=\"505\" \/><\/a><\/p>\n<p style=\"text-align: justify;\"><a href=\"http:\/\/granadacostanacional.es\/wp-content\/uploads\/2017\/06\/19275257_1890380837885281_4106404189359452207_n-copia.jpg\"><img decoding=\"async\" loading=\"lazy\" class=\"alignnone wp-image-13129\" src=\"http:\/\/granadacostanacional.es\/wp-content\/uploads\/2017\/06\/19275257_1890380837885281_4106404189359452207_n-copia-225x300.jpg\" alt=\"19275257_1890380837885281_4106404189359452207_n - copia\" width=\"445\" height=\"594\" \/><\/a><\/p>\n<p style=\"text-align: right;\"><em><strong>Francisco Jim\u00e9nez Rodr\u00edguez<\/strong><\/em><\/p>\n","protected":false},"excerpt":{"rendered":"<p>El pasado d\u00eda 17 de junio de 2017, se present\u00f3 en Antequera, el \u00faltimo disco de Montse Delgado. Este \u00faltimo&hellip;<\/p>\n","protected":false},"author":2,"featured_media":13128,"comment_status":"open","ping_status":"open","sticky":false,"template":"","format":"standard","meta":{"om_disable_all_campaigns":false,"_mi_skip_tracking":false,"_monsterinsights_sitenote_active":false,"_monsterinsights_sitenote_note":"","_monsterinsights_sitenote_category":0,"footnotes":""},"categories":[21,22],"tags":[],"aioseo_notices":[],"_links":{"self":[{"href":"https:\/\/granadacostaglobal.es\/index.php?rest_route=\/wp\/v2\/posts\/13123"}],"collection":[{"href":"https:\/\/granadacostaglobal.es\/index.php?rest_route=\/wp\/v2\/posts"}],"about":[{"href":"https:\/\/granadacostaglobal.es\/index.php?rest_route=\/wp\/v2\/types\/post"}],"author":[{"embeddable":true,"href":"https:\/\/granadacostaglobal.es\/index.php?rest_route=\/wp\/v2\/users\/2"}],"replies":[{"embeddable":true,"href":"https:\/\/granadacostaglobal.es\/index.php?rest_route=%2Fwp%2Fv2%2Fcomments&post=13123"}],"version-history":[{"count":0,"href":"https:\/\/granadacostaglobal.es\/index.php?rest_route=\/wp\/v2\/posts\/13123\/revisions"}],"wp:featuredmedia":[{"embeddable":true,"href":"https:\/\/granadacostaglobal.es\/index.php?rest_route=\/"}],"wp:attachment":[{"href":"https:\/\/granadacostaglobal.es\/index.php?rest_route=%2Fwp%2Fv2%2Fmedia&parent=13123"}],"wp:term":[{"taxonomy":"category","embeddable":true,"href":"https:\/\/granadacostaglobal.es\/index.php?rest_route=%2Fwp%2Fv2%2Fcategories&post=13123"},{"taxonomy":"post_tag","embeddable":true,"href":"https:\/\/granadacostaglobal.es\/index.php?rest_route=%2Fwp%2Fv2%2Ftags&post=13123"}],"curies":[{"name":"wp","href":"https:\/\/api.w.org\/{rel}","templated":true}]}}