{"id":13115,"date":"2017-06-20T11:35:43","date_gmt":"2017-06-20T11:35:43","guid":{"rendered":"http:\/\/granadacostanacional.es\/?p=13115"},"modified":"2017-06-20T11:35:43","modified_gmt":"2017-06-20T11:35:43","slug":"ii-guadalinfo-impulsa-completa-sus-talleres-previos-con-mas-de-230-inscritos-y-ofrece-30-becas-a-innovadores","status":"publish","type":"post","link":"https:\/\/granadacostaglobal.es\/?p=13115","title":{"rendered":"II Guadalinfo Impulsa completa sus talleres previos con m\u00e1s de 230 inscritos y ofrece 30 becas a innovadores"},"content":{"rendered":"<ul>\n<li style=\"text-align: justify;\"><strong>La 2\u00aa edici\u00f3n del programa de aceleraci\u00f3n de proyectos Guadalinfo Impulsa ofrece recursos, formaci\u00f3n y estancia en lanzaderas de empresa.<\/strong><\/li>\n<li style=\"text-align: justify;\"><strong>Los 8 talleres previos, recibieron 235 solicitudes con 129 participantes presenciales y m\u00e1s de 1.500 on line.<\/strong><\/li>\n<\/ul>\n<p style=\"text-align: justify;\">M\u00e1s de 230 personas se han inscrito en el ciclo de conferencias <strong>\u2018Los retos del innovador\u2019<\/strong>, pr\u00f3logo de la segunda edici\u00f3n del programa de formaci\u00f3n y aceleraci\u00f3n de proyectos <strong>Guadalinfo Impulsa<\/strong>. El programa mantiene <strong>abierto<\/strong> <strong>hasta el pr\u00f3ximo 22 de junio el plazo de solicitud de las 30 becas<\/strong> completas de formaci\u00f3n, asesor\u00eda y acceso a servicios de lanzaderas de empresa a personas con una idea en mente que necesiten recursos, formaci\u00f3n y apoyo para ponerlas en marcha. (M\u00e1s informaci\u00f3n e inscripciones en www.guadalinfoimpulsa.es).<\/p>\n<p style=\"text-align: justify;\">Como novedad respecto a la primera edici\u00f3n, Guadalinfo Impulsa ha organizado previamente <strong>talleres gratuitos para innovadores en las ocho provincias andaluzas con m\u00e1s de 230 inscritos<\/strong>. Entre estos perfiles de \u2018innovadores sociales\u2019 se han delimitado algunos como los pioneros con ideas de negocio ya consolidadas; aquellos que pese a tener esas ideas consolidadas se plantean dudas t\u00e9cnicas concretas; los que mantienen una inquietud por la innovaci\u00f3n social; personal t\u00e9cnico de organismos que tienen vinculaci\u00f3n con desarrollo del empleo y el emprendimiento; y los aut\u00f3nomos que buscan incrementar su red de contactos.<\/p>\n<p style=\"text-align: justify;\">Las jornadas se han realizado en las ocho provincias, y los participantes han recibido durante tres horas, formaci\u00f3n te\u00f3rica y pr\u00e1ctica de la mano de expertos en un formato muy personalizado e interactivo que ha permitido ofrecer soluciones adaptadas a los asistentes. A trav\u00e9s de la red se han obtenido m\u00e1s de 1.500 visualizaciones.<\/p>\n<p style=\"text-align: justify;\">Finalizadas las conferencias comienza, con la apertura del plazo de solicitud de becas, el programa de aceleraci\u00f3n de proyectos Guadalinfo Impulsa, que ofrece 30 becas de formaci\u00f3n, asesor\u00eda y acceso a servicios de lanzaderas de empresa.<\/p>\n","protected":false},"excerpt":{"rendered":"<p>La 2\u00aa edici\u00f3n del programa de aceleraci\u00f3n de proyectos Guadalinfo Impulsa ofrece recursos, formaci\u00f3n y estancia en lanzaderas de empresa.&hellip;<\/p>\n","protected":false},"author":2,"featured_media":13116,"comment_status":"open","ping_status":"open","sticky":false,"template":"","format":"standard","meta":{"om_disable_all_campaigns":false,"_mi_skip_tracking":false,"_monsterinsights_sitenote_active":false,"_monsterinsights_sitenote_note":"","_monsterinsights_sitenote_category":0,"footnotes":""},"categories":[22],"tags":[],"aioseo_notices":[],"_links":{"self":[{"href":"https:\/\/granadacostaglobal.es\/index.php?rest_route=\/wp\/v2\/posts\/13115"}],"collection":[{"href":"https:\/\/granadacostaglobal.es\/index.php?rest_route=\/wp\/v2\/posts"}],"about":[{"href":"https:\/\/granadacostaglobal.es\/index.php?rest_route=\/wp\/v2\/types\/post"}],"author":[{"embeddable":true,"href":"https:\/\/granadacostaglobal.es\/index.php?rest_route=\/wp\/v2\/users\/2"}],"replies":[{"embeddable":true,"href":"https:\/\/granadacostaglobal.es\/index.php?rest_route=%2Fwp%2Fv2%2Fcomments&post=13115"}],"version-history":[{"count":0,"href":"https:\/\/granadacostaglobal.es\/index.php?rest_route=\/wp\/v2\/posts\/13115\/revisions"}],"wp:featuredmedia":[{"embeddable":true,"href":"https:\/\/granadacostaglobal.es\/index.php?rest_route=\/"}],"wp:attachment":[{"href":"https:\/\/granadacostaglobal.es\/index.php?rest_route=%2Fwp%2Fv2%2Fmedia&parent=13115"}],"wp:term":[{"taxonomy":"category","embeddable":true,"href":"https:\/\/granadacostaglobal.es\/index.php?rest_route=%2Fwp%2Fv2%2Fcategories&post=13115"},{"taxonomy":"post_tag","embeddable":true,"href":"https:\/\/granadacostaglobal.es\/index.php?rest_route=%2Fwp%2Fv2%2Ftags&post=13115"}],"curies":[{"name":"wp","href":"https:\/\/api.w.org\/{rel}","templated":true}]}}