{"id":13112,"date":"2017-06-20T11:33:07","date_gmt":"2017-06-20T11:33:07","guid":{"rendered":"http:\/\/granadacostanacional.es\/?p=13112"},"modified":"2017-06-20T11:33:07","modified_gmt":"2017-06-20T11:33:07","slug":"ciudadanos-reivindica-al-gobierno-la-importancia-de-acabar-con-la-situacion-de-desventaja-de-motril-respecto-al-resto-de-lineas-maritimas-que-operan-con-melilla","status":"publish","type":"post","link":"https:\/\/granadacostaglobal.es\/?p=13112","title":{"rendered":"Ciudadanos reivindica al Gobierno la importancia de acabar con la \u201csituaci\u00f3n de desventaja\u201d de Motril respecto al resto de l\u00edneas mar\u00edtimas que operan con Melilla"},"content":{"rendered":"<p style=\"text-align: justify;\"><strong>El diputado granadino de Cs en el Congreso, Luis Salvador, se re\u00fane en Madrid con la Secretaria General de Transporte para abordar el futuro de la conexi\u00f3n y solicitar su declaraci\u00f3n como l\u00ednea mar\u00edtima de inter\u00e9s nacional.<\/strong><\/p>\n<p style=\"text-align: justify;\">El diputado granadino del Grupo Parlamentario Ciudadanos (GPCs) en el Congreso de los Diputados, Luis Salvador, ha mantenido una reuni\u00f3n con la Secretaria General de Transporte del Ministerio de Fomento, Carmen Librero, para transmitirle su preocupaci\u00f3n por la situaci\u00f3n de desigualdad en la que se encuentra la l\u00ednea mar\u00edtima Motril-Melilla respecto a la que operan desde M\u00e1laga y Almer\u00eda con Melilla y que cuenta con la declaraci\u00f3n de inter\u00e9s nacional por parte del Gobierno.<\/p>\n<p style=\"text-align: justify;\"><strong>\u201cHemos trasladado a la Secretaria nuestro malestar por la situaci\u00f3n de desventaja con la que cuenta Motril respecto a las otras dos ciudades y le hemos pedido un compromiso para superar esa situaci\u00f3n en el futuro\u201d<\/strong>, ha aseverado Salvador, quien ha querido agradecer la actitud receptiva que Librero ha mostrado durante todo el encuentro, al que tambi\u00e9n ha asistido el diputado granadino del PP Carlos Rojas como muestra del compromiso de\u00a0<strong>\u201cdi\u00e1logo serio y constructivo para favorecer los intereses de la provincia de Granada\u201d<\/strong>.<\/p>\n<p style=\"text-align: justify;\">Seg\u00fan ha explicado el diputado, Armas, la naviera que conecta Motril con Melilla, no ha optado al concurso p\u00fablico para operar en los dos destinos de inter\u00e9s nacional, algo que asegura durante al menos los dos pr\u00f3ximos a\u00f1os el mantenimiento del servicio de la l\u00ednea Motril-Melilla pese a no contar con la subvenci\u00f3n que s\u00ed tiene Transmediterr\u00e1nea por las conexiones M\u00e1laga-Melilla y Almer\u00eda-Melilla. Junto a esto, Salvador ha recordado que la l\u00ednea Motril-Melilla es la que cuenta actualmente con una media anual de viajeros m\u00e1s elevada, alrededor de 60.000 personas, y es la que est\u00e1 dando unos buenos resultados evidentes pese a no estar compitiendo en condiciones reales de igualdad.<\/p>\n<p style=\"text-align: justify;\"><strong>\u201cNuestro Puerto de Motril, por su propia ubicaci\u00f3n estrat\u00e9gica, es una pieza clave para el desarrollo econ\u00f3mico de toda la provincia de Granada y consideramos imprescindible trabajar con unidad desde las instituciones y la Autoridad Portuaria para llegar a acuerdos que permitan determinar las l\u00edneas de trabajo para proyectos de expansi\u00f3n sobre pasajeros, mercanc\u00edas y desarrollos l\u00fadicos y deportivos que garanticen el futuro de la infraestructura\u201d<\/strong>, ha aseverado Salvador.<\/p>\n<p style=\"text-align: justify;\">El diputado de Ciudadanos ha valorado la movilizaci\u00f3n que los pol\u00edticos, los empresarios y la sociedad civil granadina han realizado en las \u00faltimas semanas para reivindicar la declaraci\u00f3n de la conexi\u00f3n Motril-Melilla como l\u00ednea de inter\u00e9s nacional y ha manifestado su m\u00e1s firme prop\u00f3sito para que en el futuro no cuente con ning\u00fan tipo de desventaja respecto a las l\u00edneas que unen Melilla con M\u00e1laga y Almer\u00eda.<\/p>\n<p>&nbsp;<\/p>\n","protected":false},"excerpt":{"rendered":"<p>El diputado granadino de Cs en el Congreso, Luis Salvador, se re\u00fane en Madrid con la Secretaria General de Transporte&hellip;<\/p>\n","protected":false},"author":2,"featured_media":13113,"comment_status":"open","ping_status":"open","sticky":false,"template":"","format":"standard","meta":{"om_disable_all_campaigns":false,"_mi_skip_tracking":false,"_monsterinsights_sitenote_active":false,"_monsterinsights_sitenote_note":"","_monsterinsights_sitenote_category":0,"footnotes":""},"categories":[22],"tags":[],"aioseo_notices":[],"_links":{"self":[{"href":"https:\/\/granadacostaglobal.es\/index.php?rest_route=\/wp\/v2\/posts\/13112"}],"collection":[{"href":"https:\/\/granadacostaglobal.es\/index.php?rest_route=\/wp\/v2\/posts"}],"about":[{"href":"https:\/\/granadacostaglobal.es\/index.php?rest_route=\/wp\/v2\/types\/post"}],"author":[{"embeddable":true,"href":"https:\/\/granadacostaglobal.es\/index.php?rest_route=\/wp\/v2\/users\/2"}],"replies":[{"embeddable":true,"href":"https:\/\/granadacostaglobal.es\/index.php?rest_route=%2Fwp%2Fv2%2Fcomments&post=13112"}],"version-history":[{"count":0,"href":"https:\/\/granadacostaglobal.es\/index.php?rest_route=\/wp\/v2\/posts\/13112\/revisions"}],"wp:featuredmedia":[{"embeddable":true,"href":"https:\/\/granadacostaglobal.es\/index.php?rest_route=\/"}],"wp:attachment":[{"href":"https:\/\/granadacostaglobal.es\/index.php?rest_route=%2Fwp%2Fv2%2Fmedia&parent=13112"}],"wp:term":[{"taxonomy":"category","embeddable":true,"href":"https:\/\/granadacostaglobal.es\/index.php?rest_route=%2Fwp%2Fv2%2Fcategories&post=13112"},{"taxonomy":"post_tag","embeddable":true,"href":"https:\/\/granadacostaglobal.es\/index.php?rest_route=%2Fwp%2Fv2%2Ftags&post=13112"}],"curies":[{"name":"wp","href":"https:\/\/api.w.org\/{rel}","templated":true}]}}