{"id":1307,"date":"2015-05-15T11:57:32","date_gmt":"2015-05-15T11:57:32","guid":{"rendered":"http:\/\/granadacosta.es\/?p=1307"},"modified":"2015-05-15T11:57:32","modified_gmt":"2015-05-15T11:57:32","slug":"sanchez-rubio-manifiesta-su-compromiso-con-los-servicios-de-proximidad-para-personas-dependientes","status":"publish","type":"post","link":"https:\/\/granadacostaglobal.es\/?p=1307","title":{"rendered":"S\u00e1nchez Rubio manifiesta su compromiso con los servicios de proximidad para personas dependientes"},"content":{"rendered":"<p style=\"text-align: justify;\">La consejera ha destacado en Granada que el sector de la dependencia ha generado m\u00e1s de 45.000 empleos en los \u00faltimos a\u00f1os<\/p>\n<p style=\"text-align: justify;\">\n<p style=\"text-align: justify;\">La consejera de Igualdad, Salud y Pol\u00edticas Sociales en funciones, Mar\u00eda Jos\u00e9 S\u00e1nchez Rubio, ha manifestado hoy su compromiso con los servicios de proximidad para personas dependientes. Durante las jornadas organizadas por la Federaci\u00f3n Andaluza de Familiares y Personas con Enfermedad Mental (FEAFES-Andaluc\u00eda) en la Escuela Andaluza de Salud P\u00fablica, S\u00e1nchez Rubio ha recordado que \u201cm\u00e1s del 60% de las prestaciones concedidas por la Junta est\u00e1n relacionadas con estos servicios de proximidad, de gran importancia para evitar el desarraigo y mantener en su entorno habitual a las personas beneficiarias de la Ley de Dependencia\u201d.<\/p>\n<p style=\"text-align: justify;\">\n<p style=\"text-align: justify;\">Desde la puesta en marcha de esta norma estatal, se han generado en la comunidad aut\u00f3noma andaluza m\u00e1s de 45.000 empleos, de los cuales en torno a 18.000 son de personas que trabajan en ayuda a domicilio. Actualmente, con m\u00e1s de 218.000 prestaciones concedidas y cerca de 163.000 personas beneficiarias, Andaluc\u00eda se sit\u00faa a la cabeza en cuanto a garante de este derecho, \u201cdemostrando que la dependencia es sostenible y supone una aut\u00e9ntica inversi\u00f3n social, con retornos en este \u00e1mbito y en el econ\u00f3mico, en cuanto a los empleos que se generan y la revitalizaci\u00f3n que produce en las entidades colaboradoras\u201d, ha enfatizado.<\/p>\n<p style=\"text-align: justify;\">\n<p style=\"text-align: justify;\">Si en personas beneficiarias y prestaciones, Andaluc\u00eda representa el 22% y el 23,2% del total nacional, respectivamente; en ayuda a domicilio, la apuesta andaluza asciende al 34%; y en teleasistencia, al 45%. Son m\u00e1s de 8.000 millones euros los invertidos por la Junta desde la entrada en vigor de la Ley, financiando actualmente el 78% de la misma.<\/p>\n<p style=\"text-align: justify;\">\n<p style=\"text-align: justify;\">En los presupuestos de la Junta de Andaluc\u00eda para 2015 se consignan 1.131 millones (alrededor de 3 millones al d\u00eda), pr\u00e1cticamente lo mismo que el Gobierno destina al conjunto de Espa\u00f1a (1.200 millones). Este importe permitir\u00e1, entre otros, cubrir una oferta de 40.700 plazas concertadas para mayores y personas con discapacidad en atenci\u00f3n residencial y estancia diurna, as\u00ed como una previsi\u00f3n de m\u00e1s de 25 millones de horas de servicio de ayuda a domicilio o de ayuda a m\u00e1s de 83.000 personas para el cuidado de sus familiares.<\/p>\n<p style=\"text-align: justify;\">\n<p style=\"text-align: justify;\">\u00a0\u00a0\u00a0\u00a0\u00a0\u00a0\u00a0\u00a0\u00a0\u00a0\u00a0 S\u00e1nchez Rubio ha subrayado el compromiso adquirido &#8220;con la sostenibilidad de Ley de Dependencia y los servicios sociales por parte del gobierno auton\u00f3mico\u201d, y ha recordado el compromiso de la presidenta de la Junta en funciones de \u201cincrementar del 10% anual a lo largo de la legislatura para incorporar al sistema a nuevos dependientes&#8221;.<\/p>\n<p style=\"text-align: justify;\">\u00a0<a href=\"http:\/\/granadacosta.es\/wp-content\/uploads\/2015\/05\/20150515_101945.jpg\"><img decoding=\"async\" loading=\"lazy\" class=\"aligncenter size-large wp-image-1308\" src=\"http:\/\/granadacosta.es\/wp-content\/uploads\/2015\/05\/20150515_101945-1024x576.jpg\" alt=\"20150515_101945\" width=\"1024\" height=\"576\" \/><\/a><\/p>\n<p style=\"text-align: justify;\"><strong>Atenci\u00f3n a las personas con una enfermedad mental <\/strong><\/p>\n<p style=\"text-align: justify;\">\n<p style=\"text-align: justify;\">S\u00e1nchez Rubio ha querido, asimismo, concretar el valor de los servicios de proximidad para las personas con una enfermedad mental y sus familias. Y lo ha hecho durante el encuentro con el que FEAFES Andaluc\u00eda, que aglutina a m\u00e1s de 5.000 familias andaluzas en 13 asociaciones, ha reunido en Granada a m\u00e1s de un centenar de profesionales de diferentes \u00e1mbitos: salud mental y atenci\u00f3n primaria, trabajo social, trabajadores de ayuda a domicilio y gerentes de empresas prestadoras de servicios a personas afectadas por un problema de salud mental. \u201cNecesitamos innovar, buscando atender mejor las necesidades de la poblaci\u00f3n, en aras de una mayor autonom\u00eda, respetando la dignidad y los derechos, evitando paternalismos y protagonismos profesionales\u201d, ha afirmado la titular en funciones de Igualdad, Salud y Pol\u00edticas Sociales.<\/p>\n<p style=\"text-align: justify;\">\n<p style=\"text-align: justify;\">Es en esta l\u00ednea en la que tambi\u00e9n se ha manifestado la presidenta de FEAFES-Andaluc\u00eda, Concha Cuevas, quien ve necesario analizar y debatir sobre la posible necesidad de la prestaci\u00f3n del servicio de la ayuda a domicilio con personal especializado en salud mental para posibilitar el proyecto vital de estas personas en su entorno de vida. Cueva ha reconocido lo avanzado ya: \u201cNuestra comunidad aut\u00f3noma parte de una buena base social de atenci\u00f3n a la dependencia pero hay que revisar las\u00a0 necesidades de acompa\u00f1amiento y apoyo que se est\u00e1n prestando, concretamente a nuestro colectivo, con el fin de lograr la recuperaci\u00f3n y autonom\u00eda personal que pueden ser prestados en este servicio\u201d.<\/p>\n<p style=\"text-align: justify;\">\n<p style=\"text-align: justify;\">S\u00e1nchez Rubio ha destacado el papel del Plan Integral de Salud Mental de Andaluc\u00eda para alinear todos los esfuerzos en la misma direcci\u00f3n, centrados en las personas que viven con una enfermedad mental. Desde la Fundaci\u00f3n Andaluza para la Integraci\u00f3n Social de este colectivo (FAISEM), dependiente de la Consejer\u00eda de Igualdad, Salud y Pol\u00edticas Sociales, se atiende en programa residencial a casi 2.000 personas con problemas graves de salud mental en Andaluc\u00eda, bien en casas hogar, en viviendas supervisadas, en atenci\u00f3n domiciliaria o en residencias convenidas.<\/p>\n<p style=\"text-align: justify;\">\n<p style=\"text-align: justify;\">En el programa de soporte diurno, se cuenta con 789 plazas distribuidas en 26 centros de d\u00eda y con 2.025 plazas para el desarrollo de casi un centenar de talleres. La labor que realiza esta Fundaci\u00f3n de responsabilidad p\u00fablica en la promoci\u00f3n de h\u00e1bitos de vida saludable y relaciones sociales e integradoras es tambi\u00e9n clave. Como ejemplo, impulsa la participaci\u00f3n de las personas afectadas y sus familias en el Programa de Ocio y Tiempo Libre de la Junta y fomenta la pertenencia a clubes sociales; al igual que participa activamente en el proyecto \u2018Por un mill\u00f3n de pasos\u2019 y en numerosas actividades deportivas.<\/p>\n<p style=\"text-align: justify;\">\n<p style=\"text-align: justify;\">S\u00e1nchez Rubio ha querido destacar igualmente la importante red de empresas sociales que ofrecen empleo a las personas con trastorno mental grave, con el objetivo de reducir las tasas de desempleo tan elevadas que sufre este colectivo (en torno al 80-90%). Seg\u00fan los \u00faltimos datos disponibles, se han contratado a m\u00e1s de medio millar de personas en estas empresas, as\u00ed como en otros centros de especiales de empleo y empresas de mercado abierto.<\/p>\n<p style=\"text-align: justify;\">\n<p style=\"text-align: justify;\">De igual modo, FAISEM atiende a personas con trastorno mental en riesgo de exclusi\u00f3n social, con programas espec\u00edficos para evitar la marginaci\u00f3n. Asimismo, presta atenci\u00f3n a las personas internadas en instituciones penitenciarias, fundamentalmente con recursos de soporte diurno.<\/p>\n","protected":false},"excerpt":{"rendered":"<p>La consejera ha destacado en Granada que el sector de la dependencia ha generado m\u00e1s de 45.000 empleos en los&hellip;<\/p>\n","protected":false},"author":2,"featured_media":1309,"comment_status":"open","ping_status":"open","sticky":false,"template":"","format":"standard","meta":{"om_disable_all_campaigns":false,"_mi_skip_tracking":false,"_monsterinsights_sitenote_active":false,"_monsterinsights_sitenote_note":"","_monsterinsights_sitenote_category":0,"footnotes":""},"categories":[21,22],"tags":[],"aioseo_notices":[],"_links":{"self":[{"href":"https:\/\/granadacostaglobal.es\/index.php?rest_route=\/wp\/v2\/posts\/1307"}],"collection":[{"href":"https:\/\/granadacostaglobal.es\/index.php?rest_route=\/wp\/v2\/posts"}],"about":[{"href":"https:\/\/granadacostaglobal.es\/index.php?rest_route=\/wp\/v2\/types\/post"}],"author":[{"embeddable":true,"href":"https:\/\/granadacostaglobal.es\/index.php?rest_route=\/wp\/v2\/users\/2"}],"replies":[{"embeddable":true,"href":"https:\/\/granadacostaglobal.es\/index.php?rest_route=%2Fwp%2Fv2%2Fcomments&post=1307"}],"version-history":[{"count":0,"href":"https:\/\/granadacostaglobal.es\/index.php?rest_route=\/wp\/v2\/posts\/1307\/revisions"}],"wp:featuredmedia":[{"embeddable":true,"href":"https:\/\/granadacostaglobal.es\/index.php?rest_route=\/"}],"wp:attachment":[{"href":"https:\/\/granadacostaglobal.es\/index.php?rest_route=%2Fwp%2Fv2%2Fmedia&parent=1307"}],"wp:term":[{"taxonomy":"category","embeddable":true,"href":"https:\/\/granadacostaglobal.es\/index.php?rest_route=%2Fwp%2Fv2%2Fcategories&post=1307"},{"taxonomy":"post_tag","embeddable":true,"href":"https:\/\/granadacostaglobal.es\/index.php?rest_route=%2Fwp%2Fv2%2Ftags&post=1307"}],"curies":[{"name":"wp","href":"https:\/\/api.w.org\/{rel}","templated":true}]}}