{"id":12841,"date":"2017-06-06T15:15:07","date_gmt":"2017-06-06T15:15:07","guid":{"rendered":"http:\/\/granadacostanacional.es\/?p=12841"},"modified":"2017-06-06T15:15:07","modified_gmt":"2017-06-06T15:15:07","slug":"cultura-flamenca-lxvii-flamenco-y-toros-xxxix-hermanos-gitanillo-de-triana","status":"publish","type":"post","link":"https:\/\/granadacostaglobal.es\/?p=12841","title":{"rendered":"CULTURA   FLAMENCA (LXVII) FLAMENCO  Y  TOROS (XXXIX). HERMANOS  \u201cGITANILLO DE TRIANA\u201d"},"content":{"rendered":"<p style=\"text-align: justify;\">\u201cYO CREO, SERRANA,<\/p>\n<p style=\"text-align: justify;\">QUE HABR\u00c1 TORER\u00cdA<\/p>\n<p style=\"text-align: justify;\">MIENTRAS\u00a0 NAZCAN\u00a0 TOREROS GITANOS<\/p>\n<p style=\"text-align: justify;\">Y\u00a0 EL SOL\u00a0 CADA\u00a0 D\u00cdA\u201d. (Cancionero Popular Taurino, p\u00e1g. 60. Madrid, 1963).<\/p>\n<p style=\"text-align: justify;\">\n<p style=\"text-align: justify;\">\u00a0\u00a0\u00a0\u00a0\u00a0\u00a0 Con fecha 28 de febrero de 2015 &#8211; cfr. \u201cGranada Costa\u201d, p\u00e1g. 27 \u2013 escrib\u00ed la semblanza biogr\u00e1fica y art\u00edstica de Francisco Vega de los Reyes, conocido en el mundo de la tauromaquia por \u201cGitanillo de Triana\u201d (1904 \u2013 1931), tambi\u00e9n como \u201cCurro Puya\u201d, quien ha sido considerado como, posiblemente, el que mejor ha manejado el capote, desde que el toreo existe. Gitanillo de Triana\/Curro\u00a0 Puya naci\u00f3 en el famoso e hist\u00f3rico barrio de Triana (Sevilla), cuna de\u00a0 artistas flamencos\u00a0 y toreros, que han inmortalizado a la capital de Andaluc\u00eda.<\/p>\n<p style=\"text-align: justify;\">\u00a0\u00a0\u00a0\u00a0 Rafael R\u00edos, su bi\u00f3grafo, nos dice que \u201c&#8230; su oficio, para no desmentir la tradici\u00f3n gitana y trianera, fue la de herrero; y all\u00ed, en\u00a0 el duro\u00a0 yunque de las fraguas de\u00a0 la\u00a0 Cava, fue elaborando la idea de hacerse torero, torero de cartel, para que\u00a0 el \u201cmartinete\u201d &#8211; cante fundamental del flamenco \u2013 que\u00a0 acompa\u00f1aba su son en el trabajo fuera tambi\u00e9n su comp\u00e1s cuando se\u00a0 abriera de capa en ver\u00f3nicas monumentales\u201d, cfr. \u201cTauromaquia\u00a0 fundamental\u201d, p\u00e1g. 105\u00a0 (Universidad de Sevilla, 1974). Se corri\u00f3\u00a0 la voz que Sevilla\u00a0 contaba ya con un torero que torea a la ver\u00f3nica como nunca se hab\u00eda visto; que le da a cada lance una belleza\u00a0 y una lentitud que, m\u00e1s tarde, para\u00a0 definirlo, un destacado cr\u00edtico dir\u00eda: \u201cSe me ha parado el\u00a0 reloj\u201d. O\u00a0 aquella otra famos\u00edsima: \u201c A Gitanillo se le para el coraz\u00f3n\u00a0 en cada ver\u00f3nica\u201d. Otra\u00a0 gracia, natural, importante de Francisco\u00a0 Vega \u201cGitanillo de Triana\u201d ser\u00e1 que con \u00e9l se rompe ese comprobado\u00a0 miedo de los toreros gitanos. \u00a1Nada m\u00e1s lejano en\u00a0 el\u00a0 arte\u00a0 del trianero!.<\/p>\n<p style=\"text-align: justify;\">\u00a0\u00a0\u00a0\u00a0\u00a0 De\u00a0 Curro Puya tambi\u00e9n se dice que fue artista &#8211; \u00a1y qu\u00e9 artista! &#8211; valiente, que jam\u00e1s cay\u00f3\u00a0 en esa\u00a0 indolencia y ese p\u00e1nico \u2013 m\u00e1s m\u00edtico que psicoantropol\u00f3gico \u2013 muy caracter\u00edstico de los toreros cal\u00e9s.\u00a0 Era la valent\u00eda personificada; pero un toro, de nombre \u201cFandanguero\u201d (Madrid, 31\/05\/1931), al darle\u00a0 un pase\u00a0 por alto, fue enganchado y derribado por \u00e9l, infiri\u00e9ndole varias cornadas, a consecuencia de las cuales\u00a0 falleci\u00f3 tres meses despu\u00e9s: 14 de agosto de 1931. Sevilla honr\u00f3 su memoria dedic\u00e1ndole una calle: \u201cGitanillo de Triana\u201d.<\/p>\n<p style=\"text-align: justify;\">\u00a0 Valgan estas palabras m\u00edas como p\u00f3stumo homenaje a Gitanillo de Triana (I) porque<\/p>\n<p style=\"text-align: justify;\">no s\u00f3lo fue extraordinario torero, sino que gustaba\u00a0 e interpretaba bien los cantes\u00a0 \u201cm\u00e1s gitanos\u201d del frondoso \u00e1rbol flamenco: Ton\u00e1s, Seguiriyas, Soleares, Tangos y Buler\u00edas. Los cancioneros taurinos lo recuerdan con mucha frecuencia. Pongo aqu\u00ed, al menos, esta famosa copla:<\/p>\n<p style=\"text-align: justify;\">CAPOTE DE CURRO\u00a0 PUYA,<\/p>\n<p style=\"text-align: justify;\">QUE SE QUED\u00d3\u00a0 DONDE EST\u00c1,<\/p>\n<p style=\"text-align: justify;\">QUE LAS MANOS DE NINGUNO<\/p>\n<p style=\"text-align: justify;\">LE\u00a0 PUEDEN NI TROPEZAR\u201d ( Sole\u00e1, Ca\u00f1a, Tientos, Ton\u00e1, etc&#8230;).<\/p>\n<p style=\"text-align: justify;\">\n<p style=\"text-align: justify;\">RAFAEL VEGA \u201cGitanillo de Triana\u201d . Hermano del desdichado Francisco, nacido tambi\u00e9n en Sevilla, en el barrio de Triana, el 21 de marzo de 1915. Se present\u00f3 en Madrid, como \u201cnovillero\u201d, el 22 de junio de 1933, para estoquear, junto\u00a0 a Florentino\u00a0 Ballesteros y Peric\u00e1s, reses de Villamarta. Toma la alternativa el 19 de agosto de aquel mismo a\u00f1o, en M\u00e1laga, siendo su padrino Domingo Ortega (1908 -1988). En Madrid se la confirm\u00f3\u00a0 Marcial\u00a0 Lalanda (1903 -1990), el 24 de mayo de 1934, al cederle el toro\u00a0 \u201cMayoral\u201d de la divisa de don Juan Terrones. Tras el\u00a0 obligado par\u00e9ntesis de la guerra civil, vuelve a los ruedos pero con pocas actuaciones. En 1944 comienza a alternar con Manolete y pronto se nota el favor del diestro cordob\u00e9s en el n\u00famero de funciones que act\u00faa Gitanillo de Triana, llegando\u00a0 a participar\u00a0 en 43 corridas en\u00a0 1947, triste a\u00f1o para el mundo de los toros: muerte de Manolete\u00a0 en la plaza de Linares. All\u00ed estaban\u00a0 Rafael Vega de los Reyes y Lu\u00eds Miguel Domingu\u00edn. Su \u00faltima corrida la tore\u00f3 en la madrile\u00f1a plaza de Vista Alegre (24\/08\/1952), en uni\u00f3n\u00a0 de Pepe Domingu\u00edn y Humberto Moro. El 24 de mayo de 1969 hallaron la muerte \u00e9l y su hijo pol\u00edtico, el matador de toros venezolano H\u00e9ctor \u00c1lvarez, en accidente de automovil registrado en Belinch\u00f3n (Cuenca) tras haber pasado la noche en una fiesta que Lu\u00eds Miguel Domingu\u00edn hab\u00eda dado en su finca \u201cVilla Paz\u201d.<\/p>\n<p style=\"text-align: justify;\">\u00a0\u00a0\u00a0\u00a0 Este ilustre trianero fue, sin la menor duda, un matador de toros de gran\u00a0 clase y hondo sabor, pero tambi\u00e9n\u00a0 destac\u00f3 por sus bailes flamencos y sus \u201ccantes de ley\u201d (Ton\u00e1s, seguiriyas, soleares, tangos), que tanto admiraba su amigo y protector Manuel Rodriguez \u201cManolete\u201d. Es cosa f\u00e1cil de explicar el arte tauroflamenco de Rafael, sabiendo que\u00a0 proced\u00eda \u2013 como su hermano Curro Puya, heredero del sobrenombre familiar \u2013 de la ensolerada rama trianera y cantaora de los \u201cPuya\u201d, con la que aparecen asimismo emparentados los cantaores sevillanos Culata (Pepe y Enrique)\u00a0\u00a0 y el actual cantaor Curro Fern\u00e1ndez. Una a\u00f1eja copla de Ton\u00e1 nos da cuenta de esta jonda alcurnia:<\/p>\n<p style=\"text-align: justify;\">\u201cA\u00a0 MI ME DICEN\u00a0 CURRO\u00a0 PUYA<\/p>\n<p style=\"text-align: justify;\">POR LA TIERRA\u00a0 Y\u00a0 POR EL MAR,<\/p>\n<p style=\"text-align: justify;\">Y\u00a0 EN\u00a0 EL\u00a0 BARRIO\u00a0 DE\u00a0 TRIANA<\/p>\n<p style=\"text-align: justify;\">LA\u00a0 PIEDRA\u00a0 FUNDAMENTAL\u201d.<\/p>\n<p style=\"text-align: justify;\">\u00a0\u00a0\u00a0 Rafael Vega \u201cGitanillo de Triana\u201d estuvo casado con una hija de la c\u00e9lebre bailaora Pastora\u00a0 Imperio (Pastora\u00a0 Rojas Monje,1889 -1979), y, adem\u00e1s, realiz\u00f3 durante mucho tiempo la\u00a0 profesi\u00f3n\u00a0 de \u201cEmpresario flamenco\u201d, de manera especial en el famoso\u00a0 \u201cTablao El Duende\u201d, de Madrid, dirigido art\u00edsticamente por Pastora Imperio. Por tanto, Rafael conoc\u00eda bien el mundo del espect\u00e1culo. Creo que ya habr\u00e1n captado\u00a0\u00a0 mis lectores\u00a0 el\u00a0 porqu\u00e9 de la estrecha relaci\u00f3n entre Flamenco y\u00a0 Toros:\u00a0 dos manifestaciones art\u00edsticoculturales que definen\u00a0 la realidad hist\u00f3rica, social y cultural de\u00a0 Andaluc\u00eda.<\/p>\n<p style=\"text-align: justify;\">\u00a0 El famoso escritor Ram\u00f3n P\u00e9rez de Ayala (1881 \u2013 1962) nos dej\u00f3 dicho: \u201cEl nacimiento de la Fiesta coincide con el nacimiento de la nacionalidad espa\u00f1ola y con la\u00a0 lengua de Castilla&#8230;; as\u00ed pues, las corridas de toros son una cosa tan nuestra, tan obligada por la naturaleza y la historia como el habla que hablamos\u201d. Reflexionen, pues, los\u00a0 \u201cignorantes antitaurinos\u201d.<\/p>\n<p style=\"text-align: justify;\">\n<p style=\"text-align: right;\"><em><strong>Alfredo\u00a0 Arrebola, Profesor \u2013 Cantaor<\/strong><\/em><\/p>\n","protected":false},"excerpt":{"rendered":"<p>\u201cYO CREO, SERRANA, QUE HABR\u00c1 TORER\u00cdA MIENTRAS\u00a0 NAZCAN\u00a0 TOREROS GITANOS Y\u00a0 EL SOL\u00a0 CADA\u00a0 D\u00cdA\u201d. (Cancionero Popular Taurino, p\u00e1g. 60.&hellip;<\/p>\n","protected":false},"author":2,"featured_media":12842,"comment_status":"open","ping_status":"open","sticky":false,"template":"","format":"standard","meta":{"om_disable_all_campaigns":false,"_mi_skip_tracking":false,"_monsterinsights_sitenote_active":false,"_monsterinsights_sitenote_note":"","_monsterinsights_sitenote_category":0,"footnotes":""},"categories":[21],"tags":[],"aioseo_notices":[],"_links":{"self":[{"href":"https:\/\/granadacostaglobal.es\/index.php?rest_route=\/wp\/v2\/posts\/12841"}],"collection":[{"href":"https:\/\/granadacostaglobal.es\/index.php?rest_route=\/wp\/v2\/posts"}],"about":[{"href":"https:\/\/granadacostaglobal.es\/index.php?rest_route=\/wp\/v2\/types\/post"}],"author":[{"embeddable":true,"href":"https:\/\/granadacostaglobal.es\/index.php?rest_route=\/wp\/v2\/users\/2"}],"replies":[{"embeddable":true,"href":"https:\/\/granadacostaglobal.es\/index.php?rest_route=%2Fwp%2Fv2%2Fcomments&post=12841"}],"version-history":[{"count":0,"href":"https:\/\/granadacostaglobal.es\/index.php?rest_route=\/wp\/v2\/posts\/12841\/revisions"}],"wp:featuredmedia":[{"embeddable":true,"href":"https:\/\/granadacostaglobal.es\/index.php?rest_route=\/"}],"wp:attachment":[{"href":"https:\/\/granadacostaglobal.es\/index.php?rest_route=%2Fwp%2Fv2%2Fmedia&parent=12841"}],"wp:term":[{"taxonomy":"category","embeddable":true,"href":"https:\/\/granadacostaglobal.es\/index.php?rest_route=%2Fwp%2Fv2%2Fcategories&post=12841"},{"taxonomy":"post_tag","embeddable":true,"href":"https:\/\/granadacostaglobal.es\/index.php?rest_route=%2Fwp%2Fv2%2Ftags&post=12841"}],"curies":[{"name":"wp","href":"https:\/\/api.w.org\/{rel}","templated":true}]}}